{"id":25600,"date":"2023-07-27T05:53:32","date_gmt":"2023-07-27T04:53:32","guid":{"rendered":"https:\/\/sven-ove.nu\/?p=25600"},"modified":"2023-07-27T05:55:43","modified_gmt":"2023-07-27T04:55:43","slug":"en-stark-rost-i-varlden","status":"publish","type":"post","link":"https:\/\/sven-ove.nu\/?p=25600","title":{"rendered":"En stark r\u00f6st i v\u00e4rlden"},"content":{"rendered":"\n<figure class=\"wp-block-image size-large\"><a href=\"https:\/\/sven-ove.nu\/wp-content\/uploads\/2023\/07\/Sverige-scaled.jpeg\"><img loading=\"lazy\" decoding=\"async\" width=\"896\" height=\"1024\" src=\"https:\/\/sven-ove.nu\/wp-content\/uploads\/2023\/07\/Sverige-896x1024.jpeg\" alt=\"\" class=\"wp-image-25601\" srcset=\"https:\/\/sven-ove.nu\/wp-content\/uploads\/2023\/07\/Sverige-896x1024.jpeg 896w, https:\/\/sven-ove.nu\/wp-content\/uploads\/2023\/07\/Sverige-262x300.jpeg 262w, https:\/\/sven-ove.nu\/wp-content\/uploads\/2023\/07\/Sverige-768x878.jpeg 768w, https:\/\/sven-ove.nu\/wp-content\/uploads\/2023\/07\/Sverige-1344x1536.jpeg 1344w, https:\/\/sven-ove.nu\/wp-content\/uploads\/2023\/07\/Sverige-1791x2048.jpeg 1791w\" sizes=\"auto, (max-width: 896px) 100vw, 896px\" \/><\/a><\/figure>\n\n\n\n<p class=\"wp-block-paragraph\">Det var Vietnam-r\u00f6relsen.<br>Det var Chilekommitt\u00e9n.<br>Det var opinionsarbetet mot apartheid i Sydafrika.<br>Det var solidariteten med folken i kolonierna n\u00e4r de ville befria sig.<br>Det var fredsarbetet i FN.<br>Det var samarbetet med de alliansfria staterna.<br>Det var v\u00e5r starka r\u00f6st i v\u00e4rlden.<br>Det var Sveriges statsministers tal n\u00e4r USA bombade Hanoi julen 1972:<\/p>\n\n\n\n<p class=\"wp-block-paragraph\"><em>Man b\u00f6r kalla saker och ting vid deras r\u00e4tta namn. Det som nu p\u00e5g\u00e5r i Vietnam \u00e4r en form av tortyr. &#8212;<\/em><em><\/em><\/p>\n\n\n\n<p class=\"wp-block-paragraph\"><em>Det man g\u00f6r \u00e4r att pl\u00e5ga m\u00e4nniskor, pl\u00e5ga en nation f\u00f6r att f\u00f6r\u00f6dmjuka den, tvinga den till underkastelse inf\u00f6r maktspr\u00e5k. &#8212;<\/em><\/p>\n\n\n\n<p class=\"wp-block-paragraph\"><em>Och d\u00e4rf\u00f6r \u00e4r bombningarna ett illd\u00e5d. Och av det har vi m\u00e5nga exempel i den moderna historien. Och de \u00e4r i allm\u00e4nhet f\u00f6rbundna med ett namn: Guernica, Oradour, Babij Jar, Katy\u0144, Lidice, Sharpeville, Treblinka. D\u00e4r har v\u00e5ldet triumferat. Men efterv\u00e4rldens dom har fallit h\u00e5rd \u00f6ver dem som burit ansvaret.<\/em><\/p>\n\n\n\n<p class=\"wp-block-paragraph\"><em>Nu fogas ett nytt namn till raden: Hanoi, julen 1972.<\/em><\/p>\n\n\n\n<p class=\"wp-block-paragraph\">Det var d\u00e5.<\/p>\n\n\n\n<p class=\"wp-block-paragraph\"><\/p>\n\n\n\n<p class=\"wp-block-paragraph\"><\/p>\n\n\n\n<figure class=\"wp-block-image size-large is-resized\"><a href=\"https:\/\/sven-ove.nu\/wp-content\/uploads\/2023\/07\/Skarmavbild-2023-07-27-kl.-06.37.17.png\"><img loading=\"lazy\" decoding=\"async\" src=\"https:\/\/sven-ove.nu\/wp-content\/uploads\/2023\/07\/Skarmavbild-2023-07-27-kl.-06.37.17-1024x707.png\" alt=\"\" class=\"wp-image-25602\" width=\"768\" height=\"530\" srcset=\"https:\/\/sven-ove.nu\/wp-content\/uploads\/2023\/07\/Skarmavbild-2023-07-27-kl.-06.37.17-1024x707.png 1024w, https:\/\/sven-ove.nu\/wp-content\/uploads\/2023\/07\/Skarmavbild-2023-07-27-kl.-06.37.17-300x207.png 300w, https:\/\/sven-ove.nu\/wp-content\/uploads\/2023\/07\/Skarmavbild-2023-07-27-kl.-06.37.17-768x530.png 768w, https:\/\/sven-ove.nu\/wp-content\/uploads\/2023\/07\/Skarmavbild-2023-07-27-kl.-06.37.17.png 1176w\" sizes=\"auto, (max-width: 768px) 100vw, 768px\" \/><\/a><\/figure>\n\n\n\n<p class=\"has-light-gray-background-color has-background wp-block-paragraph\"><a href=\"https:\/\/sven-ove.nu\/\">Hem<\/a>&nbsp;|&nbsp;<a href=\"https:\/\/sven-ove.nu\/?page_id=170\">Om mig<\/a>&nbsp;|&nbsp;<a href=\"https:\/\/sven-ove.nu\/?page_id=1385\">Skriva &amp; prata<\/a>&nbsp;|&nbsp;<a href=\"https:\/\/sven-ove.nu\/?page_id=100\">Politik<\/a>&nbsp;|&nbsp;<a href=\"https:\/\/sven-ove.nu\/?page_id=102\">L\u00f6pa<\/a>&nbsp;|&nbsp;<a href=\"https:\/\/sven-ove.nu\/?page_id=108\">Viktor Root<\/a>&nbsp;&nbsp;<br><em>Inl\u00e4gg nr 2 280, (c) Sven-Ove Svensson (men dela g\u00e4rna<\/em>)<\/p>\n","protected":false},"excerpt":{"rendered":"<p>Det var Vietnam-r\u00f6relsen.Det var Chilekommitt\u00e9n.Det var opinionsarbetet mot apartheid i Sydafrika.Det var solidariteten med folken i kolonierna n\u00e4r de ville befria sig.Det var fredsarbetet i FN.Det var samarbetet med de alliansfria staterna.Det var v\u00e5r starka r\u00f6st i v\u00e4rlden.Det var Sveriges statsministers tal n\u00e4r USA bombade Hanoi julen 1972: Man b\u00f6r kalla saker och ting vid &hellip; <a href=\"https:\/\/sven-ove.nu\/?p=25600\" class=\"more-link\">Forts\u00e4tt l\u00e4sa <span class=\"screen-reader-text\">En stark r\u00f6st i v\u00e4rlden<\/span><\/a><\/p>\n","protected":false},"author":1,"featured_media":0,"comment_status":"closed","ping_status":"open","sticky":false,"template":"","format":"standard","meta":{"_crdt_document":"","_monsterinsights_skip_tracking":false,"_monsterinsights_sitenote_active":false,"_monsterinsights_sitenote_note":"","_monsterinsights_sitenote_category":0,"footnotes":""},"categories":[9],"tags":[17],"class_list":["post-25600","post","type-post","status-publish","format-standard","hentry","category-politik","tag-solidaritet"],"_links":{"self":[{"href":"https:\/\/sven-ove.nu\/index.php?rest_route=\/wp\/v2\/posts\/25600","targetHints":{"allow":["GET"]}}],"collection":[{"href":"https:\/\/sven-ove.nu\/index.php?rest_route=\/wp\/v2\/posts"}],"about":[{"href":"https:\/\/sven-ove.nu\/index.php?rest_route=\/wp\/v2\/types\/post"}],"author":[{"embeddable":true,"href":"https:\/\/sven-ove.nu\/index.php?rest_route=\/wp\/v2\/users\/1"}],"replies":[{"embeddable":true,"href":"https:\/\/sven-ove.nu\/index.php?rest_route=%2Fwp%2Fv2%2Fcomments&post=25600"}],"version-history":[{"count":5,"href":"https:\/\/sven-ove.nu\/index.php?rest_route=\/wp\/v2\/posts\/25600\/revisions"}],"predecessor-version":[{"id":25607,"href":"https:\/\/sven-ove.nu\/index.php?rest_route=\/wp\/v2\/posts\/25600\/revisions\/25607"}],"wp:attachment":[{"href":"https:\/\/sven-ove.nu\/index.php?rest_route=%2Fwp%2Fv2%2Fmedia&parent=25600"}],"wp:term":[{"taxonomy":"category","embeddable":true,"href":"https:\/\/sven-ove.nu\/index.php?rest_route=%2Fwp%2Fv2%2Fcategories&post=25600"},{"taxonomy":"post_tag","embeddable":true,"href":"https:\/\/sven-ove.nu\/index.php?rest_route=%2Fwp%2Fv2%2Ftags&post=25600"}],"curies":[{"name":"wp","href":"https:\/\/api.w.org\/{rel}","templated":true}]}}