{"id":25608,"date":"2023-07-28T04:23:00","date_gmt":"2023-07-28T03:23:00","guid":{"rendered":"https:\/\/sven-ove.nu\/?p=25608"},"modified":"2023-07-27T18:35:15","modified_gmt":"2023-07-27T17:35:15","slug":"den-egna-hembygdens-varde","status":"publish","type":"post","link":"https:\/\/sven-ove.nu\/?p=25608","title":{"rendered":"Den egna hembygdens v\u00e4rde"},"content":{"rendered":"\n<figure class=\"wp-block-image size-large\"><a href=\"https:\/\/sven-ove.nu\/wp-content\/uploads\/2023\/07\/Navgrotsko-scaled.jpeg\"><img loading=\"lazy\" decoding=\"async\" width=\"1016\" height=\"1024\" src=\"https:\/\/sven-ove.nu\/wp-content\/uploads\/2023\/07\/Navgrotsko-1016x1024.jpeg\" alt=\"\" class=\"wp-image-25609\" srcset=\"https:\/\/sven-ove.nu\/wp-content\/uploads\/2023\/07\/Navgrotsko-1016x1024.jpeg 1016w, https:\/\/sven-ove.nu\/wp-content\/uploads\/2023\/07\/Navgrotsko-298x300.jpeg 298w, https:\/\/sven-ove.nu\/wp-content\/uploads\/2023\/07\/Navgrotsko-150x150.jpeg 150w, https:\/\/sven-ove.nu\/wp-content\/uploads\/2023\/07\/Navgrotsko-768x774.jpeg 768w, https:\/\/sven-ove.nu\/wp-content\/uploads\/2023\/07\/Navgrotsko-1524x1536.jpeg 1524w, https:\/\/sven-ove.nu\/wp-content\/uploads\/2023\/07\/Navgrotsko-2032x2048.jpeg 2032w\" sizes=\"auto, (max-width: 1016px) 100vw, 1016px\" \/><\/a><\/figure>\n\n\n\n<blockquote class=\"wp-block-quote is-layout-flow wp-block-quote-is-layout-flow\">\n<p class=\"wp-block-paragraph\">Hon fyller 60 \u00e5r i \u00e5r, hembygdsveckan Gammelvala i Brunskog utanf\u00f6r Arvika.<\/p>\n<\/blockquote>\n\n\n\n<p class=\"wp-block-paragraph\">F\u00f6r oss har hon varit en v\u00e4n genom \u00e5ren. D\u00e4r har vi k\u00e4ftat med kvinnorna i linberedningen och karlarna vid kolmilan och hela tiden l\u00e4rt oss n\u00e5got nytt.<\/p>\n\n\n\n<p class=\"wp-block-paragraph\">Vi har k\u00f6pt hantverksalster av gammalt slag och fascinerats \u00f6ver papperstillverkning, t\u00e4ndkulemotorer och vadmalsstamp. \u00c4tit den obligatoriska n\u00e4vgr\u00f6ten med fl\u00e4sk (som \u00e4r godast just p\u00e5 Gammelvala) och f\u00f6rundrats \u00f6ver forna tiders repslagning och planks\u00e5gning f\u00f6r hand.<\/p>\n\n\n\n<p class=\"wp-block-paragraph\">I g\u00e5r var vi d\u00e4r igen. J\u00e4spalt vad jag hade saknat doften av milr\u00f6k och smaken av skr\u00e4dmj\u00f6l, vatten och salt med sidfl\u00e4sk och lingonsylt till.<\/p>\n\n\n\n<p class=\"wp-block-paragraph\">N\u00e5gon kakpeck k\u00f6pte vi inte.<br>Vi har redan en.<\/p>\n\n\n\n<p class=\"wp-block-paragraph\">Jag t\u00e4nkte p\u00e5 Ukraina n\u00e4stan hela tiden.<\/p>\n\n\n\n<figure class=\"wp-block-image size-large\"><a href=\"https:\/\/sven-ove.nu\/wp-content\/uploads\/2023\/07\/Vildhjarta1.jpeg\"><img loading=\"lazy\" decoding=\"async\" width=\"1024\" height=\"1011\" src=\"https:\/\/sven-ove.nu\/wp-content\/uploads\/2023\/07\/Vildhjarta1-1024x1011.jpeg\" alt=\"\" class=\"wp-image-25610\" srcset=\"https:\/\/sven-ove.nu\/wp-content\/uploads\/2023\/07\/Vildhjarta1-1024x1011.jpeg 1024w, https:\/\/sven-ove.nu\/wp-content\/uploads\/2023\/07\/Vildhjarta1-300x296.jpeg 300w, https:\/\/sven-ove.nu\/wp-content\/uploads\/2023\/07\/Vildhjarta1-768x758.jpeg 768w, https:\/\/sven-ove.nu\/wp-content\/uploads\/2023\/07\/Vildhjarta1-1536x1516.jpeg 1536w, https:\/\/sven-ove.nu\/wp-content\/uploads\/2023\/07\/Vildhjarta1-2048x2022.jpeg 2048w\" sizes=\"auto, (max-width: 1024px) 100vw, 1024px\" \/><\/a><\/figure>\n\n\n\n<figure class=\"wp-block-image size-large\"><a href=\"https:\/\/sven-ove.nu\/wp-content\/uploads\/2023\/07\/Vildhjarta2.jpeg\"><img loading=\"lazy\" decoding=\"async\" width=\"1024\" height=\"1024\" src=\"https:\/\/sven-ove.nu\/wp-content\/uploads\/2023\/07\/Vildhjarta2-1024x1024.jpeg\" alt=\"\" class=\"wp-image-25611\" srcset=\"https:\/\/sven-ove.nu\/wp-content\/uploads\/2023\/07\/Vildhjarta2-1024x1024.jpeg 1024w, https:\/\/sven-ove.nu\/wp-content\/uploads\/2023\/07\/Vildhjarta2-300x300.jpeg 300w, https:\/\/sven-ove.nu\/wp-content\/uploads\/2023\/07\/Vildhjarta2-150x150.jpeg 150w, https:\/\/sven-ove.nu\/wp-content\/uploads\/2023\/07\/Vildhjarta2-768x768.jpeg 768w, https:\/\/sven-ove.nu\/wp-content\/uploads\/2023\/07\/Vildhjarta2.jpeg 1141w\" sizes=\"auto, (max-width: 1024px) 100vw, 1024px\" \/><\/a><\/figure>\n\n\n\n<p class=\"has-text-align-right wp-block-paragraph\"><em>Pinnskulpturen ovan och texten p\u00e5 tr\u00e4plattan har Vildhj\u00e4rta gjort.<\/em><\/p>\n\n\n\n<figure class=\"wp-block-image size-large\"><a href=\"https:\/\/sven-ove.nu\/wp-content\/uploads\/2023\/07\/Skorstensmila-scaled.jpeg\"><img loading=\"lazy\" decoding=\"async\" width=\"1024\" height=\"1024\" src=\"https:\/\/sven-ove.nu\/wp-content\/uploads\/2023\/07\/Skorstensmila-1024x1024.jpeg\" alt=\"\" class=\"wp-image-25612\" srcset=\"https:\/\/sven-ove.nu\/wp-content\/uploads\/2023\/07\/Skorstensmila-1024x1024.jpeg 1024w, https:\/\/sven-ove.nu\/wp-content\/uploads\/2023\/07\/Skorstensmila-300x300.jpeg 300w, https:\/\/sven-ove.nu\/wp-content\/uploads\/2023\/07\/Skorstensmila-150x150.jpeg 150w, https:\/\/sven-ove.nu\/wp-content\/uploads\/2023\/07\/Skorstensmila-768x768.jpeg 768w, https:\/\/sven-ove.nu\/wp-content\/uploads\/2023\/07\/Skorstensmila-1536x1536.jpeg 1536w, https:\/\/sven-ove.nu\/wp-content\/uploads\/2023\/07\/Skorstensmila-2048x2048.jpeg 2048w\" sizes=\"auto, (max-width: 1024px) 100vw, 1024px\" \/><\/a><\/figure>\n\n\n\n<figure class=\"wp-block-image size-large\"><a href=\"https:\/\/sven-ove.nu\/wp-content\/uploads\/2023\/07\/Kakpecker-scaled.jpeg\"><img loading=\"lazy\" decoding=\"async\" width=\"1024\" height=\"502\" src=\"https:\/\/sven-ove.nu\/wp-content\/uploads\/2023\/07\/Kakpecker-1024x502.jpeg\" alt=\"\" class=\"wp-image-25613\" srcset=\"https:\/\/sven-ove.nu\/wp-content\/uploads\/2023\/07\/Kakpecker-1024x502.jpeg 1024w, https:\/\/sven-ove.nu\/wp-content\/uploads\/2023\/07\/Kakpecker-300x147.jpeg 300w, https:\/\/sven-ove.nu\/wp-content\/uploads\/2023\/07\/Kakpecker-768x376.jpeg 768w, https:\/\/sven-ove.nu\/wp-content\/uploads\/2023\/07\/Kakpecker-1536x752.jpeg 1536w, https:\/\/sven-ove.nu\/wp-content\/uploads\/2023\/07\/Kakpecker-2048x1003.jpeg 2048w\" sizes=\"auto, (max-width: 1024px) 100vw, 1024px\" \/><\/a><\/figure>\n\n\n\n<figure class=\"wp-block-image size-large\"><a href=\"https:\/\/sven-ove.nu\/wp-content\/uploads\/2023\/07\/Dockaivagn.jpeg\"><img loading=\"lazy\" decoding=\"async\" width=\"1024\" height=\"1024\" src=\"https:\/\/sven-ove.nu\/wp-content\/uploads\/2023\/07\/Dockaivagn-1024x1024.jpeg\" alt=\"\" class=\"wp-image-25614\" srcset=\"https:\/\/sven-ove.nu\/wp-content\/uploads\/2023\/07\/Dockaivagn-1024x1024.jpeg 1024w, https:\/\/sven-ove.nu\/wp-content\/uploads\/2023\/07\/Dockaivagn-300x300.jpeg 300w, https:\/\/sven-ove.nu\/wp-content\/uploads\/2023\/07\/Dockaivagn-150x150.jpeg 150w, https:\/\/sven-ove.nu\/wp-content\/uploads\/2023\/07\/Dockaivagn-768x768.jpeg 768w, https:\/\/sven-ove.nu\/wp-content\/uploads\/2023\/07\/Dockaivagn-1536x1536.jpeg 1536w, https:\/\/sven-ove.nu\/wp-content\/uploads\/2023\/07\/Dockaivagn-2048x2048.jpeg 2048w\" sizes=\"auto, (max-width: 1024px) 100vw, 1024px\" \/><\/a><\/figure>\n\n\n\n<figure class=\"wp-block-image size-large\"><a href=\"https:\/\/sven-ove.nu\/wp-content\/uploads\/2023\/07\/BonadDetalj.jpeg\"><img loading=\"lazy\" decoding=\"async\" width=\"1024\" height=\"571\" src=\"https:\/\/sven-ove.nu\/wp-content\/uploads\/2023\/07\/BonadDetalj-1024x571.jpeg\" alt=\"\" class=\"wp-image-25615\" srcset=\"https:\/\/sven-ove.nu\/wp-content\/uploads\/2023\/07\/BonadDetalj-1024x571.jpeg 1024w, https:\/\/sven-ove.nu\/wp-content\/uploads\/2023\/07\/BonadDetalj-300x167.jpeg 300w, https:\/\/sven-ove.nu\/wp-content\/uploads\/2023\/07\/BonadDetalj-768x429.jpeg 768w, https:\/\/sven-ove.nu\/wp-content\/uploads\/2023\/07\/BonadDetalj.jpeg 1129w\" sizes=\"auto, (max-width: 1024px) 100vw, 1024px\" \/><\/a><\/figure>\n\n\n\n<figure class=\"wp-block-image size-large\"><a href=\"https:\/\/sven-ove.nu\/wp-content\/uploads\/2023\/07\/Veterantraktor-scaled.jpeg\"><img loading=\"lazy\" decoding=\"async\" width=\"1024\" height=\"804\" src=\"https:\/\/sven-ove.nu\/wp-content\/uploads\/2023\/07\/Veterantraktor-1024x804.jpeg\" alt=\"\" class=\"wp-image-25616\" srcset=\"https:\/\/sven-ove.nu\/wp-content\/uploads\/2023\/07\/Veterantraktor-1024x804.jpeg 1024w, https:\/\/sven-ove.nu\/wp-content\/uploads\/2023\/07\/Veterantraktor-300x236.jpeg 300w, https:\/\/sven-ove.nu\/wp-content\/uploads\/2023\/07\/Veterantraktor-768x603.jpeg 768w, https:\/\/sven-ove.nu\/wp-content\/uploads\/2023\/07\/Veterantraktor-1536x1206.jpeg 1536w, https:\/\/sven-ove.nu\/wp-content\/uploads\/2023\/07\/Veterantraktor-2048x1608.jpeg 2048w\" sizes=\"auto, (max-width: 1024px) 100vw, 1024px\" \/><\/a><\/figure>\n\n\n\n<figure class=\"wp-block-image size-large\"><a href=\"https:\/\/sven-ove.nu\/wp-content\/uploads\/2023\/07\/Sagarplank-scaled.jpeg\"><img loading=\"lazy\" decoding=\"async\" width=\"824\" height=\"1024\" src=\"https:\/\/sven-ove.nu\/wp-content\/uploads\/2023\/07\/Sagarplank-824x1024.jpeg\" alt=\"\" class=\"wp-image-25617\" srcset=\"https:\/\/sven-ove.nu\/wp-content\/uploads\/2023\/07\/Sagarplank-824x1024.jpeg 824w, https:\/\/sven-ove.nu\/wp-content\/uploads\/2023\/07\/Sagarplank-241x300.jpeg 241w, https:\/\/sven-ove.nu\/wp-content\/uploads\/2023\/07\/Sagarplank-768x954.jpeg 768w, https:\/\/sven-ove.nu\/wp-content\/uploads\/2023\/07\/Sagarplank-1236x1536.jpeg 1236w, https:\/\/sven-ove.nu\/wp-content\/uploads\/2023\/07\/Sagarplank-1648x2048.jpeg 1648w\" sizes=\"auto, (max-width: 824px) 100vw, 824px\" \/><\/a><\/figure>\n\n\n\n<figure class=\"wp-block-image size-large\"><a href=\"https:\/\/sven-ove.nu\/wp-content\/uploads\/2023\/07\/Enbarsdricka.jpeg\"><img loading=\"lazy\" decoding=\"async\" width=\"1024\" height=\"1024\" src=\"https:\/\/sven-ove.nu\/wp-content\/uploads\/2023\/07\/Enbarsdricka-1024x1024.jpeg\" alt=\"\" class=\"wp-image-25618\" srcset=\"https:\/\/sven-ove.nu\/wp-content\/uploads\/2023\/07\/Enbarsdricka-1024x1024.jpeg 1024w, https:\/\/sven-ove.nu\/wp-content\/uploads\/2023\/07\/Enbarsdricka-300x300.jpeg 300w, https:\/\/sven-ove.nu\/wp-content\/uploads\/2023\/07\/Enbarsdricka-150x150.jpeg 150w, https:\/\/sven-ove.nu\/wp-content\/uploads\/2023\/07\/Enbarsdricka-768x768.jpeg 768w, https:\/\/sven-ove.nu\/wp-content\/uploads\/2023\/07\/Enbarsdricka-1536x1536.jpeg 1536w, https:\/\/sven-ove.nu\/wp-content\/uploads\/2023\/07\/Enbarsdricka.jpeg 1538w\" sizes=\"auto, (max-width: 1024px) 100vw, 1024px\" \/><\/a><\/figure>\n\n\n\n<figure class=\"wp-block-image size-large\"><a href=\"https:\/\/sven-ove.nu\/wp-content\/uploads\/2023\/07\/Dekal-scaled.jpeg\"><img loading=\"lazy\" decoding=\"async\" width=\"1024\" height=\"687\" src=\"https:\/\/sven-ove.nu\/wp-content\/uploads\/2023\/07\/Dekal-1024x687.jpeg\" alt=\"\" class=\"wp-image-25619\" srcset=\"https:\/\/sven-ove.nu\/wp-content\/uploads\/2023\/07\/Dekal-1024x687.jpeg 1024w, https:\/\/sven-ove.nu\/wp-content\/uploads\/2023\/07\/Dekal-300x201.jpeg 300w, https:\/\/sven-ove.nu\/wp-content\/uploads\/2023\/07\/Dekal-768x515.jpeg 768w, https:\/\/sven-ove.nu\/wp-content\/uploads\/2023\/07\/Dekal-1536x1031.jpeg 1536w, https:\/\/sven-ove.nu\/wp-content\/uploads\/2023\/07\/Dekal-2048x1374.jpeg 2048w\" sizes=\"auto, (max-width: 1024px) 100vw, 1024px\" \/><\/a><\/figure>\n\n\n\n<p class=\"wp-block-paragraph\"><\/p>\n\n\n\n<p class=\"has-light-blue-background-color has-background wp-block-paragraph\"><a href=\"https:\/\/sven-ove.nu\/\">Hem<\/a>&nbsp;|&nbsp;<a href=\"https:\/\/sven-ove.nu\/?page_id=170\">Om mig<\/a>&nbsp;|&nbsp;<a href=\"https:\/\/sven-ove.nu\/?page_id=1385\">Skriva &amp; prata<\/a>&nbsp;|&nbsp;<a href=\"https:\/\/sven-ove.nu\/?page_id=100\">Politik<\/a>&nbsp;|&nbsp;<a href=\"https:\/\/sven-ove.nu\/?page_id=102\">L\u00f6pa<\/a>&nbsp;|&nbsp;<a href=\"https:\/\/sven-ove.nu\/?page_id=108\">Viktor Root<\/a>&nbsp;&nbsp;<br><em>Inl\u00e4gg nr 2 281, (c) Sven-Ove Svensson (men dela g\u00e4rna<\/em>)<\/p>\n","protected":false},"excerpt":{"rendered":"<p>Hon fyller 60 \u00e5r i \u00e5r, hembygdsveckan Gammelvala i Brunskog utanf\u00f6r Arvika. F\u00f6r oss har hon varit en v\u00e4n genom \u00e5ren. D\u00e4r har vi k\u00e4ftat med kvinnorna i linberedningen och karlarna vid kolmilan och hela tiden l\u00e4rt oss n\u00e5got nytt. Vi har k\u00f6pt hantverksalster av gammalt slag och fascinerats \u00f6ver papperstillverkning, t\u00e4ndkulemotorer och vadmalsstamp. \u00c4tit &hellip; <a href=\"https:\/\/sven-ove.nu\/?p=25608\" class=\"more-link\">Forts\u00e4tt l\u00e4sa <span class=\"screen-reader-text\">Den egna hembygdens v\u00e4rde<\/span><\/a><\/p>\n","protected":false},"author":1,"featured_media":0,"comment_status":"closed","ping_status":"open","sticky":false,"template":"","format":"standard","meta":{"_crdt_document":"","_monsterinsights_skip_tracking":false,"_monsterinsights_sitenote_active":false,"_monsterinsights_sitenote_note":"","_monsterinsights_sitenote_category":0,"footnotes":""},"categories":[10,28,6],"tags":[3,8,24,18,14,13],"class_list":["post-25608","post","type-post","status-publish","format-standard","hentry","category-familjen","category-kreativt-folk","category-natur","tag-arbete","tag-historia","tag-karlek","tag-lardomar","tag-lasning","tag-utrustning"],"_links":{"self":[{"href":"https:\/\/sven-ove.nu\/index.php?rest_route=\/wp\/v2\/posts\/25608","targetHints":{"allow":["GET"]}}],"collection":[{"href":"https:\/\/sven-ove.nu\/index.php?rest_route=\/wp\/v2\/posts"}],"about":[{"href":"https:\/\/sven-ove.nu\/index.php?rest_route=\/wp\/v2\/types\/post"}],"author":[{"embeddable":true,"href":"https:\/\/sven-ove.nu\/index.php?rest_route=\/wp\/v2\/users\/1"}],"replies":[{"embeddable":true,"href":"https:\/\/sven-ove.nu\/index.php?rest_route=%2Fwp%2Fv2%2Fcomments&post=25608"}],"version-history":[{"count":3,"href":"https:\/\/sven-ove.nu\/index.php?rest_route=\/wp\/v2\/posts\/25608\/revisions"}],"predecessor-version":[{"id":25623,"href":"https:\/\/sven-ove.nu\/index.php?rest_route=\/wp\/v2\/posts\/25608\/revisions\/25623"}],"wp:attachment":[{"href":"https:\/\/sven-ove.nu\/index.php?rest_route=%2Fwp%2Fv2%2Fmedia&parent=25608"}],"wp:term":[{"taxonomy":"category","embeddable":true,"href":"https:\/\/sven-ove.nu\/index.php?rest_route=%2Fwp%2Fv2%2Fcategories&post=25608"},{"taxonomy":"post_tag","embeddable":true,"href":"https:\/\/sven-ove.nu\/index.php?rest_route=%2Fwp%2Fv2%2Ftags&post=25608"}],"curies":[{"name":"wp","href":"https:\/\/api.w.org\/{rel}","templated":true}]}}