{"id":25624,"date":"2023-07-31T04:13:00","date_gmt":"2023-07-31T03:13:00","guid":{"rendered":"https:\/\/sven-ove.nu\/?p=25624"},"modified":"2023-07-28T07:28:24","modified_gmt":"2023-07-28T06:28:24","slug":"sadant-som-ar-bra","status":"publish","type":"post","link":"https:\/\/sven-ove.nu\/?p=25624","title":{"rendered":"S\u00e5dant som \u00e4r bra"},"content":{"rendered":"\n<figure class=\"wp-block-image size-full\"><a href=\"https:\/\/sven-ove.nu\/wp-content\/uploads\/2023\/07\/Brasak.jpeg\"><img loading=\"lazy\" decoding=\"async\" width=\"886\" height=\"886\" src=\"https:\/\/sven-ove.nu\/wp-content\/uploads\/2023\/07\/Brasak.jpeg\" alt=\"\" class=\"wp-image-25625\" srcset=\"https:\/\/sven-ove.nu\/wp-content\/uploads\/2023\/07\/Brasak.jpeg 886w, https:\/\/sven-ove.nu\/wp-content\/uploads\/2023\/07\/Brasak-300x300.jpeg 300w, https:\/\/sven-ove.nu\/wp-content\/uploads\/2023\/07\/Brasak-150x150.jpeg 150w, https:\/\/sven-ove.nu\/wp-content\/uploads\/2023\/07\/Brasak-768x768.jpeg 768w\" sizes=\"auto, (max-width: 886px) 100vw, 886px\" \/><\/a><\/figure>\n\n\n\n<p class=\"wp-block-paragraph\"><\/p>\n\n\n\n<p class=\"has-medium-font-size wp-block-paragraph\"><\/p>\n\n\n\n<p class=\"wp-block-paragraph\">&#8211;<strong>I DEN LILLA V\u00c4RLDEN:<\/strong><\/p>\n\n\n\n<p class=\"wp-block-paragraph\">Min familj, l\u00f6plusten, skrivkl\u00e5dan, att plocka hallon i tr\u00e4dg\u00e5rden och kantareller en bit bort. Tjejerna i styrelsen jag \u00e4r med i, gubbvandringarna, de b\u00e5da bokcirklarna.<\/p>\n\n\n\n<p class=\"wp-block-paragraph\">Folk som h\u00e4lsar att de tycker om min kepsbok.<\/p>\n\n\n\n<p class=\"wp-block-paragraph\">Att leta stolpkontroller och l\u00e4sa b\u00f6cker. Att det finns s\u00e5 m\u00e5nga bra s\u00e4tt att kommunicera och skaffa information p\u00e5. Att k\u00f6ra elbil. Att fika och spela v\u00e4nd\u00e5tta. Fl\u00e4skfil\u00e9 gratinerad med kantareller. Att st\u00e5 p\u00e5 scenen och ha n\u00e5gonting att s\u00e4ga.<\/p>\n\n\n\n<p class=\"wp-block-paragraph\">Gamla Kraftstationen i Deje, Coop Forshaga, biblioteket, Fritidsbanken, Klar\u00e4lvsbanan, skogen, storspoven, tr\u00e4dpipl\u00e4rkan, \u00e4ngen, hammocken samt programmet Anteckningar i min mobil.<\/p>\n\n\n\n<p class=\"wp-block-paragraph\">Min medicin, alla fem pillren plus borrelia-penicillinet. Min solhatt. Min ryggs\u00e4ck f\u00f6r endagsturer. V\u00e5ra tre skratt om dagen.<\/p>\n\n\n\n<p class=\"wp-block-paragraph\">K\u00e4rleken.<br>Alltid k\u00e4rleken.<\/p>\n\n\n<div class=\"wp-block-image\">\n<figure class=\"alignright size-full is-resized\"><a href=\"https:\/\/sven-ove.nu\/wp-content\/uploads\/2023\/07\/Sjukvarden.jpeg\"><img loading=\"lazy\" decoding=\"async\" src=\"https:\/\/sven-ove.nu\/wp-content\/uploads\/2023\/07\/Sjukvarden.jpeg\" alt=\"\" class=\"wp-image-25626\" width=\"222\" height=\"222\" srcset=\"https:\/\/sven-ove.nu\/wp-content\/uploads\/2023\/07\/Sjukvarden.jpeg 886w, https:\/\/sven-ove.nu\/wp-content\/uploads\/2023\/07\/Sjukvarden-300x300.jpeg 300w, https:\/\/sven-ove.nu\/wp-content\/uploads\/2023\/07\/Sjukvarden-150x150.jpeg 150w, https:\/\/sven-ove.nu\/wp-content\/uploads\/2023\/07\/Sjukvarden-768x768.jpeg 768w\" sizes=\"auto, (max-width: 222px) 100vw, 222px\" \/><\/a><\/figure>\n<\/div>\n\n\n<p class=\"has-medium-font-size wp-block-paragraph\">&#8211;<strong>I DEN STORA V\u00c4RLDEN:<\/strong><\/p>\n\n\n\n<p class=\"wp-block-paragraph\">Tre bra Sommarpratare. Lantm\u00e4teriets Min Karta p\u00e5 webben. Att vi har demokrati, tryck- och yttrandefrihet. Att det trots allt blivit lite l\u00e4ttare i Sverige f\u00f6r den som \u00e4lskar n\u00e5gon av samma k\u00f6n.<\/p>\n\n\n\n<p class=\"wp-block-paragraph\">Viltstaket. Vajerv\u00e4gar. Vattenreningsverk. Bruce Springsteen, Monica Zetterlund och Allman Brothers (f\u00f6re 29 oktober 1971).<\/p>\n\n\n\n<p class=\"wp-block-paragraph\">Farth\u00e5llare. Cyklar. Sjukv\u00e5rden. 1177. Greta Thunberg. John Steinbeck, Kejsarn av Portugallien, Sandvargen, Werner Aspenstr\u00f6m och Kjell Eriksson. V\u00e5ra fyra \u00e5rstider.<\/p>\n\n\n\n<p class=\"wp-block-paragraph\">Det ukrainska folkets motst\u00e5ndsvilja.<br>Vattnets kretslopp.<br>Solen.<\/p>\n\n\n\n<p class=\"wp-block-paragraph\">Det ukrainska folkets fortsatta motst\u00e5ndsvilja.<\/p>\n\n\n\n<p class=\"has-light-blue-background-color has-background wp-block-paragraph\"><a href=\"https:\/\/sven-ove.nu\/\">Hem<\/a>&nbsp;|&nbsp;<a href=\"https:\/\/sven-ove.nu\/?page_id=170\">Om mig<\/a>&nbsp;|&nbsp;<a href=\"https:\/\/sven-ove.nu\/?page_id=1385\">Skriva &amp; prata<\/a>&nbsp;|&nbsp;<a href=\"https:\/\/sven-ove.nu\/?page_id=100\">Politik<\/a>&nbsp;|&nbsp;<a href=\"https:\/\/sven-ove.nu\/?page_id=102\">L\u00f6pa<\/a>&nbsp;|&nbsp;<a href=\"https:\/\/sven-ove.nu\/?page_id=108\">Viktor Root<\/a>&nbsp;&nbsp;<br><em>Inl\u00e4gg nr 2 282, (c) Sven-Ove Svensson (men dela g\u00e4rna<\/em>)<\/p>\n","protected":false},"excerpt":{"rendered":"<p>&#8211;I DEN LILLA V\u00c4RLDEN: Min familj, l\u00f6plusten, skrivkl\u00e5dan, att plocka hallon i tr\u00e4dg\u00e5rden och kantareller en bit bort. Tjejerna i styrelsen jag \u00e4r med i, gubbvandringarna, de b\u00e5da bokcirklarna. Folk som h\u00e4lsar att de tycker om min kepsbok. Att leta stolpkontroller och l\u00e4sa b\u00f6cker. Att det finns s\u00e5 m\u00e5nga bra s\u00e4tt att kommunicera och skaffa &hellip; <a href=\"https:\/\/sven-ove.nu\/?p=25624\" class=\"more-link\">Forts\u00e4tt l\u00e4sa <span class=\"screen-reader-text\">S\u00e5dant som \u00e4r bra<\/span><\/a><\/p>\n","protected":false},"author":1,"featured_media":0,"comment_status":"closed","ping_status":"open","sticky":false,"template":"","format":"standard","meta":{"_crdt_document":"","_monsterinsights_skip_tracking":false,"_monsterinsights_sitenote_active":false,"_monsterinsights_sitenote_note":"","_monsterinsights_sitenote_category":0,"footnotes":""},"categories":[10,28,9,4],"tags":[3,8,24,18,14,15,21,17,13],"class_list":["post-25624","post","type-post","status-publish","format-standard","hentry","category-familjen","category-kreativt-folk","category-politik","category-skrivande","tag-arbete","tag-historia","tag-karlek","tag-lardomar","tag-lasning","tag-mediedjungeln","tag-ord","tag-solidaritet","tag-utrustning"],"_links":{"self":[{"href":"https:\/\/sven-ove.nu\/index.php?rest_route=\/wp\/v2\/posts\/25624","targetHints":{"allow":["GET"]}}],"collection":[{"href":"https:\/\/sven-ove.nu\/index.php?rest_route=\/wp\/v2\/posts"}],"about":[{"href":"https:\/\/sven-ove.nu\/index.php?rest_route=\/wp\/v2\/types\/post"}],"author":[{"embeddable":true,"href":"https:\/\/sven-ove.nu\/index.php?rest_route=\/wp\/v2\/users\/1"}],"replies":[{"embeddable":true,"href":"https:\/\/sven-ove.nu\/index.php?rest_route=%2Fwp%2Fv2%2Fcomments&post=25624"}],"version-history":[{"count":10,"href":"https:\/\/sven-ove.nu\/index.php?rest_route=\/wp\/v2\/posts\/25624\/revisions"}],"predecessor-version":[{"id":25639,"href":"https:\/\/sven-ove.nu\/index.php?rest_route=\/wp\/v2\/posts\/25624\/revisions\/25639"}],"wp:attachment":[{"href":"https:\/\/sven-ove.nu\/index.php?rest_route=%2Fwp%2Fv2%2Fmedia&parent=25624"}],"wp:term":[{"taxonomy":"category","embeddable":true,"href":"https:\/\/sven-ove.nu\/index.php?rest_route=%2Fwp%2Fv2%2Fcategories&post=25624"},{"taxonomy":"post_tag","embeddable":true,"href":"https:\/\/sven-ove.nu\/index.php?rest_route=%2Fwp%2Fv2%2Ftags&post=25624"}],"curies":[{"name":"wp","href":"https:\/\/api.w.org\/{rel}","templated":true}]}}