{"id":25640,"date":"2023-08-02T04:51:00","date_gmt":"2023-08-02T03:51:00","guid":{"rendered":"https:\/\/sven-ove.nu\/?p=25640"},"modified":"2023-08-02T16:08:04","modified_gmt":"2023-08-02T15:08:04","slug":"min-cancer-ar-inte-privat","status":"publish","type":"post","link":"https:\/\/sven-ove.nu\/?p=25640","title":{"rendered":"Min cancer \u00e4r inte privat"},"content":{"rendered":"\n<figure class=\"wp-block-image size-large\"><a href=\"https:\/\/sven-ove.nu\/wp-content\/uploads\/2023\/08\/VastraOrten-rotated.jpg\"><img loading=\"lazy\" decoding=\"async\" width=\"1024\" height=\"1024\" src=\"https:\/\/sven-ove.nu\/wp-content\/uploads\/2023\/08\/VastraOrten-1024x1024.jpg\" alt=\"\" class=\"wp-image-25641\" srcset=\"https:\/\/sven-ove.nu\/wp-content\/uploads\/2023\/08\/VastraOrten-1024x1024.jpg 1024w, https:\/\/sven-ove.nu\/wp-content\/uploads\/2023\/08\/VastraOrten-300x300.jpg 300w, https:\/\/sven-ove.nu\/wp-content\/uploads\/2023\/08\/VastraOrten-150x150.jpg 150w, https:\/\/sven-ove.nu\/wp-content\/uploads\/2023\/08\/VastraOrten-768x768.jpg 768w, https:\/\/sven-ove.nu\/wp-content\/uploads\/2023\/08\/VastraOrten-1536x1536.jpg 1536w, https:\/\/sven-ove.nu\/wp-content\/uploads\/2023\/08\/VastraOrten-2048x2048.jpg 2048w\" sizes=\"auto, (max-width: 1024px) 100vw, 1024px\" \/><\/a><\/figure>\n\n\n\n<blockquote class=\"wp-block-quote is-layout-flow wp-block-quote-is-layout-flow\">\n<p class=\"wp-block-paragraph\">F\u00f6rst skrev jag dagbok. Dokumenterade vartenda m\u00f6te med n\u00e5gon magnetkamera, radioaktiv isotop eller urolog. \u201dVarf\u00f6r blir folk urologer?\u201d skrev jag n\u00e4r en trevlig karl i Kristinehamn samlat v\u00e4vnadsprover via min anal.<\/p>\n<\/blockquote>\n\n\n\n<p class=\"wp-block-paragraph\">\u00c4nd\u00e5 \u00e4r jag tacksam \u00f6ver att tillr\u00e4ckligt m\u00e5nga g\u00f6r det yrkesvalet. Hur skulle jag annars s\u00e5 sm\u00e5ningom ha f\u00e5tt veta att jag hade tv\u00e5 fripassagerare och att de var elakartade? Tv\u00e5 tum\u00f6rer i prostatan som jag inte hade en aning om innan jag pinkade blod strax f\u00f6re framtr\u00e4dandet i fjol p\u00e5 bokm\u00e4ssan i G\u00f6teborg.<\/p>\n\n\n\n<p class=\"wp-block-paragraph\">Jag skriver f\u00f6r att f\u00f6rst\u00e5, det b\u00f6rjar alltid d\u00e4r, men visst hade jag t\u00e4nkt mig en publicering. Sida efter sida med mina erfarenheter fr\u00e5n diverse unders\u00f6kningar \u00e4ven i Karlstad, Torsby och \u00d6rebro. \u00c4r inte det l\u00e4sning?<\/p>\n\n\n\n<p class=\"wp-block-paragraph\">&#8211; Du ska inte bry dig om en vimsig gubbe, sa jag till sk\u00f6terskan p\u00e5 urologen n\u00e4r jag f\u00f6rg\u00e4ves f\u00f6rs\u00f6kte hitta toaletten hos dem p\u00e5 nionde v\u00e5ningen.<br>&#8211; H\u00e4r har vi bara vimsiga gubbar\u2026 svarade hon och log sn\u00e4llt.<\/p>\n\n\n\n<p class=\"wp-block-paragraph\">Beskedet kom. Tv\u00e5 tum\u00f6rer. Maligna. Vilket v\u00e4ljer du, operation eller str\u00e5lning?<\/p>\n\n\n\n<p class=\"wp-block-paragraph\"><strong>\u201dBabbla inte\u201d<\/strong><br>Mitt i behandlingen r\u00e5kar jag tr\u00e4ffa en bekant p\u00e5 Konsum. Han har g\u00e5tt igenom samma unders\u00f6kningar och f\u00e5tt samma besked f\u00f6r n\u00e5gra \u00e5r sedan.<br>&#8211; Det \u00e4r v\u00e4l inget att babbla om. S\u00e5nt \u00e4r privat.<\/p>\n\n\n\n<p class=\"wp-block-paragraph\">Ett tag tror jag att han har r\u00e4tt. Jag ber\u00e4ttar f\u00f6r mina v\u00e4nner, de skulle \u00e4nd\u00e5 m\u00e4rka att det \u00e4r n\u00e5got med mig och jag \u00e4r ju upptagen av str\u00e5lbehandling fyra dagar i veckan. Men publicerar g\u00f6r jag inte.<\/p>\n\n\n\n<p class=\"wp-block-paragraph\">I en mapp i datorn ligger sjukhusdagboken or\u00f6rd. Ol\u00e4st.<\/p>\n\n\n\n<p class=\"wp-block-paragraph\"><strong>V\u00e4grar vara \u201dC-A-patient\u201d<\/strong><br>D\u00e5 l\u00e4ser jag ett inl\u00e4gg p\u00e5 Facebook. En cancersjukdom \u00e4r inte privat, skriver karln. \u00c4r den inte? Detta funderar jag l\u00e4nge p\u00e5 under mina resor till och fr\u00e5n Str\u00e5lbehandlingsenheten vid Centralsjukhuset, Karlstad. Till slut inser jag att han har r\u00e4tt.<\/p>\n\n\n\n<p class=\"wp-block-paragraph\">\u201dC-A-patient\u201d kallade vi dem, n\u00e4r jag dirigerade ambulanser p\u00e5 SOS-centralen p\u00e5 1980-talet. \u201dC-A.\u201d Som om inte den som lyssnade p\u00e5 polisradion skulle ha f\u00f6rst\u00e5tt vad det ordet betydde.<\/p>\n\n\n\n<p class=\"wp-block-paragraph\">Nej tack, jag v\u00e4grar vara \u201dC-A-patient\u201d. Jag \u00e4r en 72-\u00e5rig l\u00f6pande, skrivande make, pappa, morfar och v\u00e4n som det v\u00e4xer sjukdom p\u00e5 i ett organ nertill. En som har turen att leva i ett samh\u00e4lle d\u00e4r dyr sjukv\u00e5rd \u00e4r praktiskt taget gratis f\u00f6r mig som patient och d\u00e4r kunskapen och tekniken har kommit l\u00e5ngt.<\/p>\n\n\n\n<p class=\"wp-block-paragraph\">Tabletter, str\u00e5lning. Tabletter, dep\u00e5injektion, str\u00e5lning. 22 str\u00e5lningar, 3 \u00e5rs medicinering. Trevliga sjukv\u00e5rdsarbetare, professionalitet.<\/p>\n\n\n\n<p class=\"wp-block-paragraph\"><strong>Folk har r\u00e4tt att f\u00e5 veta<\/strong><br>Min prostatacancer \u00e4r inte privat. Den m\u00e5r bara bra av att ber\u00e4ttas om. Det finns s\u00e5 mycket min omgivning har r\u00e4tt att f\u00e5 h\u00f6ra, det \u00e4r ju de som betalar.<\/p>\n\n\n\n<p class=\"wp-block-paragraph\">Hur unders\u00f6kningarna g\u00e5r till.<em> (De \u00e4r inte v\u00e4rre \u00e4n att jag sm\u00e5pratar hela tiden n\u00e4r n\u00e5len tr\u00e4nar intervall in i min prostata d\u00e5 de tar v\u00e4vnadsprov).<\/em><\/p>\n\n\n\n<p class=\"wp-block-paragraph\">Hur behandlingen g\u00e5r till. <em>(Str\u00e5lningen k\u00e4nns inte, man blir kraftl\u00f6s av hormontabletterna och blir minst en minut s\u00e4mre per kilometer p\u00e5 l\u00f6ptr\u00e4ningen).<\/em><\/p>\n\n\n\n<p class=\"wp-block-paragraph\">Hur viktigt det \u00e4r att vi en g\u00e5ng best\u00e4mde oss f\u00f6r att b\u00e4ra varandras b\u00f6rdor. <em>(Jag pratar om gemensamt finansierad sjukv\u00e5rd, billig f\u00f6r mig n\u00e4r jag ligger p\u00e5 britsen men livsviktig. Ge den mer resurser!)<\/em><\/p>\n\n\n\n<p class=\"wp-block-paragraph\">Inte \u00e4r de erfarenheterna privata.<\/p>\n\n\n\n<p class=\"wp-block-paragraph\">I juni ber\u00e4ttar jag i en tidningsintervju, den handlar om min kepsbok mest. Kan man avdramatisera det dramatiska? Jag hoppas ju det. Jag tror inte p\u00e5 att tysta ner v\u00e5r vanligaste cancerform.<\/p>\n\n\n\n<p class=\"wp-block-paragraph\">Folk har r\u00e4tt att f\u00e5 h\u00f6ra hur vanlig den \u00e4r.<\/p>\n\n\n<div class=\"wp-block-image\">\n<figure class=\"alignright size-large is-resized\"><a href=\"https:\/\/sven-ove.nu\/wp-content\/uploads\/2023\/08\/Portratt.jpeg\"><img loading=\"lazy\" decoding=\"async\" src=\"https:\/\/sven-ove.nu\/wp-content\/uploads\/2023\/08\/Portratt-1024x1024.jpeg\" alt=\"\" class=\"wp-image-25646\" width=\"256\" height=\"256\" srcset=\"https:\/\/sven-ove.nu\/wp-content\/uploads\/2023\/08\/Portratt-1024x1024.jpeg 1024w, https:\/\/sven-ove.nu\/wp-content\/uploads\/2023\/08\/Portratt-300x300.jpeg 300w, https:\/\/sven-ove.nu\/wp-content\/uploads\/2023\/08\/Portratt-150x150.jpeg 150w, https:\/\/sven-ove.nu\/wp-content\/uploads\/2023\/08\/Portratt-768x768.jpeg 768w, https:\/\/sven-ove.nu\/wp-content\/uploads\/2023\/08\/Portratt.jpeg 1187w\" sizes=\"auto, (max-width: 256px) 100vw, 256px\" \/><\/a><\/figure>\n<\/div>\n\n\n<p class=\"has-light-blue-background-color has-background wp-block-paragraph\"><em><strong>### <\/strong>Mina symptom var blod i urinen och snabb viktnedg\u00e5ng. D\u00e4remot slapp jag kissa ofta, ha svag urinstr\u00e5le eller v\u00e4rk i skelettet, exempelvis runt h\u00f6fterna. L\u00e4s mer h\u00e4r om <a href=\"https:\/\/www.1177.se\/Varmland\/sjukdomar--besvar\/cancer\/cancerformer\/prostatacancer\/\">prostatacancer<\/a><\/em><br><em><strong>### <\/strong>Prostatacancer behandlas med operation, str\u00e5lning och l\u00e4kemedel. Vad ni v\u00e4ljer beror bland annat p\u00e5 hur stor tum\u00f6ren \u00e4r, om den \u00e4r spridd, hur du m\u00e5r och vad du sj\u00e4lv vill.<\/em><br><em><strong>###<\/strong> 90 procent av de m\u00e4n som f\u00e5tt prostatacancer ber\u00e4knas leva 10 \u00e5r efter diagnosen.<\/em><\/p>\n\n\n\n<p class=\"has-light-gray-background-color has-background wp-block-paragraph\"><a href=\"https:\/\/sven-ove.nu\/\">Hem<\/a>\u00a0|\u00a0<a href=\"https:\/\/sven-ove.nu\/?page_id=170\">Om mig<\/a>\u00a0|\u00a0<a href=\"https:\/\/sven-ove.nu\/?page_id=1385\">Skriva &amp; prata<\/a>\u00a0|\u00a0<a href=\"https:\/\/sven-ove.nu\/?page_id=100\">Politik<\/a>\u00a0|\u00a0<a href=\"https:\/\/sven-ove.nu\/?page_id=102\">L\u00f6pa<\/a>\u00a0|\u00a0<a href=\"https:\/\/sven-ove.nu\/?page_id=108\">Viktor Root<\/a>\u00a0\u00a0<br><em>Inl\u00e4gg nr 2 283, (c) Sven-Ove Svensson (men dela g\u00e4rna<\/em>)<\/p>\n","protected":false},"excerpt":{"rendered":"<p>F\u00f6rst skrev jag dagbok. Dokumenterade vartenda m\u00f6te med n\u00e5gon magnetkamera, radioaktiv isotop eller urolog. \u201dVarf\u00f6r blir folk urologer?\u201d skrev jag n\u00e4r en trevlig karl i Kristinehamn samlat v\u00e4vnadsprover via min anal. \u00c4nd\u00e5 \u00e4r jag tacksam \u00f6ver att tillr\u00e4ckligt m\u00e5nga g\u00f6r det yrkesvalet. Hur skulle jag annars s\u00e5 sm\u00e5ningom ha f\u00e5tt veta att jag hade tv\u00e5 &hellip; <a href=\"https:\/\/sven-ove.nu\/?p=25640\" class=\"more-link\">Forts\u00e4tt l\u00e4sa <span class=\"screen-reader-text\">Min cancer \u00e4r inte privat<\/span><\/a><\/p>\n","protected":false},"author":1,"featured_media":0,"comment_status":"closed","ping_status":"open","sticky":false,"template":"","format":"standard","meta":{"_crdt_document":"","_monsterinsights_skip_tracking":false,"_monsterinsights_sitenote_active":false,"_monsterinsights_sitenote_note":"","_monsterinsights_sitenote_category":0,"footnotes":""},"categories":[10,28,5,9,4],"tags":[3,8,24,18,21,17,13],"class_list":["post-25640","post","type-post","status-publish","format-standard","hentry","category-familjen","category-kreativt-folk","category-lopning","category-politik","category-skrivande","tag-arbete","tag-historia","tag-karlek","tag-lardomar","tag-ord","tag-solidaritet","tag-utrustning"],"_links":{"self":[{"href":"https:\/\/sven-ove.nu\/index.php?rest_route=\/wp\/v2\/posts\/25640","targetHints":{"allow":["GET"]}}],"collection":[{"href":"https:\/\/sven-ove.nu\/index.php?rest_route=\/wp\/v2\/posts"}],"about":[{"href":"https:\/\/sven-ove.nu\/index.php?rest_route=\/wp\/v2\/types\/post"}],"author":[{"embeddable":true,"href":"https:\/\/sven-ove.nu\/index.php?rest_route=\/wp\/v2\/users\/1"}],"replies":[{"embeddable":true,"href":"https:\/\/sven-ove.nu\/index.php?rest_route=%2Fwp%2Fv2%2Fcomments&post=25640"}],"version-history":[{"count":9,"href":"https:\/\/sven-ove.nu\/index.php?rest_route=\/wp\/v2\/posts\/25640\/revisions"}],"predecessor-version":[{"id":25664,"href":"https:\/\/sven-ove.nu\/index.php?rest_route=\/wp\/v2\/posts\/25640\/revisions\/25664"}],"wp:attachment":[{"href":"https:\/\/sven-ove.nu\/index.php?rest_route=%2Fwp%2Fv2%2Fmedia&parent=25640"}],"wp:term":[{"taxonomy":"category","embeddable":true,"href":"https:\/\/sven-ove.nu\/index.php?rest_route=%2Fwp%2Fv2%2Fcategories&post=25640"},{"taxonomy":"post_tag","embeddable":true,"href":"https:\/\/sven-ove.nu\/index.php?rest_route=%2Fwp%2Fv2%2Ftags&post=25640"}],"curies":[{"name":"wp","href":"https:\/\/api.w.org\/{rel}","templated":true}]}}