{"id":25653,"date":"2023-08-04T04:51:00","date_gmt":"2023-08-04T03:51:00","guid":{"rendered":"https:\/\/sven-ove.nu\/?p=25653"},"modified":"2023-08-04T05:26:55","modified_gmt":"2023-08-04T04:26:55","slug":"den-storsta-gatan-sedan-cancerbeskedet","status":"publish","type":"post","link":"https:\/\/sven-ove.nu\/?p=25653","title":{"rendered":"Den st\u00f6rsta g\u00e5tan sedan cancerbeskedet"},"content":{"rendered":"\n<figure class=\"wp-block-image size-large is-resized\"><a href=\"https:\/\/sven-ove.nu\/wp-content\/uploads\/2023\/08\/Fonster-scaled.jpeg\"><img loading=\"lazy\" decoding=\"async\" src=\"https:\/\/sven-ove.nu\/wp-content\/uploads\/2023\/08\/Fonster-768x1024.jpeg\" alt=\"\" class=\"wp-image-25668\" width=\"576\" height=\"768\" srcset=\"https:\/\/sven-ove.nu\/wp-content\/uploads\/2023\/08\/Fonster-768x1024.jpeg 768w, https:\/\/sven-ove.nu\/wp-content\/uploads\/2023\/08\/Fonster-225x300.jpeg 225w, https:\/\/sven-ove.nu\/wp-content\/uploads\/2023\/08\/Fonster-1152x1536.jpeg 1152w, https:\/\/sven-ove.nu\/wp-content\/uploads\/2023\/08\/Fonster-1536x2048.jpeg 1536w, https:\/\/sven-ove.nu\/wp-content\/uploads\/2023\/08\/Fonster-scaled.jpeg 1920w\" sizes=\"auto, (max-width: 576px) 100vw, 576px\" \/><\/a><\/figure>\n\n\n\n<blockquote class=\"wp-block-quote is-layout-flow wp-block-quote-is-layout-flow\">\n<p class=\"wp-block-paragraph\">Jag bryr mig f\u00f6rst\u00e5s v\u00e4ldigt lite om min f\u00f6rs\u00e4mrade kilometertid. Den anv\u00e4nde jag bara f\u00f6r att visa p\u00e5 en av biverkningarna.<\/p>\n<\/blockquote>\n\n\n\n<p class=\"wp-block-paragraph\">I onsdags skrev jag p\u00e5 bloggen om min prostatacancer och varf\u00f6r jag inte tycker att den \u00e4r privat. Det \u00e4r naturligtvis vars och ens ensak men s\u00e5 tycker jag. Jag vill inte smyga.<\/p>\n\n\n\n<p class=\"wp-block-paragraph\">Inl\u00e4gget fick massor av l\u00e4sare och m\u00e5nga skrev v\u00e4nliga och empatiska kommentarer. Stort tack f\u00f6r er medk\u00e4nsla, den v\u00e4rmen v\u00e4rmer. Jag m\u00e5r bra f\u00f6r \u00f6vrigt.<\/p>\n\n\n\n<p class=\"wp-block-paragraph\"><strong>Inte varje \u00e5r<\/strong><br>Aprop\u00e5 v\u00e4rme. N\u00e4r jag kommer s\u00e5 h\u00e4r l\u00e5ngt med texten f\u00e5r jag precis en v\u00e4rmevallning.<\/p>\n\n\n\n<p class=\"wp-block-paragraph\">Det \u00e4r en av biverkningarna n\u00e4r man valt str\u00e5lning och hormontabletter. Inget stort problem i mitt fall, jag blir varm, visst, men svettas inte s\u00e4rskilt mycket. Dessutom lever jag ett liv d\u00e4r det \u00e4r synnerligen l\u00e4tt att \u00f6ppna f\u00f6nstret, g\u00e5 ut eller ta av tr\u00f6jan om det beh\u00f6vs.<\/p>\n\n\n\n<p class=\"wp-block-paragraph\">Slips och kavaj b\u00e4r jag inte varje \u00e5r.<\/p>\n\n\n\n<p class=\"wp-block-paragraph\"><strong>Kraftl\u00f6s av pillren<\/strong><br>Min kilometertid n\u00e4r jag l\u00f6ptr\u00e4nar har blivit ungef\u00e4r en minut s\u00e4mre, skrev jag. Det \u00e4r ett mycket litet problem. Jag springer n\u00e4stan alltid ensam och vad klockan s\u00e4ger \u00e4r d\u00e4remot privat.<\/p>\n\n\n\n<p class=\"wp-block-paragraph\">Dock kan det vara bra att veta. K\u00e4nner du n\u00e5gon som g\u00e5r igenom samma behandling som jag s\u00e5 blir han allts\u00e5 kraftl\u00f6s av pillren. Fortare tr\u00f6tt i musklerna, mindre uth\u00e5llig. Det tar lite l\u00e4ngre tid att klippa gr\u00e4smattan, \u00f6verkomligt det med.<\/p>\n\n\n\n<p class=\"wp-block-paragraph\"><strong>M\u00e4rkv\u00e4rdigt obekymrad<\/strong><br>Hoppas du \u00e4r vid gott mod, skriver mina v\u00e4nner. Tack f\u00f6r att ni bryr er. Fast d\u00e4r har vi nog den st\u00f6rsta g\u00e5tan f\u00f6r mig sedan jag fick mitt cancerbesked.<br>&#8211; Detta ska vi bota, sa visserligen doktorn. Det var sk\u00f6nt att h\u00f6ra. Men varf\u00f6r blir inte denna pirriga k\u00e4nslom\u00e4nniska bekymrad?<\/p>\n\n\n\n<p class=\"wp-block-paragraph\"><strong>### <\/strong>\u00c4r jag s\u00e5 bra p\u00e5 att f\u00f6rtr\u00e4nga r\u00e4dslan?<br><strong>###<\/strong> Jag som blir orolig redan av att backa u-t-a-n sl\u00e4p.<br><strong>###<\/strong> Lugn? Det hade ingen som k\u00e4nner mig kunnat tro.<\/p>\n\n\n\n<p class=\"has-text-color wp-block-paragraph\" style=\"color:#5692db\"><strong>L\u00c4NK<\/strong>: <a href=\"https:\/\/sven-ove.nu\/?p=25640\"><strong>Min cancer \u00e4r inte privat<\/strong><\/a><\/p>\n\n\n\n<p class=\"has-light-blue-background-color has-background wp-block-paragraph\"><a href=\"https:\/\/sven-ove.nu\/\">Hem<\/a>&nbsp;|&nbsp;<a href=\"https:\/\/sven-ove.nu\/?page_id=170\">Om mig<\/a>&nbsp;|&nbsp;<a href=\"https:\/\/sven-ove.nu\/?page_id=1385\">Skriva &amp; prata<\/a>&nbsp;|&nbsp;<a href=\"https:\/\/sven-ove.nu\/?page_id=100\">Politik<\/a>&nbsp;|&nbsp;<a href=\"https:\/\/sven-ove.nu\/?page_id=102\">L\u00f6pa<\/a>&nbsp;|&nbsp;<a href=\"https:\/\/sven-ove.nu\/?page_id=108\">Viktor Root<\/a>&nbsp;&nbsp;<br><em>Inl\u00e4gg nr 2 284, (c) Sven-Ove Svensson (men dela g\u00e4rna<\/em>)<\/p>\n","protected":false},"excerpt":{"rendered":"<p>Jag bryr mig f\u00f6rst\u00e5s v\u00e4ldigt lite om min f\u00f6rs\u00e4mrade kilometertid. Den anv\u00e4nde jag bara f\u00f6r att visa p\u00e5 en av biverkningarna. I onsdags skrev jag p\u00e5 bloggen om min prostatacancer och varf\u00f6r jag inte tycker att den \u00e4r privat. Det \u00e4r naturligtvis vars och ens ensak men s\u00e5 tycker jag. Jag vill inte smyga. Inl\u00e4gget &hellip; <a href=\"https:\/\/sven-ove.nu\/?p=25653\" class=\"more-link\">Forts\u00e4tt l\u00e4sa <span class=\"screen-reader-text\">Den st\u00f6rsta g\u00e5tan sedan cancerbeskedet<\/span><\/a><\/p>\n","protected":false},"author":1,"featured_media":0,"comment_status":"closed","ping_status":"open","sticky":false,"template":"","format":"standard","meta":{"_crdt_document":"","_monsterinsights_skip_tracking":false,"_monsterinsights_sitenote_active":false,"_monsterinsights_sitenote_note":"","_monsterinsights_sitenote_category":0,"footnotes":""},"categories":[5],"tags":[24,18,17],"class_list":["post-25653","post","type-post","status-publish","format-standard","hentry","category-lopning","tag-karlek","tag-lardomar","tag-solidaritet"],"_links":{"self":[{"href":"https:\/\/sven-ove.nu\/index.php?rest_route=\/wp\/v2\/posts\/25653","targetHints":{"allow":["GET"]}}],"collection":[{"href":"https:\/\/sven-ove.nu\/index.php?rest_route=\/wp\/v2\/posts"}],"about":[{"href":"https:\/\/sven-ove.nu\/index.php?rest_route=\/wp\/v2\/types\/post"}],"author":[{"embeddable":true,"href":"https:\/\/sven-ove.nu\/index.php?rest_route=\/wp\/v2\/users\/1"}],"replies":[{"embeddable":true,"href":"https:\/\/sven-ove.nu\/index.php?rest_route=%2Fwp%2Fv2%2Fcomments&post=25653"}],"version-history":[{"count":16,"href":"https:\/\/sven-ove.nu\/index.php?rest_route=\/wp\/v2\/posts\/25653\/revisions"}],"predecessor-version":[{"id":25678,"href":"https:\/\/sven-ove.nu\/index.php?rest_route=\/wp\/v2\/posts\/25653\/revisions\/25678"}],"wp:attachment":[{"href":"https:\/\/sven-ove.nu\/index.php?rest_route=%2Fwp%2Fv2%2Fmedia&parent=25653"}],"wp:term":[{"taxonomy":"category","embeddable":true,"href":"https:\/\/sven-ove.nu\/index.php?rest_route=%2Fwp%2Fv2%2Fcategories&post=25653"},{"taxonomy":"post_tag","embeddable":true,"href":"https:\/\/sven-ove.nu\/index.php?rest_route=%2Fwp%2Fv2%2Ftags&post=25653"}],"curies":[{"name":"wp","href":"https:\/\/api.w.org\/{rel}","templated":true}]}}