{"id":25680,"date":"2023-08-10T06:34:00","date_gmt":"2023-08-10T05:34:00","guid":{"rendered":"https:\/\/sven-ove.nu\/?p=25680"},"modified":"2023-08-10T06:35:45","modified_gmt":"2023-08-10T05:35:45","slug":"mina-kepsars-livscykel","status":"publish","type":"post","link":"https:\/\/sven-ove.nu\/?p=25680","title":{"rendered":"Mina kepsars livscykel"},"content":{"rendered":"\n<figure class=\"wp-block-image size-large\"><a href=\"https:\/\/sven-ove.nu\/wp-content\/uploads\/2023\/08\/Keps.jpeg\"><img loading=\"lazy\" decoding=\"async\" width=\"1024\" height=\"1024\" src=\"https:\/\/sven-ove.nu\/wp-content\/uploads\/2023\/08\/Keps-1024x1024.jpeg\" alt=\"\" class=\"wp-image-25681\" srcset=\"https:\/\/sven-ove.nu\/wp-content\/uploads\/2023\/08\/Keps-1024x1024.jpeg 1024w, https:\/\/sven-ove.nu\/wp-content\/uploads\/2023\/08\/Keps-300x300.jpeg 300w, https:\/\/sven-ove.nu\/wp-content\/uploads\/2023\/08\/Keps-150x150.jpeg 150w, https:\/\/sven-ove.nu\/wp-content\/uploads\/2023\/08\/Keps-768x768.jpeg 768w, https:\/\/sven-ove.nu\/wp-content\/uploads\/2023\/08\/Keps-1536x1536.jpeg 1536w, https:\/\/sven-ove.nu\/wp-content\/uploads\/2023\/08\/Keps-2048x2048.jpeg 2048w\" sizes=\"auto, (max-width: 1024px) 100vw, 1024px\" \/><\/a><\/figure>\n\n\n\n<p class=\"wp-block-paragraph\">1. Den \u00e4r vacker.<\/p>\n\n\n\n<p class=\"wp-block-paragraph\">2. Den f\u00e5s.<\/p>\n\n\n\n<p class=\"wp-block-paragraph\">3. Den anv\u00e4nds n\u00e4r jag ska vara finkl\u00e4dd.<\/p>\n\n\n\n<p class=\"wp-block-paragraph\">4. Den anv\u00e4nds ibland n\u00e4r jag ska vara finkl\u00e4dd.<\/p>\n\n\n\n<p class=\"wp-block-paragraph\">5. Den anv\u00e4nds till vardags.<\/p>\n\n\n\n<p class=\"wp-block-paragraph\">6. Den blir springkeps.<\/p>\n\n\n\n<p class=\"wp-block-paragraph\">7. Den b\u00e4rs i t\u00e4t skog vid s\u00f6kuppdrag (svamp, Hittaut-kontroller).<\/p>\n\n\n\n<p class=\"wp-block-paragraph\">8. Den blir ett minne.<\/p>\n\n\n\n<p class=\"wp-block-paragraph\">9. Den var vacker.<\/p>\n\n\n\n<p class=\"wp-block-paragraph\">Detta \u00e4r de f\u00e5dda kepsarnas liv.<\/p>\n\n\n\n<p class=\"has-light-blue-background-color has-background wp-block-paragraph\"><a href=\"https:\/\/sven-ove.nu\/\">Hem<\/a>&nbsp;|&nbsp;<a href=\"https:\/\/sven-ove.nu\/?page_id=170\">Om mig<\/a>&nbsp;|&nbsp;<a href=\"https:\/\/sven-ove.nu\/?page_id=1385\">Skriva &amp; prata<\/a>&nbsp;|&nbsp;<a href=\"https:\/\/sven-ove.nu\/?page_id=100\">Politik<\/a>&nbsp;|&nbsp;<a href=\"https:\/\/sven-ove.nu\/?page_id=102\">L\u00f6pa<\/a>&nbsp;|&nbsp;<a href=\"https:\/\/sven-ove.nu\/?page_id=108\">Viktor Root<\/a>&nbsp;&nbsp;<br><em>Inl\u00e4gg nr 2 285, (c) Sven-Ove Svensson (men dela g\u00e4rna<\/em>)<\/p>\n","protected":false},"excerpt":{"rendered":"<p>1. Den \u00e4r vacker. 2. Den f\u00e5s. 3. Den anv\u00e4nds n\u00e4r jag ska vara finkl\u00e4dd. 4. Den anv\u00e4nds ibland n\u00e4r jag ska vara finkl\u00e4dd. 5. Den anv\u00e4nds till vardags. 6. Den blir springkeps. 7. Den b\u00e4rs i t\u00e4t skog vid s\u00f6kuppdrag (svamp, Hittaut-kontroller). 8. Den blir ett minne. 9. Den var vacker. Detta \u00e4r de &hellip; <a href=\"https:\/\/sven-ove.nu\/?p=25680\" class=\"more-link\">Forts\u00e4tt l\u00e4sa <span class=\"screen-reader-text\">Mina kepsars livscykel<\/span><\/a><\/p>\n","protected":false},"author":1,"featured_media":0,"comment_status":"closed","ping_status":"open","sticky":false,"template":"","format":"standard","meta":{"_crdt_document":"","_monsterinsights_skip_tracking":false,"_monsterinsights_sitenote_active":false,"_monsterinsights_sitenote_note":"","_monsterinsights_sitenote_category":0,"footnotes":""},"categories":[10,5],"tags":[24,13],"class_list":["post-25680","post","type-post","status-publish","format-standard","hentry","category-familjen","category-lopning","tag-karlek","tag-utrustning"],"_links":{"self":[{"href":"https:\/\/sven-ove.nu\/index.php?rest_route=\/wp\/v2\/posts\/25680","targetHints":{"allow":["GET"]}}],"collection":[{"href":"https:\/\/sven-ove.nu\/index.php?rest_route=\/wp\/v2\/posts"}],"about":[{"href":"https:\/\/sven-ove.nu\/index.php?rest_route=\/wp\/v2\/types\/post"}],"author":[{"embeddable":true,"href":"https:\/\/sven-ove.nu\/index.php?rest_route=\/wp\/v2\/users\/1"}],"replies":[{"embeddable":true,"href":"https:\/\/sven-ove.nu\/index.php?rest_route=%2Fwp%2Fv2%2Fcomments&post=25680"}],"version-history":[{"count":2,"href":"https:\/\/sven-ove.nu\/index.php?rest_route=\/wp\/v2\/posts\/25680\/revisions"}],"predecessor-version":[{"id":25683,"href":"https:\/\/sven-ove.nu\/index.php?rest_route=\/wp\/v2\/posts\/25680\/revisions\/25683"}],"wp:attachment":[{"href":"https:\/\/sven-ove.nu\/index.php?rest_route=%2Fwp%2Fv2%2Fmedia&parent=25680"}],"wp:term":[{"taxonomy":"category","embeddable":true,"href":"https:\/\/sven-ove.nu\/index.php?rest_route=%2Fwp%2Fv2%2Fcategories&post=25680"},{"taxonomy":"post_tag","embeddable":true,"href":"https:\/\/sven-ove.nu\/index.php?rest_route=%2Fwp%2Fv2%2Ftags&post=25680"}],"curies":[{"name":"wp","href":"https:\/\/api.w.org\/{rel}","templated":true}]}}