{"id":25686,"date":"2023-08-11T06:10:40","date_gmt":"2023-08-11T05:10:40","guid":{"rendered":"https:\/\/sven-ove.nu\/?p=25686"},"modified":"2023-08-11T06:28:31","modified_gmt":"2023-08-11T05:28:31","slug":"en-lycklig-dag","status":"publish","type":"post","link":"https:\/\/sven-ove.nu\/?p=25686","title":{"rendered":"En lycklig dag"},"content":{"rendered":"\n<figure class=\"wp-block-image size-large\"><a href=\"https:\/\/sven-ove.nu\/wp-content\/uploads\/2023\/08\/En-lycklig-dag.jpeg\"><img loading=\"lazy\" decoding=\"async\" width=\"658\" height=\"1024\" src=\"https:\/\/sven-ove.nu\/wp-content\/uploads\/2023\/08\/En-lycklig-dag-658x1024.jpeg\" alt=\"\" class=\"wp-image-25687\" srcset=\"https:\/\/sven-ove.nu\/wp-content\/uploads\/2023\/08\/En-lycklig-dag-658x1024.jpeg 658w, https:\/\/sven-ove.nu\/wp-content\/uploads\/2023\/08\/En-lycklig-dag-193x300.jpeg 193w, https:\/\/sven-ove.nu\/wp-content\/uploads\/2023\/08\/En-lycklig-dag-768x1196.jpeg 768w, https:\/\/sven-ove.nu\/wp-content\/uploads\/2023\/08\/En-lycklig-dag.jpeg 828w\" sizes=\"auto, (max-width: 658px) 100vw, 658px\" \/><\/a><\/figure>\n\n\n\n<p class=\"has-text-align-right has-light-blue-background-color has-background wp-block-paragraph\">Fr\u00e5n min tidslinje p\u00e5 Facebook <br>dagen efter l\u00e4karbeskedet.<\/p>\n\n\n\n<p class=\"has-text-color has-link-color wp-elements-e53ce0acfba0966bdfab90c32a706256 wp-block-paragraph\" style=\"color:#199dec\"><strong>L\u00c4NK<\/strong>:&nbsp;<a href=\"https:\/\/sven-ove.nu\/?p=25640\"><strong>Min cancer \u00e4r inte privat<\/strong><\/a><\/p>\n\n\n\n<p class=\"has-light-blue-background-color has-background wp-block-paragraph\"><a href=\"https:\/\/sven-ove.nu\/\">Hem<\/a>&nbsp;|&nbsp;<a href=\"https:\/\/sven-ove.nu\/?page_id=170\">Om mig<\/a>&nbsp;|&nbsp;<a href=\"https:\/\/sven-ove.nu\/?page_id=1385\">Skriva &amp; prata<\/a>&nbsp;|&nbsp;<a href=\"https:\/\/sven-ove.nu\/?page_id=100\">Politik<\/a>&nbsp;|&nbsp;<a href=\"https:\/\/sven-ove.nu\/?page_id=102\">L\u00f6pa<\/a>&nbsp;|&nbsp;<a href=\"https:\/\/sven-ove.nu\/?page_id=108\">Viktor Root<\/a>&nbsp;&nbsp;<br><em>Inl\u00e4gg nr 2 286, (c) Sven-Ove Svensson (men dela g\u00e4rna<\/em>)<\/p>\n","protected":false},"excerpt":{"rendered":"<p>Fr\u00e5n min tidslinje p\u00e5 Facebook dagen efter l\u00e4karbeskedet. L\u00c4NK:&nbsp;Min cancer \u00e4r inte privat Hem&nbsp;|&nbsp;Om mig&nbsp;|&nbsp;Skriva &amp; prata&nbsp;|&nbsp;Politik&nbsp;|&nbsp;L\u00f6pa&nbsp;|&nbsp;Viktor Root&nbsp;&nbsp;Inl\u00e4gg nr 2 286, (c) Sven-Ove Svensson (men dela g\u00e4rna)<\/p>\n","protected":false},"author":1,"featured_media":0,"comment_status":"closed","ping_status":"open","sticky":false,"template":"","format":"standard","meta":{"_crdt_document":"","_monsterinsights_skip_tracking":false,"_monsterinsights_sitenote_active":false,"_monsterinsights_sitenote_note":"","_monsterinsights_sitenote_category":0,"footnotes":""},"categories":[10],"tags":[24,21,17],"class_list":["post-25686","post","type-post","status-publish","format-standard","hentry","category-familjen","tag-karlek","tag-ord","tag-solidaritet"],"_links":{"self":[{"href":"https:\/\/sven-ove.nu\/index.php?rest_route=\/wp\/v2\/posts\/25686","targetHints":{"allow":["GET"]}}],"collection":[{"href":"https:\/\/sven-ove.nu\/index.php?rest_route=\/wp\/v2\/posts"}],"about":[{"href":"https:\/\/sven-ove.nu\/index.php?rest_route=\/wp\/v2\/types\/post"}],"author":[{"embeddable":true,"href":"https:\/\/sven-ove.nu\/index.php?rest_route=\/wp\/v2\/users\/1"}],"replies":[{"embeddable":true,"href":"https:\/\/sven-ove.nu\/index.php?rest_route=%2Fwp%2Fv2%2Fcomments&post=25686"}],"version-history":[{"count":10,"href":"https:\/\/sven-ove.nu\/index.php?rest_route=\/wp\/v2\/posts\/25686\/revisions"}],"predecessor-version":[{"id":25699,"href":"https:\/\/sven-ove.nu\/index.php?rest_route=\/wp\/v2\/posts\/25686\/revisions\/25699"}],"wp:attachment":[{"href":"https:\/\/sven-ove.nu\/index.php?rest_route=%2Fwp%2Fv2%2Fmedia&parent=25686"}],"wp:term":[{"taxonomy":"category","embeddable":true,"href":"https:\/\/sven-ove.nu\/index.php?rest_route=%2Fwp%2Fv2%2Fcategories&post=25686"},{"taxonomy":"post_tag","embeddable":true,"href":"https:\/\/sven-ove.nu\/index.php?rest_route=%2Fwp%2Fv2%2Ftags&post=25686"}],"curies":[{"name":"wp","href":"https:\/\/api.w.org\/{rel}","templated":true}]}}