{"id":25701,"date":"2023-08-13T06:10:09","date_gmt":"2023-08-13T05:10:09","guid":{"rendered":"https:\/\/sven-ove.nu\/?p=25701"},"modified":"2023-08-13T06:20:08","modified_gmt":"2023-08-13T05:20:08","slug":"ge-mig-kraft-ge-mig-gladje","status":"publish","type":"post","link":"https:\/\/sven-ove.nu\/?p=25701","title":{"rendered":"Ge mig kraft, ge mig gl\u00e4dje"},"content":{"rendered":"\n<figure class=\"wp-block-image size-full\"><a href=\"https:\/\/sven-ove.nu\/wp-content\/uploads\/2023\/08\/Innanhavet.jpeg\"><img loading=\"lazy\" decoding=\"async\" width=\"1016\" height=\"416\" src=\"https:\/\/sven-ove.nu\/wp-content\/uploads\/2023\/08\/Innanhavet.jpeg\" alt=\"\" class=\"wp-image-25702\" srcset=\"https:\/\/sven-ove.nu\/wp-content\/uploads\/2023\/08\/Innanhavet.jpeg 1016w, https:\/\/sven-ove.nu\/wp-content\/uploads\/2023\/08\/Innanhavet-300x123.jpeg 300w, https:\/\/sven-ove.nu\/wp-content\/uploads\/2023\/08\/Innanhavet-768x314.jpeg 768w\" sizes=\"auto, (max-width: 1016px) 100vw, 1016px\" \/><\/a><\/figure>\n\n\n\n<p class=\"has-text-align-right wp-block-paragraph\"><em>V\u00e4nern fr\u00e5n Hamnholmarna, augusti 2023.<\/em><\/p>\n\n\n\n<p class=\"wp-block-paragraph\"><strong>N\u00e4r den ene tycker polisen ska skjuta skarpt mot folkmassor och den andre att vi ska br\u00e4nna hundra koraner till.<\/strong><\/p>\n\n\n\n<p class=\"wp-block-paragraph\">D\u00e5 \u00e4r det sk\u00f6nt att det finns kantareller att h\u00e4mta och mjuka skogsstigar att springa p\u00e5.<\/p>\n\n\n\n<p class=\"wp-block-paragraph\"><strong>N\u00e4r den tredje tycker att samer och judar inte \u00e4r svenskar och att Pride \u00e4r till f\u00f6r pedofiler.<\/strong><\/p>\n\n\n\n<p class=\"wp-block-paragraph\">D\u00e5 \u00e4r det sk\u00f6nt att det finns invandrade hallon i tr\u00e4dg\u00e5rden och tv\u00e5 l\u00e5nekatter i tv-soffan att krama.<\/p>\n\n\n\n<p class=\"wp-block-paragraph\"><strong>N\u00e4r den fj\u00e4rde g\u00f6r vad han kan f\u00f6r att \u00f6ka utsl\u00e4ppen och den femte bryter sitt l\u00f6fte varenda dag till hon som \u00f6verlevde f\u00f6rintelsen.<\/strong><\/p>\n\n\n\n<p class=\"wp-block-paragraph\">D\u00e5 far vi fyra mil bort till en strand, vandrar l\u00e5ngt ut i innanhavet V\u00e4nern p\u00e5 en rullstolsv\u00e4nlig sp\u00e5ng som vi alla betalat via skatten och ser solen glittra p\u00e5 v\u00e5gorna.<\/p>\n\n\n\n<p class=\"wp-block-paragraph\">Ge mig kraft, havs\u00f6rn, drillsn\u00e4ppa, ljung och strandlysing, ge mig gl\u00e4dje, fina horisontlinje l\u00e5ngt l\u00e5ngt d\u00e4r ute bortom b\u00e5tarna.<\/p>\n\n\n\n<p class=\"wp-block-paragraph\">Tappt ger vi inte.<br>Vi beh\u00f6ver bara andas en stund.<\/p>\n\n\n\n<figure class=\"wp-block-image size-medium\"><a href=\"https:\/\/sven-ove.nu\/wp-content\/uploads\/2023\/08\/Ute-i-Vanern-scaled.jpeg\"><img loading=\"lazy\" decoding=\"async\" width=\"225\" height=\"300\" src=\"https:\/\/sven-ove.nu\/wp-content\/uploads\/2023\/08\/Ute-i-Vanern-225x300.jpeg\" alt=\"\" class=\"wp-image-25706\" srcset=\"https:\/\/sven-ove.nu\/wp-content\/uploads\/2023\/08\/Ute-i-Vanern-225x300.jpeg 225w, https:\/\/sven-ove.nu\/wp-content\/uploads\/2023\/08\/Ute-i-Vanern-768x1024.jpeg 768w, https:\/\/sven-ove.nu\/wp-content\/uploads\/2023\/08\/Ute-i-Vanern-1152x1536.jpeg 1152w, https:\/\/sven-ove.nu\/wp-content\/uploads\/2023\/08\/Ute-i-Vanern-1536x2048.jpeg 1536w, https:\/\/sven-ove.nu\/wp-content\/uploads\/2023\/08\/Ute-i-Vanern-scaled.jpeg 1920w\" sizes=\"auto, (max-width: 225px) 100vw, 225px\" \/><\/a><\/figure>\n\n\n\n<p class=\"has-light-blue-background-color has-background wp-block-paragraph\"><a href=\"https:\/\/sven-ove.nu\/\">Hem<\/a>&nbsp;|&nbsp;<a href=\"https:\/\/sven-ove.nu\/?page_id=170\">Om mig<\/a>&nbsp;|&nbsp;<a href=\"https:\/\/sven-ove.nu\/?page_id=1385\">Skriva &amp; prata<\/a>&nbsp;|&nbsp;<a href=\"https:\/\/sven-ove.nu\/?page_id=100\">Politik<\/a>&nbsp;|&nbsp;<a href=\"https:\/\/sven-ove.nu\/?page_id=102\">L\u00f6pa<\/a>&nbsp;|&nbsp;<a href=\"https:\/\/sven-ove.nu\/?page_id=108\">Viktor Root<\/a>&nbsp;&nbsp;<br><em>Inl\u00e4gg nr 2 287, (c) Sven-Ove Svensson (men dela g\u00e4rna<\/em>)<\/p>\n","protected":false},"excerpt":{"rendered":"<p>V\u00e4nern fr\u00e5n Hamnholmarna, augusti 2023. N\u00e4r den ene tycker polisen ska skjuta skarpt mot folkmassor och den andre att vi ska br\u00e4nna hundra koraner till. D\u00e5 \u00e4r det sk\u00f6nt att det finns kantareller att h\u00e4mta och mjuka skogsstigar att springa p\u00e5. N\u00e4r den tredje tycker att samer och judar inte \u00e4r svenskar och att Pride &hellip; <a href=\"https:\/\/sven-ove.nu\/?p=25701\" class=\"more-link\">Forts\u00e4tt l\u00e4sa <span class=\"screen-reader-text\">Ge mig kraft, ge mig gl\u00e4dje<\/span><\/a><\/p>\n","protected":false},"author":1,"featured_media":0,"comment_status":"closed","ping_status":"open","sticky":false,"template":"","format":"standard","meta":{"_crdt_document":"","_monsterinsights_skip_tracking":false,"_monsterinsights_sitenote_active":false,"_monsterinsights_sitenote_note":"","_monsterinsights_sitenote_category":0,"footnotes":""},"categories":[10,5,6,9],"tags":[16,15,21,17],"class_list":["post-25701","post","type-post","status-publish","format-standard","hentry","category-familjen","category-lopning","category-natur","category-politik","tag-dumheter","tag-mediedjungeln","tag-ord","tag-solidaritet"],"_links":{"self":[{"href":"https:\/\/sven-ove.nu\/index.php?rest_route=\/wp\/v2\/posts\/25701","targetHints":{"allow":["GET"]}}],"collection":[{"href":"https:\/\/sven-ove.nu\/index.php?rest_route=\/wp\/v2\/posts"}],"about":[{"href":"https:\/\/sven-ove.nu\/index.php?rest_route=\/wp\/v2\/types\/post"}],"author":[{"embeddable":true,"href":"https:\/\/sven-ove.nu\/index.php?rest_route=\/wp\/v2\/users\/1"}],"replies":[{"embeddable":true,"href":"https:\/\/sven-ove.nu\/index.php?rest_route=%2Fwp%2Fv2%2Fcomments&post=25701"}],"version-history":[{"count":4,"href":"https:\/\/sven-ove.nu\/index.php?rest_route=\/wp\/v2\/posts\/25701\/revisions"}],"predecessor-version":[{"id":25708,"href":"https:\/\/sven-ove.nu\/index.php?rest_route=\/wp\/v2\/posts\/25701\/revisions\/25708"}],"wp:attachment":[{"href":"https:\/\/sven-ove.nu\/index.php?rest_route=%2Fwp%2Fv2%2Fmedia&parent=25701"}],"wp:term":[{"taxonomy":"category","embeddable":true,"href":"https:\/\/sven-ove.nu\/index.php?rest_route=%2Fwp%2Fv2%2Fcategories&post=25701"},{"taxonomy":"post_tag","embeddable":true,"href":"https:\/\/sven-ove.nu\/index.php?rest_route=%2Fwp%2Fv2%2Ftags&post=25701"}],"curies":[{"name":"wp","href":"https:\/\/api.w.org\/{rel}","templated":true}]}}