{"id":25709,"date":"2023-08-16T04:39:00","date_gmt":"2023-08-16T03:39:00","guid":{"rendered":"https:\/\/sven-ove.nu\/?p=25709"},"modified":"2023-08-15T07:47:43","modified_gmt":"2023-08-15T06:47:43","slug":"det-konstigaste-skal-som-finns","status":"publish","type":"post","link":"https:\/\/sven-ove.nu\/?p=25709","title":{"rendered":"Det konstigaste sk\u00e4l som finns"},"content":{"rendered":"\n<figure class=\"wp-block-image size-large\"><a href=\"https:\/\/sven-ove.nu\/wp-content\/uploads\/2023\/08\/Sola-Arena-scaled.jpg\"><img loading=\"lazy\" decoding=\"async\" width=\"1024\" height=\"734\" src=\"https:\/\/sven-ove.nu\/wp-content\/uploads\/2023\/08\/Sola-Arena-1024x734.jpg\" alt=\"\" class=\"wp-image-25710\" srcset=\"https:\/\/sven-ove.nu\/wp-content\/uploads\/2023\/08\/Sola-Arena-1024x734.jpg 1024w, https:\/\/sven-ove.nu\/wp-content\/uploads\/2023\/08\/Sola-Arena-300x215.jpg 300w, https:\/\/sven-ove.nu\/wp-content\/uploads\/2023\/08\/Sola-Arena-768x551.jpg 768w, https:\/\/sven-ove.nu\/wp-content\/uploads\/2023\/08\/Sola-Arena-1536x1101.jpg 1536w, https:\/\/sven-ove.nu\/wp-content\/uploads\/2023\/08\/Sola-Arena-2048x1468.jpg 2048w\" sizes=\"auto, (max-width: 1024px) 100vw, 1024px\" \/><\/a><\/figure>\n\n\n\n<blockquote class=\"wp-block-quote is-layout-flow wp-block-quote-is-layout-flow\">\n<p class=\"wp-block-paragraph\">\u201dHar du slutat g\u00e5 p\u00e5 Karlstad Fotbolls hemmamatcher?\u201d undrar folk. \u201dHade inte du t\u00e4nkt dig att bli en profil p\u00e5 Sola Arena, h\u00f6gst upp p\u00e5 st\u00e5plats, alltid mitt f\u00f6r mittlinjen? K\u00f6pte inte du halsduk till och med? Du var ju v\u00e4ldigt entusiastisk \u00f6ver satsningen?\u201d<\/p>\n<\/blockquote>\n\n\n\n<p class=\"wp-block-paragraph\">\u201dJo. S\u00e5 \u00e4r det.\u201d<br>\u201dVarf\u00f6r slutade du d\u00e5?\u201d<br>\u201dAv det konstigaste sk\u00e4l som finns.\u201d<br>\u201dVilket?\u201d<br>\u201dDe spelar f\u00f6r h\u00f6g musik i h\u00f6gtalarna p\u00e5 st\u00e5.\u201d<\/p>\n\n\n\n<p class=\"wp-block-paragraph\">\u201dSant?\u201d<br>\u201dSant. En g\u00e5ng var det en gubbe en bit bort som stod och skrek en l\u00e5ng stund. \u2019S\u00c4NK!!!\u2019 skrek han. Fast det h\u00f6rdes f\u00f6rst\u00e5s inte till karln med volymknappen.\u201d<\/p>\n\n\n\n<p class=\"wp-block-paragraph\">\u201dHar inte den karln varit \u00f6ver till st\u00e5platsl\u00e4ktar\u2019n och provlyssnat d\u00e5, tror du?\u201d<br>\u201dDet \u00e4r klart han har. Jag har blivit f\u00f6r gammal f\u00f6r dagens volymer, det \u00e4r hela felet. Jag och gubben en bit bort.\u201d<\/p>\n\n\n\n<p class=\"has-white-color has-text-color has-background has-link-color wp-elements-85758a3091eb9660aac029bd4deaf64d wp-block-paragraph\" style=\"background-color:#4e42f2\"><strong><em>### Hoppas det g\u00e5r bra f\u00f6r laget \u00e4nd\u00e5.<\/em><br><em>### Det \u00e4r stan v\u00e4rd.<\/em><\/strong><\/p>\n\n\n\n<p class=\"has-dark-gray-background-color has-background wp-block-paragraph\">Jag vet, man kan kontakta dom. Det \u00e4r bara det att jag f\u00f6ruts\u00e4tter att de redan har varit och provlyssnat.<\/p>\n\n\n\n<p class=\"has-white-background-color has-background wp-block-paragraph\"><a href=\"https:\/\/sven-ove.nu\/\">Hem<\/a>\u00a0|\u00a0<a href=\"https:\/\/sven-ove.nu\/?page_id=170\">Om mig<\/a>\u00a0|\u00a0<a href=\"https:\/\/sven-ove.nu\/?page_id=1385\">Skriva &amp; prata<\/a>\u00a0|\u00a0<a href=\"https:\/\/sven-ove.nu\/?page_id=100\">Politik<\/a>\u00a0|\u00a0<a href=\"https:\/\/sven-ove.nu\/?page_id=102\">L\u00f6pa<\/a>\u00a0|\u00a0<a href=\"https:\/\/sven-ove.nu\/?page_id=108\">Viktor Root<\/a>\u00a0\u00a0<br><em>Inl\u00e4gg nr 2 288, (c) Sven-Ove Svensson (men dela g\u00e4rna<\/em><strong>)<\/strong><\/p>\n","protected":false},"excerpt":{"rendered":"<p>\u201dHar du slutat g\u00e5 p\u00e5 Karlstad Fotbolls hemmamatcher?\u201d undrar folk. \u201dHade inte du t\u00e4nkt dig att bli en profil p\u00e5 Sola Arena, h\u00f6gst upp p\u00e5 st\u00e5plats, alltid mitt f\u00f6r mittlinjen? K\u00f6pte inte du halsduk till och med? Du var ju v\u00e4ldigt entusiastisk \u00f6ver satsningen?\u201d \u201dJo. S\u00e5 \u00e4r det.\u201d\u201dVarf\u00f6r slutade du d\u00e5?\u201d\u201dAv det konstigaste sk\u00e4l som &hellip; <a href=\"https:\/\/sven-ove.nu\/?p=25709\" class=\"more-link\">Forts\u00e4tt l\u00e4sa <span class=\"screen-reader-text\">Det konstigaste sk\u00e4l som finns<\/span><\/a><\/p>\n","protected":false},"author":1,"featured_media":0,"comment_status":"closed","ping_status":"open","sticky":false,"template":"","format":"standard","meta":{"_crdt_document":"","_monsterinsights_skip_tracking":false,"_monsterinsights_sitenote_active":false,"_monsterinsights_sitenote_note":"","_monsterinsights_sitenote_category":0,"footnotes":""},"categories":[28],"tags":[16,13],"class_list":["post-25709","post","type-post","status-publish","format-standard","hentry","category-kreativt-folk","tag-dumheter","tag-utrustning"],"_links":{"self":[{"href":"https:\/\/sven-ove.nu\/index.php?rest_route=\/wp\/v2\/posts\/25709","targetHints":{"allow":["GET"]}}],"collection":[{"href":"https:\/\/sven-ove.nu\/index.php?rest_route=\/wp\/v2\/posts"}],"about":[{"href":"https:\/\/sven-ove.nu\/index.php?rest_route=\/wp\/v2\/types\/post"}],"author":[{"embeddable":true,"href":"https:\/\/sven-ove.nu\/index.php?rest_route=\/wp\/v2\/users\/1"}],"replies":[{"embeddable":true,"href":"https:\/\/sven-ove.nu\/index.php?rest_route=%2Fwp%2Fv2%2Fcomments&post=25709"}],"version-history":[{"count":5,"href":"https:\/\/sven-ove.nu\/index.php?rest_route=\/wp\/v2\/posts\/25709\/revisions"}],"predecessor-version":[{"id":25716,"href":"https:\/\/sven-ove.nu\/index.php?rest_route=\/wp\/v2\/posts\/25709\/revisions\/25716"}],"wp:attachment":[{"href":"https:\/\/sven-ove.nu\/index.php?rest_route=%2Fwp%2Fv2%2Fmedia&parent=25709"}],"wp:term":[{"taxonomy":"category","embeddable":true,"href":"https:\/\/sven-ove.nu\/index.php?rest_route=%2Fwp%2Fv2%2Fcategories&post=25709"},{"taxonomy":"post_tag","embeddable":true,"href":"https:\/\/sven-ove.nu\/index.php?rest_route=%2Fwp%2Fv2%2Ftags&post=25709"}],"curies":[{"name":"wp","href":"https:\/\/api.w.org\/{rel}","templated":true}]}}