{"id":25727,"date":"2023-08-18T04:13:00","date_gmt":"2023-08-18T03:13:00","guid":{"rendered":"https:\/\/sven-ove.nu\/?p=25727"},"modified":"2023-08-17T13:23:42","modified_gmt":"2023-08-17T12:23:42","slug":"den-lilla-ortens-fordel","status":"publish","type":"post","link":"https:\/\/sven-ove.nu\/?p=25727","title":{"rendered":"Den lilla ortens f\u00f6rdel"},"content":{"rendered":"\n<figure class=\"wp-block-image size-large\"><a href=\"https:\/\/sven-ove.nu\/wp-content\/uploads\/2023\/08\/Foto-Sven-Ove-Svensson-scaled.jpeg\"><img loading=\"lazy\" decoding=\"async\" width=\"750\" height=\"1024\" src=\"https:\/\/sven-ove.nu\/wp-content\/uploads\/2023\/08\/Foto-Sven-Ove-Svensson-750x1024.jpeg\" alt=\"\" class=\"wp-image-25728\" srcset=\"https:\/\/sven-ove.nu\/wp-content\/uploads\/2023\/08\/Foto-Sven-Ove-Svensson-750x1024.jpeg 750w, https:\/\/sven-ove.nu\/wp-content\/uploads\/2023\/08\/Foto-Sven-Ove-Svensson-220x300.jpeg 220w, https:\/\/sven-ove.nu\/wp-content\/uploads\/2023\/08\/Foto-Sven-Ove-Svensson-768x1049.jpeg 768w, https:\/\/sven-ove.nu\/wp-content\/uploads\/2023\/08\/Foto-Sven-Ove-Svensson-1125x1536.jpeg 1125w, https:\/\/sven-ove.nu\/wp-content\/uploads\/2023\/08\/Foto-Sven-Ove-Svensson-1500x2048.jpeg 1500w, https:\/\/sven-ove.nu\/wp-content\/uploads\/2023\/08\/Foto-Sven-Ove-Svensson-scaled.jpeg 1875w\" sizes=\"auto, (max-width: 750px) 100vw, 750px\" \/><\/a><\/figure>\n\n\n\n<p class=\"has-text-align-right wp-block-paragraph\"><em>Gryningspatrull inv\u00e4ntar lots.<\/em><\/p>\n\n\n\n<blockquote class=\"wp-block-quote is-layout-flow wp-block-quote-is-layout-flow\">\n<p class=\"wp-block-paragraph\">Torsdagsmorgon, jag ska ut och g\u00e5 med gubbarna i Gryningspatrullen och r\u00e5kar komma f\u00f6rst till dagens samlingspunkt Lill-Coop.<\/p>\n<\/blockquote>\n\n\n\n<p class=\"wp-block-paragraph\">Butiken \u00e4r st\u00e4ngd. Bra, d\u00e5 kan jag lugnt passa p\u00e5 och spegla mig i glasrutan. Jag f\u00f6rs\u00f6ker se om jag har tandkr\u00e4m kvar i mungipan.<br>Efter en minut l\u00e5ser en v\u00e4nlig kvinna p\u00e5 insidan upp glasd\u00f6rren och tittar ut.<br>&#8211; Beh\u00f6ver du komma in och handla?<\/p>\n\n\n\n<p class=\"wp-block-paragraph\">Klockan \u00e4r 08.05. De \u00f6ppnar om 55 minuter.<\/p>\n\n\n\n<p class=\"wp-block-paragraph\">Vi skrattar gott tillsammans \u00e5t den vimsige gubben som grimaserade s\u00e5 illa nyss. Jas\u00e5 var det bara tandkr\u00e4men.<\/p>\n\n\n\n<figure class=\"wp-block-image size-large\"><a href=\"https:\/\/sven-ove.nu\/wp-content\/uploads\/2023\/08\/IMG_7491.jpeg\"><img loading=\"lazy\" decoding=\"async\" width=\"1024\" height=\"1024\" src=\"https:\/\/sven-ove.nu\/wp-content\/uploads\/2023\/08\/IMG_7491-1024x1024.jpeg\" alt=\"\" class=\"wp-image-25731\" srcset=\"https:\/\/sven-ove.nu\/wp-content\/uploads\/2023\/08\/IMG_7491-1024x1024.jpeg 1024w, https:\/\/sven-ove.nu\/wp-content\/uploads\/2023\/08\/IMG_7491-300x300.jpeg 300w, https:\/\/sven-ove.nu\/wp-content\/uploads\/2023\/08\/IMG_7491-150x150.jpeg 150w, https:\/\/sven-ove.nu\/wp-content\/uploads\/2023\/08\/IMG_7491-768x768.jpeg 768w, https:\/\/sven-ove.nu\/wp-content\/uploads\/2023\/08\/IMG_7491.jpeg 1340w\" sizes=\"auto, (max-width: 1024px) 100vw, 1024px\" \/><\/a><\/figure>\n\n\n\n<p class=\"has-light-blue-background-color has-background wp-block-paragraph\"><strong>###<\/strong> Jag har en rullande serie sm\u00e5texter p\u00e5 Facebook under rubriken \u201dDen lilla ortens f\u00f6rdel\u201d. Detta \u00e4r nummer 55. Eller 65, jag vet inte riktigt.<br><br><strong>###<\/strong> Ibland \u00e4r de skrivna med ett leende men alltid med k\u00e4rlek till n\u00e4rheten p\u00e5 min lilla ort. H\u00e4r k\u00e4nner vi Per p\u00e5 kommun och vet vilken damm Nisse Nilsson l\u00e4rde sig \u00e5ka skridskor p\u00e5. Eller var Lill-Coop finns.<br><br><strong>###<\/strong> Det finns bara ett Coop i Sverige som ligger i den enda trakt i landet som heter Skived.<br><br>Bra d\u00e4r.<\/p>\n\n\n\n<p class=\"has-background wp-block-paragraph\" style=\"background-color:#dbf692\"><a href=\"https:\/\/sven-ove.nu\/\">Hem<\/a>&nbsp;|&nbsp;<a href=\"https:\/\/sven-ove.nu\/?page_id=170\">Om mig<\/a>&nbsp;|&nbsp;<a href=\"https:\/\/sven-ove.nu\/?page_id=1385\">Skriva &amp; prata<\/a>&nbsp;|&nbsp;<a href=\"https:\/\/sven-ove.nu\/?page_id=100\">Politik<\/a>&nbsp;|&nbsp;<a href=\"https:\/\/sven-ove.nu\/?page_id=102\">L\u00f6pa<\/a>&nbsp;|&nbsp;<a href=\"https:\/\/sven-ove.nu\/?page_id=108\">Viktor Root<\/a>&nbsp;&nbsp;<br><em>Inl\u00e4gg nr 2 290, (c) Sven-Ove Svensson (men dela g\u00e4rna<\/em>)<\/p>\n","protected":false},"excerpt":{"rendered":"<p>Gryningspatrull inv\u00e4ntar lots. Torsdagsmorgon, jag ska ut och g\u00e5 med gubbarna i Gryningspatrullen och r\u00e5kar komma f\u00f6rst till dagens samlingspunkt Lill-Coop. Butiken \u00e4r st\u00e4ngd. Bra, d\u00e5 kan jag lugnt passa p\u00e5 och spegla mig i glasrutan. Jag f\u00f6rs\u00f6ker se om jag har tandkr\u00e4m kvar i mungipan.Efter en minut l\u00e5ser en v\u00e4nlig kvinna p\u00e5 insidan upp &hellip; <a href=\"https:\/\/sven-ove.nu\/?p=25727\" class=\"more-link\">Forts\u00e4tt l\u00e4sa <span class=\"screen-reader-text\">Den lilla ortens f\u00f6rdel<\/span><\/a><\/p>\n","protected":false},"author":1,"featured_media":0,"comment_status":"closed","ping_status":"open","sticky":false,"template":"","format":"standard","meta":{"_crdt_document":"","_monsterinsights_skip_tracking":false,"_monsterinsights_sitenote_active":false,"_monsterinsights_sitenote_note":"","_monsterinsights_sitenote_category":0,"footnotes":""},"categories":[28],"tags":[3,24],"class_list":["post-25727","post","type-post","status-publish","format-standard","hentry","category-kreativt-folk","tag-arbete","tag-karlek"],"_links":{"self":[{"href":"https:\/\/sven-ove.nu\/index.php?rest_route=\/wp\/v2\/posts\/25727","targetHints":{"allow":["GET"]}}],"collection":[{"href":"https:\/\/sven-ove.nu\/index.php?rest_route=\/wp\/v2\/posts"}],"about":[{"href":"https:\/\/sven-ove.nu\/index.php?rest_route=\/wp\/v2\/types\/post"}],"author":[{"embeddable":true,"href":"https:\/\/sven-ove.nu\/index.php?rest_route=\/wp\/v2\/users\/1"}],"replies":[{"embeddable":true,"href":"https:\/\/sven-ove.nu\/index.php?rest_route=%2Fwp%2Fv2%2Fcomments&post=25727"}],"version-history":[{"count":5,"href":"https:\/\/sven-ove.nu\/index.php?rest_route=\/wp\/v2\/posts\/25727\/revisions"}],"predecessor-version":[{"id":25735,"href":"https:\/\/sven-ove.nu\/index.php?rest_route=\/wp\/v2\/posts\/25727\/revisions\/25735"}],"wp:attachment":[{"href":"https:\/\/sven-ove.nu\/index.php?rest_route=%2Fwp%2Fv2%2Fmedia&parent=25727"}],"wp:term":[{"taxonomy":"category","embeddable":true,"href":"https:\/\/sven-ove.nu\/index.php?rest_route=%2Fwp%2Fv2%2Fcategories&post=25727"},{"taxonomy":"post_tag","embeddable":true,"href":"https:\/\/sven-ove.nu\/index.php?rest_route=%2Fwp%2Fv2%2Ftags&post=25727"}],"curies":[{"name":"wp","href":"https:\/\/api.w.org\/{rel}","templated":true}]}}