{"id":25737,"date":"2023-08-29T04:46:00","date_gmt":"2023-08-29T03:46:00","guid":{"rendered":"https:\/\/sven-ove.nu\/?p=25737"},"modified":"2023-08-28T08:06:06","modified_gmt":"2023-08-28T07:06:06","slug":"for-mycket-klafs-och-for-lite-klapper","status":"publish","type":"post","link":"https:\/\/sven-ove.nu\/?p=25737","title":{"rendered":"F\u00f6r mycket klafs och f\u00f6r lite klapper"},"content":{"rendered":"\n<figure class=\"wp-block-image size-large\"><a href=\"https:\/\/sven-ove.nu\/wp-content\/uploads\/2023\/08\/Blott-i-skogen.jpg\"><img loading=\"lazy\" decoding=\"async\" width=\"1024\" height=\"703\" src=\"https:\/\/sven-ove.nu\/wp-content\/uploads\/2023\/08\/Blott-i-skogen-1024x703.jpg\" alt=\"\" class=\"wp-image-25746\" srcset=\"https:\/\/sven-ove.nu\/wp-content\/uploads\/2023\/08\/Blott-i-skogen-1024x703.jpg 1024w, https:\/\/sven-ove.nu\/wp-content\/uploads\/2023\/08\/Blott-i-skogen-300x206.jpg 300w, https:\/\/sven-ove.nu\/wp-content\/uploads\/2023\/08\/Blott-i-skogen-768x527.jpg 768w, https:\/\/sven-ove.nu\/wp-content\/uploads\/2023\/08\/Blott-i-skogen-1536x1054.jpg 1536w, https:\/\/sven-ove.nu\/wp-content\/uploads\/2023\/08\/Blott-i-skogen-2048x1406.jpg 2048w\" sizes=\"auto, (max-width: 1024px) 100vw, 1024px\" \/><\/a><\/figure>\n\n\n\n<p class=\"has-text-align-right wp-block-paragraph\"><em>En annan bl\u00f6t skog.<\/em><\/p>\n\n\n\n<blockquote class=\"wp-block-quote is-layout-flow wp-block-quote-is-layout-flow\">\n<p class=\"wp-block-paragraph\">Eftermiddag, jag joggar l\u00e4tt v\u00e4sterut. Planen \u00e4r att rekognosera l\u00e4mpliga stigar till n\u00e4sta g\u00e5ng det \u00e4r min tur att arrangera torsdagsvandringen med Gryningspatrullen.<\/p>\n<\/blockquote>\n\n\n\n<p class=\"wp-block-paragraph\">P\u00e5 kartan \u00e4r det en fin runda jag t\u00e4nkt ut. Ett m\u00f6te mellan villaf\u00f6rort och granskog d\u00e4r jag samtidigt kan erbjuda b\u00e5de sk\u00e5dning av v\u00e4garbete och studier av f\u00e4rskt viltstaket. Asfalt m\u00f6ter grusv\u00e4g, barrstig m\u00f6ter antydan till viss fukt.&nbsp;<\/p>\n\n\n\n<p class=\"wp-block-paragraph\">Bra t\u00e4nkt men spricker redan efter drygt en kilometer, fast det vill jag inte inse f\u00f6rst. Strax innan \u00c4ngbr\u00e5ten kommer min klubbkamrat B k\u00f6rande. Han ska ta in kontroller efter senaste orienteringstr\u00e4ningen. F\u00f6reningssverige fungerar och B blir glad n\u00e4r jag ber\u00e4ttar att min str\u00e5lbehandling varit lyckad. Vi skiljs \u00e5t, jag kl\u00e4ttrar in i skogen och hittar en m\u00f6jlig passage bort till stigen jag t\u00e4nkt anv\u00e4nda.<\/p>\n\n\n\n<p class=\"wp-block-paragraph\">Den stigen \u00e4r inte s\u00e4rskilt bl\u00f6t.<br>Den \u00e4r inte s\u00e4rskilt igenv\u00e4xt.<br>Inte allt mycket faktiskt.<br>V\u00e4ldigt bra stig.<br><br>Nej det \u00e4r det inte. Den \u00e4r \u201dklassbl\u00f6t\u201d som vi s\u00e4ger h\u00e4r p\u00e5 trakten. Hittills har min provrunda best\u00e5tt av alldeles f\u00f6r mycket klafs och p\u00e5 tok f\u00f6r lite klapper.<\/p>\n\n\n\n<p class=\"wp-block-paragraph\">Detta g\u00e5r inte.<\/p>\n\n\n\n<p class=\"wp-block-paragraph\"><strong>D\u00e5 blir de f\u00f6rv\u00e5nade<\/strong><br>Sakta pl\u00f6jer jag fram uppf\u00f6r stigen som mer \u00e4r en b\u00e4ck i augusti 2023 och f\u00f6rs\u00f6ker spj\u00e4rna emot i skallen. Viker bl\u00f6tt bj\u00f6rksly \u00e5t sidan och l\u00e5tsas intala mig sj\u00e4lv att va\u2019 hundan, lite sport ska det v\u00e4l vara.<\/p>\n\n\n\n<p class=\"wp-block-paragraph\">Nej det ska det inte. Till slut har jag best\u00e4mt mig.<\/p>\n\n\n\n<p class=\"wp-block-paragraph\">D\u00e5 m\u00f6ter jag tv\u00e5 damer l\u00e4ngs sluttningen ner mot 62:an. De b\u00e4r korgar. Just det, jag har ju plockat lite svamp ocks\u00e5 mot slutet, n\u00e4r jag redan gett upp om rundan.<\/p>\n\n\n\n<p class=\"wp-block-paragraph\">&#8211; Vill ni ha mina kantareller?<br>&#8211; Va?<br>&#8211; Vi har redan f\u00f6r fullt i frysen hemma.<\/p>\n\n\n\n<p class=\"wp-block-paragraph\">De ser f\u00f6rv\u00e5nade ut, jag t\u00f6mmer min tygkasse i en av korgarna och blir p\u00e5 gott hum\u00f6r igen.&nbsp;<br>&#8211; Har ni bilen p\u00e5 grusv\u00e4gen? Den branta uppf\u00f6rsbacken? F\u00f6lj stigen som jag sprang s\u00e5 kommer ni r\u00e4tt. Fram till grusv\u00e4gen \u00e4r det ganska torrt.<\/p>\n\n\n\n<p class=\"wp-block-paragraph\">Hej d\u00e5.<\/p>\n\n\n\n<p class=\"has-light-blue-background-color has-background wp-block-paragraph\"><a href=\"https:\/\/sven-ove.nu\/\">Hem<\/a>&nbsp;|&nbsp;<a href=\"https:\/\/sven-ove.nu\/?page_id=170\">Om mig<\/a>&nbsp;|&nbsp;<a href=\"https:\/\/sven-ove.nu\/?page_id=1385\">Skriva &amp; prata<\/a>&nbsp;|&nbsp;<a href=\"https:\/\/sven-ove.nu\/?page_id=100\">Politik<\/a>&nbsp;|&nbsp;<a href=\"https:\/\/sven-ove.nu\/?page_id=102\">L\u00f6pa<\/a>&nbsp;|&nbsp;<a href=\"https:\/\/sven-ove.nu\/?page_id=108\">Viktor Root<\/a>&nbsp;&nbsp;<br><em>Inl\u00e4gg nr 2 291, (c) Sven-Ove Svensson (men dela g\u00e4rna<\/em>)<\/p>\n","protected":false},"excerpt":{"rendered":"<p>En annan bl\u00f6t skog. Eftermiddag, jag joggar l\u00e4tt v\u00e4sterut. Planen \u00e4r att rekognosera l\u00e4mpliga stigar till n\u00e4sta g\u00e5ng det \u00e4r min tur att arrangera torsdagsvandringen med Gryningspatrullen. P\u00e5 kartan \u00e4r det en fin runda jag t\u00e4nkt ut. Ett m\u00f6te mellan villaf\u00f6rort och granskog d\u00e4r jag samtidigt kan erbjuda b\u00e5de sk\u00e5dning av v\u00e4garbete och studier av &hellip; <a href=\"https:\/\/sven-ove.nu\/?p=25737\" class=\"more-link\">Forts\u00e4tt l\u00e4sa <span class=\"screen-reader-text\">F\u00f6r mycket klafs och f\u00f6r lite klapper<\/span><\/a><\/p>\n","protected":false},"author":1,"featured_media":0,"comment_status":"closed","ping_status":"open","sticky":false,"template":"","format":"standard","meta":{"_crdt_document":"","_monsterinsights_skip_tracking":false,"_monsterinsights_sitenote_active":false,"_monsterinsights_sitenote_note":"","_monsterinsights_sitenote_category":0,"footnotes":""},"categories":[5,6],"tags":[3,13],"class_list":["post-25737","post","type-post","status-publish","format-standard","hentry","category-lopning","category-natur","tag-arbete","tag-utrustning"],"_links":{"self":[{"href":"https:\/\/sven-ove.nu\/index.php?rest_route=\/wp\/v2\/posts\/25737","targetHints":{"allow":["GET"]}}],"collection":[{"href":"https:\/\/sven-ove.nu\/index.php?rest_route=\/wp\/v2\/posts"}],"about":[{"href":"https:\/\/sven-ove.nu\/index.php?rest_route=\/wp\/v2\/types\/post"}],"author":[{"embeddable":true,"href":"https:\/\/sven-ove.nu\/index.php?rest_route=\/wp\/v2\/users\/1"}],"replies":[{"embeddable":true,"href":"https:\/\/sven-ove.nu\/index.php?rest_route=%2Fwp%2Fv2%2Fcomments&post=25737"}],"version-history":[{"count":5,"href":"https:\/\/sven-ove.nu\/index.php?rest_route=\/wp\/v2\/posts\/25737\/revisions"}],"predecessor-version":[{"id":25747,"href":"https:\/\/sven-ove.nu\/index.php?rest_route=\/wp\/v2\/posts\/25737\/revisions\/25747"}],"wp:attachment":[{"href":"https:\/\/sven-ove.nu\/index.php?rest_route=%2Fwp%2Fv2%2Fmedia&parent=25737"}],"wp:term":[{"taxonomy":"category","embeddable":true,"href":"https:\/\/sven-ove.nu\/index.php?rest_route=%2Fwp%2Fv2%2Fcategories&post=25737"},{"taxonomy":"post_tag","embeddable":true,"href":"https:\/\/sven-ove.nu\/index.php?rest_route=%2Fwp%2Fv2%2Ftags&post=25737"}],"curies":[{"name":"wp","href":"https:\/\/api.w.org\/{rel}","templated":true}]}}