{"id":25763,"date":"2023-09-02T04:15:00","date_gmt":"2023-09-02T03:15:00","guid":{"rendered":"https:\/\/sven-ove.nu\/?p=25763"},"modified":"2023-09-01T18:32:39","modified_gmt":"2023-09-01T17:32:39","slug":"loparlardom-nr-154","status":"publish","type":"post","link":"https:\/\/sven-ove.nu\/?p=25763","title":{"rendered":"L\u00f6parl\u00e4rdom nr 154"},"content":{"rendered":"\n<h4 class=\"wp-block-heading has-text-align-left has-background\" style=\"background-color:#c5f655\">Inskolning av nya l\u00f6parskor<\/h4>\n\n\n\n<figure class=\"wp-block-image size-medium\"><a href=\"https:\/\/sven-ove.nu\/wp-content\/uploads\/2023\/09\/Skor-pa-nattduksbord.jpeg\"><img loading=\"lazy\" decoding=\"async\" width=\"300\" height=\"300\" src=\"https:\/\/sven-ove.nu\/wp-content\/uploads\/2023\/09\/Skor-pa-nattduksbord-300x300.jpeg\" alt=\"\" class=\"wp-image-25764\" srcset=\"https:\/\/sven-ove.nu\/wp-content\/uploads\/2023\/09\/Skor-pa-nattduksbord-300x300.jpeg 300w, https:\/\/sven-ove.nu\/wp-content\/uploads\/2023\/09\/Skor-pa-nattduksbord-1024x1024.jpeg 1024w, https:\/\/sven-ove.nu\/wp-content\/uploads\/2023\/09\/Skor-pa-nattduksbord-150x150.jpeg 150w, https:\/\/sven-ove.nu\/wp-content\/uploads\/2023\/09\/Skor-pa-nattduksbord-768x768.jpeg 768w, https:\/\/sven-ove.nu\/wp-content\/uploads\/2023\/09\/Skor-pa-nattduksbord-1536x1536.jpeg 1536w, https:\/\/sven-ove.nu\/wp-content\/uploads\/2023\/09\/Skor-pa-nattduksbord-2048x2048.jpeg 2048w\" sizes=\"auto, (max-width: 300px) 100vw, 300px\" \/><\/a><\/figure>\n\n\n\n<p class=\"has-dark-gray-color has-white-background-color has-text-color has-background has-link-color wp-elements-c06c6e06a44b5bce74cc26778ed1a7dd wp-block-paragraph\"><strong>Steg ett: p\u00e5 nattduksbordet.<\/strong><br>&#8211; Go\u2019natt mina nya v\u00e4nner. Detta \u00e4r inskolningen. Vi ska bli goda v\u00e4nner har jag t\u00e4nkt.<\/p>\n\n\n\n<figure class=\"wp-block-image size-medium\"><a href=\"https:\/\/sven-ove.nu\/wp-content\/uploads\/2023\/09\/Skor-langtar-ut-scaled.jpeg\"><img loading=\"lazy\" decoding=\"async\" width=\"225\" height=\"300\" src=\"https:\/\/sven-ove.nu\/wp-content\/uploads\/2023\/09\/Skor-langtar-ut-225x300.jpeg\" alt=\"\" class=\"wp-image-25765\" srcset=\"https:\/\/sven-ove.nu\/wp-content\/uploads\/2023\/09\/Skor-langtar-ut-225x300.jpeg 225w, https:\/\/sven-ove.nu\/wp-content\/uploads\/2023\/09\/Skor-langtar-ut-768x1024.jpeg 768w, https:\/\/sven-ove.nu\/wp-content\/uploads\/2023\/09\/Skor-langtar-ut-1152x1536.jpeg 1152w, https:\/\/sven-ove.nu\/wp-content\/uploads\/2023\/09\/Skor-langtar-ut-1536x2048.jpeg 1536w, https:\/\/sven-ove.nu\/wp-content\/uploads\/2023\/09\/Skor-langtar-ut-scaled.jpeg 1920w\" sizes=\"auto, (max-width: 225px) 100vw, 225px\" \/><\/a><\/figure>\n\n\n\n<p class=\"wp-block-paragraph\"><strong>Steg tv\u00e5: vid ytterd\u00f6rren.<\/strong><br>&#8211; I kv\u00e4ll ska ni st\u00e5 vid d\u00f6rren och citera Werner Aspenstr\u00f6m. Han \u00e4r bra.<\/p>\n\n\n\n<p class=\"wp-block-paragraph\"><em>\u201dSKOR L\u00c4NGTAR UT<\/em><\/p>\n\n\n\n<p class=\"wp-block-paragraph\"><em>Nyss \u00e5skade det.<\/em><br><em>Nu har det upph\u00f6rt.<\/em><br><em>Hund h\u00e5ller jag inte.<\/em><br><em>Men tr\u00e4skor.<\/em><br><em>De st\u00e5r vid d\u00f6rren<\/em><br><em>och sk\u00e4ller.\u201d<\/em><\/p>\n\n\n\n<p class=\"wp-block-paragraph\"><\/p>\n\n\n\n<figure class=\"wp-block-image size-medium\"><a href=\"https:\/\/sven-ove.nu\/wp-content\/uploads\/2023\/09\/Skor-pa.jpeg\"><img loading=\"lazy\" decoding=\"async\" width=\"300\" height=\"300\" src=\"https:\/\/sven-ove.nu\/wp-content\/uploads\/2023\/09\/Skor-pa-300x300.jpeg\" alt=\"\" class=\"wp-image-25769\" srcset=\"https:\/\/sven-ove.nu\/wp-content\/uploads\/2023\/09\/Skor-pa-300x300.jpeg 300w, https:\/\/sven-ove.nu\/wp-content\/uploads\/2023\/09\/Skor-pa-1024x1024.jpeg 1024w, https:\/\/sven-ove.nu\/wp-content\/uploads\/2023\/09\/Skor-pa-150x150.jpeg 150w, https:\/\/sven-ove.nu\/wp-content\/uploads\/2023\/09\/Skor-pa-768x768.jpeg 768w, https:\/\/sven-ove.nu\/wp-content\/uploads\/2023\/09\/Skor-pa-1536x1536.jpeg 1536w, https:\/\/sven-ove.nu\/wp-content\/uploads\/2023\/09\/Skor-pa-2048x2048.jpeg 2048w\" sizes=\"auto, (max-width: 300px) 100vw, 300px\" \/><\/a><\/figure>\n\n\n\n<p class=\"wp-block-paragraph\"><strong>Steg tre: premi\u00e4rrundan<\/strong><br>Coachtejp p\u00e5 h\u00e4larna. F\u00f6rsiktig g\u00e5ng inomhus.<\/p>\n\n\n\n<figure class=\"wp-block-image size-medium\"><a href=\"https:\/\/sven-ove.nu\/wp-content\/uploads\/2023\/09\/Stretch-scaled.jpeg\"><img loading=\"lazy\" decoding=\"async\" width=\"300\" height=\"250\" src=\"https:\/\/sven-ove.nu\/wp-content\/uploads\/2023\/09\/Stretch-300x250.jpeg\" alt=\"\" class=\"wp-image-25771\" srcset=\"https:\/\/sven-ove.nu\/wp-content\/uploads\/2023\/09\/Stretch-300x250.jpeg 300w, https:\/\/sven-ove.nu\/wp-content\/uploads\/2023\/09\/Stretch-1024x852.jpeg 1024w, https:\/\/sven-ove.nu\/wp-content\/uploads\/2023\/09\/Stretch-768x639.jpeg 768w, https:\/\/sven-ove.nu\/wp-content\/uploads\/2023\/09\/Stretch-1536x1278.jpeg 1536w, https:\/\/sven-ove.nu\/wp-content\/uploads\/2023\/09\/Stretch-2048x1705.jpeg 2048w\" sizes=\"auto, (max-width: 300px) 100vw, 300px\" \/><\/a><\/figure>\n\n\n\n<p class=\"wp-block-paragraph\">Stretchning.<\/p>\n\n\n\n<figure class=\"wp-block-video\"><video height=\"720\" style=\"aspect-ratio: 1280 \/ 720;\" width=\"1280\" controls src=\"https:\/\/sven-ove.nu\/wp-content\/uploads\/2023\/09\/Forsta-loprondan.mov\"><\/video><\/figure>\n\n\n\n<p class=\"wp-block-paragraph\">F\u00f6rsta l\u00f6pstegen p\u00e5 ren fin asfalt.<br>&#8211; J\u00e4spalt, ni sitter som en sm\u00e4ck, b\u00e5da tv\u00e5.<\/p>\n\n\n\n<p class=\"wp-block-paragraph\"><strong>Lekande allvar<\/strong><br>Jag sk\u00e4mtar inte, detta \u00e4r p\u00e5 allvar. Jag vill vara en lekande m\u00e4nniska och den h\u00e4r ritualen har v\u00e4xt fram under m\u00e5nga \u00e5r.<\/p>\n\n\n\n<p class=\"wp-block-paragraph\">Alla dagar ska inte vara lika. Ibland vill jag springa fram genom Forshaga en fredag i september och lyckligt ber\u00e4tta f\u00f6r varenda m\u00e4nniska jag m\u00f6ter:<br>&#8211; Jag \u00e4r ute och provar mina nya skor!<\/p>\n\n\n\n<p class=\"has-light-blue-background-color has-background wp-block-paragraph\"><em>### Normalt springer jag i Pegasus. Nu fick jag lust att skoja till det. F\u00e4rgs\u00e4ttningen heter black\/hawaii, bara en s\u00e5\u2019n sak.<\/em><br><em>### Den f\u00f6rsta tiden \u00e4r de alltid finl\u00f6parskor, medan mina gamla skor st\u00e5r och stampar p\u00e5 balkongen och vill bli leriga igen.<\/em><br><em>### N\u00e4sta \u00e5r n\u00e4r sn\u00f6n har sm\u00e4lt b\u00f6rjar fj\u00e4rde steget i inskolningen. F\u00f6rsiktig smak av skog.<\/em><br><br><em>Jag k\u00e4nner att vi redan b\u00f6rjar bli v\u00e4nner.<\/em><\/p>\n\n\n\n<p class=\"has-background wp-block-paragraph\" style=\"background-color:#c5f655\"><a href=\"https:\/\/sven-ove.nu\/\">Hem<\/a>&nbsp;|&nbsp;<a href=\"https:\/\/sven-ove.nu\/?page_id=170\">Om mig<\/a>&nbsp;|&nbsp;<a href=\"https:\/\/sven-ove.nu\/?page_id=1385\">Skriva &amp; prata<\/a>&nbsp;|&nbsp;<a href=\"https:\/\/sven-ove.nu\/?page_id=100\">Politik<\/a>&nbsp;|&nbsp;<a href=\"https:\/\/sven-ove.nu\/?page_id=102\">L\u00f6pa<\/a>&nbsp;|&nbsp;<a href=\"https:\/\/sven-ove.nu\/?page_id=108\">Viktor Root<\/a>&nbsp;&nbsp;<br><em>Inl\u00e4gg nr 2 294, (c) Sven-Ove Svensson (men dela g\u00e4rna<\/em>)<\/p>\n","protected":false},"excerpt":{"rendered":"<p>Inskolning av nya l\u00f6parskor Steg ett: p\u00e5 nattduksbordet.&#8211; Go\u2019natt mina nya v\u00e4nner. Detta \u00e4r inskolningen. Vi ska bli goda v\u00e4nner har jag t\u00e4nkt. Steg tv\u00e5: vid ytterd\u00f6rren.&#8211; I kv\u00e4ll ska ni st\u00e5 vid d\u00f6rren och citera Werner Aspenstr\u00f6m. Han \u00e4r bra. \u201dSKOR L\u00c4NGTAR UT Nyss \u00e5skade det.Nu har det upph\u00f6rt.Hund h\u00e5ller jag inte.Men tr\u00e4skor.De st\u00e5r &hellip; <a href=\"https:\/\/sven-ove.nu\/?p=25763\" class=\"more-link\">Forts\u00e4tt l\u00e4sa <span class=\"screen-reader-text\">L\u00f6parl\u00e4rdom nr 154<\/span><\/a><\/p>\n","protected":false},"author":1,"featured_media":0,"comment_status":"closed","ping_status":"open","sticky":false,"template":"","format":"standard","meta":{"_crdt_document":"","_monsterinsights_skip_tracking":false,"_monsterinsights_sitenote_active":false,"_monsterinsights_sitenote_note":"","_monsterinsights_sitenote_category":0,"footnotes":""},"categories":[5],"tags":[24,13],"class_list":["post-25763","post","type-post","status-publish","format-standard","hentry","category-lopning","tag-karlek","tag-utrustning"],"_links":{"self":[{"href":"https:\/\/sven-ove.nu\/index.php?rest_route=\/wp\/v2\/posts\/25763","targetHints":{"allow":["GET"]}}],"collection":[{"href":"https:\/\/sven-ove.nu\/index.php?rest_route=\/wp\/v2\/posts"}],"about":[{"href":"https:\/\/sven-ove.nu\/index.php?rest_route=\/wp\/v2\/types\/post"}],"author":[{"embeddable":true,"href":"https:\/\/sven-ove.nu\/index.php?rest_route=\/wp\/v2\/users\/1"}],"replies":[{"embeddable":true,"href":"https:\/\/sven-ove.nu\/index.php?rest_route=%2Fwp%2Fv2%2Fcomments&post=25763"}],"version-history":[{"count":24,"href":"https:\/\/sven-ove.nu\/index.php?rest_route=\/wp\/v2\/posts\/25763\/revisions"}],"predecessor-version":[{"id":25833,"href":"https:\/\/sven-ove.nu\/index.php?rest_route=\/wp\/v2\/posts\/25763\/revisions\/25833"}],"wp:attachment":[{"href":"https:\/\/sven-ove.nu\/index.php?rest_route=%2Fwp%2Fv2%2Fmedia&parent=25763"}],"wp:term":[{"taxonomy":"category","embeddable":true,"href":"https:\/\/sven-ove.nu\/index.php?rest_route=%2Fwp%2Fv2%2Fcategories&post=25763"},{"taxonomy":"post_tag","embeddable":true,"href":"https:\/\/sven-ove.nu\/index.php?rest_route=%2Fwp%2Fv2%2Ftags&post=25763"}],"curies":[{"name":"wp","href":"https:\/\/api.w.org\/{rel}","templated":true}]}}