{"id":25842,"date":"2023-09-07T04:07:00","date_gmt":"2023-09-07T03:07:00","guid":{"rendered":"https:\/\/sven-ove.nu\/?p=25842"},"modified":"2023-09-06T14:16:31","modified_gmt":"2023-09-06T13:16:31","slug":"skulle-abf-sagt-nej-till-en-apartheidmotstandare","status":"publish","type":"post","link":"https:\/\/sven-ove.nu\/?p=25842","title":{"rendered":"Skulle ABF sagt nej till en apartheidmotst\u00e5ndare?"},"content":{"rendered":"\n<figure class=\"wp-block-image size-medium\"><a href=\"https:\/\/sven-ove.nu\/wp-content\/uploads\/2023\/09\/Portas-av-ABF.jpg\"><img loading=\"lazy\" decoding=\"async\" width=\"300\" height=\"221\" src=\"https:\/\/sven-ove.nu\/wp-content\/uploads\/2023\/09\/Portas-av-ABF-300x221.jpg\" alt=\"\" class=\"wp-image-25846\" srcset=\"https:\/\/sven-ove.nu\/wp-content\/uploads\/2023\/09\/Portas-av-ABF-300x221.jpg 300w, https:\/\/sven-ove.nu\/wp-content\/uploads\/2023\/09\/Portas-av-ABF-1024x755.jpg 1024w, https:\/\/sven-ove.nu\/wp-content\/uploads\/2023\/09\/Portas-av-ABF-768x566.jpg 768w, https:\/\/sven-ove.nu\/wp-content\/uploads\/2023\/09\/Portas-av-ABF.jpg 1423w\" sizes=\"auto, (max-width: 300px) 100vw, 300px\" \/><\/a><\/figure>\n\n\n\n<p class=\"has-text-align-left wp-block-paragraph\"><em>Bild och rubrik fr\u00e5n V\u00e4rmlands Folkblad 6 september. <\/em><br><em>Nedan en ins\u00e4ndare som jag skickat till tidningen<\/em>:<\/p>\n\n\n\n<p class=\"wp-block-paragraph\">Jag tycker om ABF. En g\u00e5ng i tiden fick jag en viktig del av min f\u00f6rs\u00f6rjning via f\u00f6rfattaruppl\u00e4sningar som det fina bildningsf\u00f6rbundet arrangerade. Jag har lett skrivarcirklar genom f\u00f6rbundet, g\u00e5tt p\u00e5 massor av program man anordnat och deltar sedan flera \u00e5r i en rolig bokcirkel via just ABF.<\/p>\n\n\n\n<p class=\"wp-block-paragraph\">Men. Ibland kan \u00e4ven en v\u00e4n g\u00f6ra fel. Nu har Arbetarnas Bildningsf\u00f6rbund gjort det. ABF V\u00e4rmland v\u00e4grar Anne-Marie Falkensj\u00f6 att genomf\u00f6ra en redan planerad f\u00f6rel\u00e4sningsserie om v\u00e5rt hotade klimat. Hon har n\u00e4mligen deltagit i en utomparlamentarisk aktion med civil olydnad. (Hon var med och gr\u00e4vde igen n\u00e5gra diken vid en torvt\u00e4kt i Sm\u00e5land).<\/p>\n\n\n\n<p class=\"wp-block-paragraph\">S\u00e4ga vad man vill om det beslutet, men det v\u00e4cker onekligen intressanta perspektiv. Ni skulle allts\u00e5 ha v\u00e4grat en gruvarbetare som varit med och strejkat vid Persbergsgruvan 1869 att komma och prata. Om ni funnits d\u00e5. Ni skulle v\u00e4grat en engelsk suffragett att komma och ber\u00e4tta om den brittiska kvinnokampen i b\u00f6rjan av 1900-talet. Ni skulle sagt nej till en svart sydafrikan f\u00f6r 40 \u00e5r sedan, som ville ber\u00e4tta om kampen mot apartheid i Sydafrika.<\/p>\n\n\n\n<p class=\"wp-block-paragraph\">En originell linje f\u00f6r en progressiv arbetarorganisation, det f\u00e5r man s\u00e4ga.<\/p>\n\n\n\n<p class=\"wp-block-paragraph\">Hur ska vi g\u00f6ra med mina gamla arvoden nu, ABF? Ska ni ha dom tillbaka? Jag har n\u00e4mligen deltagit i massor av Vietnamdemonstrationer, milj\u00f6demonstrationer och m\u00e5nga andra demonstrationer med. De var utomparlamentariska och r\u00e4tt olydiga mot \u00f6verheten allihop.<\/p>\n\n\n\n<p class=\"wp-block-paragraph\"><strong>Sven-Ove Svensson<\/strong><br>Forshaga<\/p>\n\n\n\n<p class=\"has-light-blue-background-color has-background wp-block-paragraph\"><a href=\"https:\/\/sven-ove.nu\/\">Hem<\/a>&nbsp;|&nbsp;<a href=\"https:\/\/sven-ove.nu\/?page_id=170\">Om mig<\/a>&nbsp;|&nbsp;<a href=\"https:\/\/sven-ove.nu\/?page_id=1385\">Skriva &amp; prata<\/a>&nbsp;|&nbsp;<a href=\"https:\/\/sven-ove.nu\/?page_id=100\">Politik<\/a>&nbsp;|&nbsp;<a href=\"https:\/\/sven-ove.nu\/?page_id=102\">L\u00f6pa<\/a>&nbsp;|&nbsp;<a href=\"https:\/\/sven-ove.nu\/?page_id=108\">Viktor Root<\/a>&nbsp;&nbsp;<br><em>Inl\u00e4gg nr 2 295, (c) Sven-Ove Svensson (men dela g\u00e4rna<\/em>)<\/p>\n","protected":false},"excerpt":{"rendered":"<p>Bild och rubrik fr\u00e5n V\u00e4rmlands Folkblad 6 september. Nedan en ins\u00e4ndare som jag skickat till tidningen: Jag tycker om ABF. En g\u00e5ng i tiden fick jag en viktig del av min f\u00f6rs\u00f6rjning via f\u00f6rfattaruppl\u00e4sningar som det fina bildningsf\u00f6rbundet arrangerade. Jag har lett skrivarcirklar genom f\u00f6rbundet, g\u00e5tt p\u00e5 massor av program man anordnat och deltar sedan &hellip; <a href=\"https:\/\/sven-ove.nu\/?p=25842\" class=\"more-link\">Forts\u00e4tt l\u00e4sa <span class=\"screen-reader-text\">Skulle ABF sagt nej till en apartheidmotst\u00e5ndare?<\/span><\/a><\/p>\n","protected":false},"author":1,"featured_media":0,"comment_status":"closed","ping_status":"open","sticky":false,"template":"","format":"standard","meta":{"_crdt_document":"","_monsterinsights_skip_tracking":false,"_monsterinsights_sitenote_active":false,"_monsterinsights_sitenote_note":"","_monsterinsights_sitenote_category":0,"footnotes":""},"categories":[6,9],"tags":[16,8,17],"class_list":["post-25842","post","type-post","status-publish","format-standard","hentry","category-natur","category-politik","tag-dumheter","tag-historia","tag-solidaritet"],"_links":{"self":[{"href":"https:\/\/sven-ove.nu\/index.php?rest_route=\/wp\/v2\/posts\/25842","targetHints":{"allow":["GET"]}}],"collection":[{"href":"https:\/\/sven-ove.nu\/index.php?rest_route=\/wp\/v2\/posts"}],"about":[{"href":"https:\/\/sven-ove.nu\/index.php?rest_route=\/wp\/v2\/types\/post"}],"author":[{"embeddable":true,"href":"https:\/\/sven-ove.nu\/index.php?rest_route=\/wp\/v2\/users\/1"}],"replies":[{"embeddable":true,"href":"https:\/\/sven-ove.nu\/index.php?rest_route=%2Fwp%2Fv2%2Fcomments&post=25842"}],"version-history":[{"count":5,"href":"https:\/\/sven-ove.nu\/index.php?rest_route=\/wp\/v2\/posts\/25842\/revisions"}],"predecessor-version":[{"id":25849,"href":"https:\/\/sven-ove.nu\/index.php?rest_route=\/wp\/v2\/posts\/25842\/revisions\/25849"}],"wp:attachment":[{"href":"https:\/\/sven-ove.nu\/index.php?rest_route=%2Fwp%2Fv2%2Fmedia&parent=25842"}],"wp:term":[{"taxonomy":"category","embeddable":true,"href":"https:\/\/sven-ove.nu\/index.php?rest_route=%2Fwp%2Fv2%2Fcategories&post=25842"},{"taxonomy":"post_tag","embeddable":true,"href":"https:\/\/sven-ove.nu\/index.php?rest_route=%2Fwp%2Fv2%2Ftags&post=25842"}],"curies":[{"name":"wp","href":"https:\/\/api.w.org\/{rel}","templated":true}]}}