{"id":25861,"date":"2023-09-14T04:50:00","date_gmt":"2023-09-14T03:50:00","guid":{"rendered":"https:\/\/sven-ove.nu\/?p=25861"},"modified":"2023-09-14T05:03:20","modified_gmt":"2023-09-14T04:03:20","slug":"skam-traskar-vidare","status":"publish","type":"post","link":"https:\/\/sven-ove.nu\/?p=25861","title":{"rendered":"Skam traskar vidare"},"content":{"rendered":"\n<figure class=\"wp-block-image size-large\"><a href=\"https:\/\/sven-ove.nu\/wp-content\/uploads\/2023\/09\/Galler-scaled.jpg\"><img loading=\"lazy\" decoding=\"async\" width=\"1024\" height=\"965\" src=\"https:\/\/sven-ove.nu\/wp-content\/uploads\/2023\/09\/Galler-1024x965.jpg\" alt=\"\" class=\"wp-image-25875\" srcset=\"https:\/\/sven-ove.nu\/wp-content\/uploads\/2023\/09\/Galler-1024x965.jpg 1024w, https:\/\/sven-ove.nu\/wp-content\/uploads\/2023\/09\/Galler-300x283.jpg 300w, https:\/\/sven-ove.nu\/wp-content\/uploads\/2023\/09\/Galler-768x724.jpg 768w, https:\/\/sven-ove.nu\/wp-content\/uploads\/2023\/09\/Galler-1536x1447.jpg 1536w, https:\/\/sven-ove.nu\/wp-content\/uploads\/2023\/09\/Galler-2048x1929.jpg 2048w\" sizes=\"auto, (max-width: 1024px) 100vw, 1024px\" \/><\/a><\/figure>\n\n\n\n<blockquote class=\"wp-block-quote is-layout-flow wp-block-quote-is-layout-flow\">\n<p class=\"has-dark-gray-color has-text-color has-link-color wp-elements-807a144d42557cfe52bf07f36a405c07 wp-block-paragraph\">Det har g\u00e5tt ett tag sedan min f\u00f6rra skamkatalog \u00f6ver fosterlandet. <br>H\u00e4r kommer n\u00e5gra nya noteringar:<\/p>\n<\/blockquote>\n\n\n\n<p class=\"has-dark-gray-color has-text-color has-link-color wp-elements-8240960d19f189ef03d1a1c6770beaea wp-block-paragraph\"><strong>1. <\/strong><br><strong>Det \u00e4r en skam<\/strong> att SD-regeringen har en s\u00e5 f\u00f6raktfull syn p\u00e5 Sveriges barnmorskor, f\u00f6rskoll\u00e4rare, l\u00e4rare, doktorer, ambulanssjukv\u00e5rdare och andra &#8211; att den tror att dessa medm\u00e4nniskor t\u00e4nker b\u00f6rja jobba extra som gr\u00e4nspoliser.<\/p>\n\n\n\n<p class=\"wp-block-paragraph\">\u201dAnge\u201d \u00e4r ett tyskt ord som f\u00f6rsta g\u00e5ngen d\u00f6k upp i svenska spr\u00e5ket \u00e5r 1593. Sj\u00e4lv har jag aldrig sett det i en enda arbetsbeskrivning.<\/p>\n\n\n\n<p class=\"wp-block-paragraph\">Absolut inte i betydelsen att ange n\u00e5gon f\u00f6r polisen.<\/p>\n\n\n\n<p class=\"wp-block-paragraph\"><strong>2. <\/strong><br><strong>Det \u00e4r en skam <\/strong>att moderata kommunpolitiker inte f\u00f6rst\u00e5r hur mycket vi har att tacka den kommunala musikskolan f\u00f6r, n\u00e4r svensk musikindustri exporterar f\u00f6r miljarder.<\/p>\n\n\n\n<p class=\"wp-block-paragraph\">Hade jag inte varit s\u00e5 sn\u00e4ll s\u00e5 hade jag rekommenderat en googling p\u00e5 \u201dNorrk\u00f6ping\u201d och det lokala begreppet \u201dflane\u201d.<\/p>\n\n\n\n<p class=\"wp-block-paragraph\">Men nu \u00e4r jag ju det.<\/p>\n\n\n\n<p class=\"wp-block-paragraph\"><strong>3. <\/strong><br><strong>Det \u00e4r en skam<\/strong> att vi \u00e5r 2023 fortfarande har ett s\u00e5 udda s\u00e4tt att utse statschef &#8211; som genom samlag. Stackarna i s\u00e4nghalmen tror inte ens att de b\u00f6r r\u00f6sta, det har man f\u00e5tt dem att tro. De ska bara gni\u2019 och gni\u2019. Efterv\u00e4rlden kommer att skaka p\u00e5 huvudet \u00e5t v\u00e5r tid:<\/p>\n\n\n\n<p class=\"wp-block-paragraph\">&#8211; Hade ni inga kurser i valberedning, val av ordf\u00f6rande, protokollskrivning och s\u00e5nt? Varf\u00f6r fick statschefen bara producera ungar, inte uttala sig politiskt? Trodde ni verkligen att han hade bl\u00e5tt blod?<\/p>\n\n\n\n<p class=\"wp-block-paragraph\"><strong>4. <\/strong><br><strong>Det \u00e4r en skam<\/strong> n\u00e4r bankerna tar ut 200 miljarder i vinst, n\u00e4r justitieutskottets ordf\u00f6rande (SD) vill att folk ska br\u00e4nna fler koraner, n\u00e4r en g\u00e4ngledare som rest till Turkiet till\u00e5ts dirigera barnsoldater i Sverige och n\u00e4r partiledaren i det forna kristna partiet driver egen utrikespolitik.<\/p>\n\n\n\n<p class=\"wp-block-paragraph\">200 miljarder!<\/p>\n\n\n\n<p class=\"wp-block-paragraph\"><strong>Skam traskar vidare p\u00e5 torra land.<br>Stor skam.<\/strong><\/p>\n\n\n\n<p class=\"has-background wp-block-paragraph\" style=\"background-color:#f2f2be\"><a href=\"https:\/\/sven-ove.nu\/\">Hem<\/a>&nbsp;|&nbsp;<a href=\"https:\/\/sven-ove.nu\/?page_id=170\">Om mig<\/a>&nbsp;|&nbsp;<a href=\"https:\/\/sven-ove.nu\/?page_id=1385\">Skriva &amp; prata<\/a>&nbsp;|&nbsp;<a href=\"https:\/\/sven-ove.nu\/?page_id=100\">Politik<\/a>&nbsp;|&nbsp;<a href=\"https:\/\/sven-ove.nu\/?page_id=102\">L\u00f6pa<\/a>&nbsp;|&nbsp;<a href=\"https:\/\/sven-ove.nu\/?page_id=108\">Viktor Root<\/a>&nbsp;&nbsp;<br><em>Inl\u00e4gg nr 2 297, (c) Sven-Ove Svensson (men dela g\u00e4rna<\/em>)<\/p>\n","protected":false},"excerpt":{"rendered":"<p>Det har g\u00e5tt ett tag sedan min f\u00f6rra skamkatalog \u00f6ver fosterlandet. H\u00e4r kommer n\u00e5gra nya noteringar: 1. Det \u00e4r en skam att SD-regeringen har en s\u00e5 f\u00f6raktfull syn p\u00e5 Sveriges barnmorskor, f\u00f6rskoll\u00e4rare, l\u00e4rare, doktorer, ambulanssjukv\u00e5rdare och andra &#8211; att den tror att dessa medm\u00e4nniskor t\u00e4nker b\u00f6rja jobba extra som gr\u00e4nspoliser. \u201dAnge\u201d \u00e4r ett tyskt ord &hellip; <a href=\"https:\/\/sven-ove.nu\/?p=25861\" class=\"more-link\">Forts\u00e4tt l\u00e4sa <span class=\"screen-reader-text\">Skam traskar vidare<\/span><\/a><\/p>\n","protected":false},"author":1,"featured_media":0,"comment_status":"closed","ping_status":"open","sticky":false,"template":"","format":"standard","meta":{"_crdt_document":"","_monsterinsights_skip_tracking":false,"_monsterinsights_sitenote_active":false,"_monsterinsights_sitenote_note":"","_monsterinsights_sitenote_category":0,"footnotes":""},"categories":[9],"tags":[16,8],"class_list":["post-25861","post","type-post","status-publish","format-standard","hentry","category-politik","tag-dumheter","tag-historia"],"_links":{"self":[{"href":"https:\/\/sven-ove.nu\/index.php?rest_route=\/wp\/v2\/posts\/25861","targetHints":{"allow":["GET"]}}],"collection":[{"href":"https:\/\/sven-ove.nu\/index.php?rest_route=\/wp\/v2\/posts"}],"about":[{"href":"https:\/\/sven-ove.nu\/index.php?rest_route=\/wp\/v2\/types\/post"}],"author":[{"embeddable":true,"href":"https:\/\/sven-ove.nu\/index.php?rest_route=\/wp\/v2\/users\/1"}],"replies":[{"embeddable":true,"href":"https:\/\/sven-ove.nu\/index.php?rest_route=%2Fwp%2Fv2%2Fcomments&post=25861"}],"version-history":[{"count":17,"href":"https:\/\/sven-ove.nu\/index.php?rest_route=\/wp\/v2\/posts\/25861\/revisions"}],"predecessor-version":[{"id":25883,"href":"https:\/\/sven-ove.nu\/index.php?rest_route=\/wp\/v2\/posts\/25861\/revisions\/25883"}],"wp:attachment":[{"href":"https:\/\/sven-ove.nu\/index.php?rest_route=%2Fwp%2Fv2%2Fmedia&parent=25861"}],"wp:term":[{"taxonomy":"category","embeddable":true,"href":"https:\/\/sven-ove.nu\/index.php?rest_route=%2Fwp%2Fv2%2Fcategories&post=25861"},{"taxonomy":"post_tag","embeddable":true,"href":"https:\/\/sven-ove.nu\/index.php?rest_route=%2Fwp%2Fv2%2Ftags&post=25861"}],"curies":[{"name":"wp","href":"https:\/\/api.w.org\/{rel}","templated":true}]}}