{"id":25885,"date":"2023-09-15T05:07:06","date_gmt":"2023-09-15T04:07:06","guid":{"rendered":"https:\/\/sven-ove.nu\/?p=25885"},"modified":"2023-09-15T09:18:21","modified_gmt":"2023-09-15T08:18:21","slug":"25885","status":"publish","type":"post","link":"https:\/\/sven-ove.nu\/?p=25885","title":{"rendered":"Vi m\u00e5ste kunna samtala om klimatet"},"content":{"rendered":"\n<figure class=\"wp-block-image size-large\"><a href=\"https:\/\/sven-ove.nu\/wp-content\/uploads\/2023\/09\/VF-15-sept-23.jpg\"><img loading=\"lazy\" decoding=\"async\" width=\"1024\" height=\"615\" src=\"https:\/\/sven-ove.nu\/wp-content\/uploads\/2023\/09\/VF-15-sept-23-1024x615.jpg\" alt=\"\" class=\"wp-image-25890\" srcset=\"https:\/\/sven-ove.nu\/wp-content\/uploads\/2023\/09\/VF-15-sept-23-1024x615.jpg 1024w, https:\/\/sven-ove.nu\/wp-content\/uploads\/2023\/09\/VF-15-sept-23-300x180.jpg 300w, https:\/\/sven-ove.nu\/wp-content\/uploads\/2023\/09\/VF-15-sept-23-768x461.jpg 768w, https:\/\/sven-ove.nu\/wp-content\/uploads\/2023\/09\/VF-15-sept-23.jpg 1218w\" sizes=\"auto, (max-width: 1024px) 100vw, 1024px\" \/><\/a><\/figure>\n\n\n\n<p class=\"has-text-align-right wp-block-paragraph\"><em>I dag, den 15 september, svarar ABF V\u00e4rmland mig i V\u00e4rmlands Folkblad <\/em><br><em>om talarturn\u00e9n kring klimatet som man st\u00e4llde in.<\/em><\/p>\n\n\n\n<p class=\"has-medium-font-size wp-block-paragraph\"><strong>Min kommentar till ABF:s svar<br>Vi m\u00e5ste kunna samtala om klimatet<\/strong><\/p>\n\n\n\n<p class=\"wp-block-paragraph\">Jag har jobbat fyra \u00e5r p\u00e5 SOS-centralen, \u00e5tta \u00e5r p\u00e5 R\u00e4ddningsverket, varit m\u00e4nniska i drygt 72 \u00e5r och f\u00f6r\u00e4lder i 45. Sj\u00e4lvklart vill jag inte att n\u00e5gon ska limma fast sig p\u00e5 motorv\u00e4gen och i v\u00e4rsta fall hindra en bl\u00e5ljusutryckning.&nbsp;<\/p>\n\n\n\n<p class=\"wp-block-paragraph\">Men detta handlar inte om det. Detta handlar om att l\u00e5ta en engagerad m\u00e4nniska tala om v\u00e5rt hotade klimat.<\/p>\n\n\n\n<p class=\"wp-block-paragraph\">ABF V\u00e4rmland har naturligtvis r\u00e4tt att fatta sina egna beslut. Man har r\u00e4tt att stoppa en talarturn\u00e9 kring \u00f6desfr\u00e5gor som klimatet. Men d\u00e5 f\u00e5r man ocks\u00e5 finna sig i att vi som gillar ABF st\u00e4ller oss fr\u00e5gande till det r\u00e4ddh\u00e5gsna beslutet.<\/p>\n\n\n\n<p class=\"wp-block-paragraph\">G\u00f6r om g\u00f6r r\u00e4tt, k\u00e4ra ABF V\u00e4rmland! L\u00e5t Ann-Marie Falkensj\u00f6 tala som det var t\u00e4nkt. Kan vi inte samtala om klimatet och m\u00e4nsklighetens framtid, vad kan vi d\u00e5 samtala om?<\/p>\n\n\n\n<p class=\"wp-block-paragraph\"><strong>Sven-Ove Svensson<\/strong><br>Forshaga<\/p>\n\n\n\n<p class=\"has-text-align-right has-dark-gray-color has-text-color has-link-color wp-elements-3e699a8f6232229330621fa4b6c1deb5 wp-block-paragraph\"><em><strong>L\u00c4NK till min ursprungliga ins\u00e4ndartext:<br><a href=\"https:\/\/sven-ove.nu\/?p=25842\" data-type=\"link\" data-id=\"https:\/\/sven-ove.nu\/?p=25842\">Skulle ABF ha sagt nej till en apartheidmotst\u00e5ndare?<\/a><\/strong><\/em><\/p>\n\n\n\n<p class=\"has-background wp-block-paragraph\" style=\"background-color:#b0f9ab\"><a href=\"https:\/\/sven-ove.nu\/\">Hem<\/a>&nbsp;|&nbsp;<a href=\"https:\/\/sven-ove.nu\/?page_id=170\">Om mig<\/a>&nbsp;|&nbsp;<a href=\"https:\/\/sven-ove.nu\/?page_id=1385\">Skriva &amp; prata<\/a>&nbsp;|&nbsp;<a href=\"https:\/\/sven-ove.nu\/?page_id=100\">Politik<\/a>&nbsp;|&nbsp;<a href=\"https:\/\/sven-ove.nu\/?page_id=102\">L\u00f6pa<\/a>&nbsp;|&nbsp;<a href=\"https:\/\/sven-ove.nu\/?page_id=108\">Viktor Root<\/a>&nbsp;&nbsp;<br><em>Inl\u00e4gg nr 2 298, (c) Sven-Ove Svensson (men dela g\u00e4rna<\/em>)<\/p>\n","protected":false},"excerpt":{"rendered":"<p>I dag, den 15 september, svarar ABF V\u00e4rmland mig i V\u00e4rmlands Folkblad om talarturn\u00e9n kring klimatet som man st\u00e4llde in. Min kommentar till ABF:s svarVi m\u00e5ste kunna samtala om klimatet Jag har jobbat fyra \u00e5r p\u00e5 SOS-centralen, \u00e5tta \u00e5r p\u00e5 R\u00e4ddningsverket, varit m\u00e4nniska i drygt 72 \u00e5r och f\u00f6r\u00e4lder i 45. Sj\u00e4lvklart vill jag inte &hellip; <a href=\"https:\/\/sven-ove.nu\/?p=25885\" class=\"more-link\">Forts\u00e4tt l\u00e4sa <span class=\"screen-reader-text\">Vi m\u00e5ste kunna samtala om klimatet<\/span><\/a><\/p>\n","protected":false},"author":1,"featured_media":0,"comment_status":"closed","ping_status":"open","sticky":false,"template":"","format":"standard","meta":{"_crdt_document":"","_monsterinsights_skip_tracking":false,"_monsterinsights_sitenote_active":false,"_monsterinsights_sitenote_note":"","_monsterinsights_sitenote_category":0,"footnotes":""},"categories":[6,9],"tags":[8,18,17],"class_list":["post-25885","post","type-post","status-publish","format-standard","hentry","category-natur","category-politik","tag-historia","tag-lardomar","tag-solidaritet"],"_links":{"self":[{"href":"https:\/\/sven-ove.nu\/index.php?rest_route=\/wp\/v2\/posts\/25885","targetHints":{"allow":["GET"]}}],"collection":[{"href":"https:\/\/sven-ove.nu\/index.php?rest_route=\/wp\/v2\/posts"}],"about":[{"href":"https:\/\/sven-ove.nu\/index.php?rest_route=\/wp\/v2\/types\/post"}],"author":[{"embeddable":true,"href":"https:\/\/sven-ove.nu\/index.php?rest_route=\/wp\/v2\/users\/1"}],"replies":[{"embeddable":true,"href":"https:\/\/sven-ove.nu\/index.php?rest_route=%2Fwp%2Fv2%2Fcomments&post=25885"}],"version-history":[{"count":15,"href":"https:\/\/sven-ove.nu\/index.php?rest_route=\/wp\/v2\/posts\/25885\/revisions"}],"predecessor-version":[{"id":25905,"href":"https:\/\/sven-ove.nu\/index.php?rest_route=\/wp\/v2\/posts\/25885\/revisions\/25905"}],"wp:attachment":[{"href":"https:\/\/sven-ove.nu\/index.php?rest_route=%2Fwp%2Fv2%2Fmedia&parent=25885"}],"wp:term":[{"taxonomy":"category","embeddable":true,"href":"https:\/\/sven-ove.nu\/index.php?rest_route=%2Fwp%2Fv2%2Fcategories&post=25885"},{"taxonomy":"post_tag","embeddable":true,"href":"https:\/\/sven-ove.nu\/index.php?rest_route=%2Fwp%2Fv2%2Ftags&post=25885"}],"curies":[{"name":"wp","href":"https:\/\/api.w.org\/{rel}","templated":true}]}}