{"id":25924,"date":"2023-09-20T04:50:00","date_gmt":"2023-09-20T03:50:00","guid":{"rendered":"https:\/\/sven-ove.nu\/?p=25924"},"modified":"2023-09-19T10:05:45","modified_gmt":"2023-09-19T09:05:45","slug":"varmare-och-varmare-och-varmare","status":"publish","type":"post","link":"https:\/\/sven-ove.nu\/?p=25924","title":{"rendered":"Varmare och varmare och varmare"},"content":{"rendered":"\n<figure class=\"wp-block-image size-large\"><a href=\"https:\/\/sven-ove.nu\/wp-content\/uploads\/2023\/09\/Fjarilen-flyger.jpg\"><img loading=\"lazy\" decoding=\"async\" width=\"776\" height=\"1024\" src=\"https:\/\/sven-ove.nu\/wp-content\/uploads\/2023\/09\/Fjarilen-flyger-776x1024.jpg\" alt=\"\" class=\"wp-image-25932\" srcset=\"https:\/\/sven-ove.nu\/wp-content\/uploads\/2023\/09\/Fjarilen-flyger-776x1024.jpg 776w, https:\/\/sven-ove.nu\/wp-content\/uploads\/2023\/09\/Fjarilen-flyger-227x300.jpg 227w, https:\/\/sven-ove.nu\/wp-content\/uploads\/2023\/09\/Fjarilen-flyger-768x1014.jpg 768w, https:\/\/sven-ove.nu\/wp-content\/uploads\/2023\/09\/Fjarilen-flyger-1164x1536.jpg 1164w, https:\/\/sven-ove.nu\/wp-content\/uploads\/2023\/09\/Fjarilen-flyger.jpg 1178w\" sizes=\"auto, (max-width: 776px) 100vw, 776px\" \/><\/a><\/figure>\n\n\n\n<p class=\"wp-block-paragraph\">Jag l\u00e4ser inte fort men b\u00f6ckerna \u00e4r bra och f\u00e5r mig att f\u00f6rst\u00e5 b\u00e4ttre och k\u00e4nna djupare. Den n\u00e4rmaste framtiden \u00e4r inte ljus.<\/p>\n\n\n\n<p class=\"wp-block-paragraph\">Bo Landins bok <strong>\u201d<a href=\"https:\/\/www.maxstrom.se\/bocker\/292134\/vatten-land\/\">Vatten &#8211; land<\/a>\u201d<\/strong> l\u00e4r mig mycket som jag inte visste om vad v\u00e5ra v\u00e5tmarker betyder f\u00f6r klimatet.<\/p>\n\n\n\n<p class=\"wp-block-paragraph\">Agne Sandbergs bok <strong>\u201d<a href=\"https:\/\/www.akademibokhandeln.se\/bok\/fjarilen-flyger\/9789189705296\">Fj\u00e4rilen flyger<\/a>\u201d<\/strong> l\u00e4r mig om hur mycket mindre som borde avverkas och om skogen som kols\u00e4nka.<\/p>\n\n\n\n<p class=\"wp-block-paragraph\">L\u00e4s.<br>Vi har bara ett jordklot.<br>Det blir varmare och varmare och varmare.<\/p>\n\n\n\n<p class=\"has-background wp-block-paragraph\" style=\"background-color:#f0c3a7\"><a href=\"https:\/\/sven-ove.nu\/\">Hem<\/a>&nbsp;|&nbsp;<a href=\"https:\/\/sven-ove.nu\/?page_id=170\">Om mig<\/a>&nbsp;|&nbsp;<a href=\"https:\/\/sven-ove.nu\/?page_id=1385\">Skriva &amp; prata<\/a>&nbsp;|&nbsp;<a href=\"https:\/\/sven-ove.nu\/?page_id=100\">Politik<\/a>&nbsp;|&nbsp;<a href=\"https:\/\/sven-ove.nu\/?page_id=102\">L\u00f6pa<\/a>&nbsp;|&nbsp;<a href=\"https:\/\/sven-ove.nu\/?page_id=108\">Viktor Root<\/a>&nbsp;&nbsp;<br><em>Inl\u00e4gg nr 2 300, (c) Sven-Ove Svensson (men dela g\u00e4rna).<\/em><\/p>\n","protected":false},"excerpt":{"rendered":"<p>Jag l\u00e4ser inte fort men b\u00f6ckerna \u00e4r bra och f\u00e5r mig att f\u00f6rst\u00e5 b\u00e4ttre och k\u00e4nna djupare. Den n\u00e4rmaste framtiden \u00e4r inte ljus. Bo Landins bok \u201dVatten &#8211; land\u201d l\u00e4r mig mycket som jag inte visste om vad v\u00e5ra v\u00e5tmarker betyder f\u00f6r klimatet. Agne Sandbergs bok \u201dFj\u00e4rilen flyger\u201d l\u00e4r mig om hur mycket mindre som &hellip; <a href=\"https:\/\/sven-ove.nu\/?p=25924\" class=\"more-link\">Forts\u00e4tt l\u00e4sa <span class=\"screen-reader-text\">Varmare och varmare och varmare<\/span><\/a><\/p>\n","protected":false},"author":1,"featured_media":0,"comment_status":"closed","ping_status":"open","sticky":false,"template":"","format":"standard","meta":{"_crdt_document":"","_monsterinsights_skip_tracking":false,"_monsterinsights_sitenote_active":false,"_monsterinsights_sitenote_note":"","_monsterinsights_sitenote_category":0,"footnotes":""},"categories":[10,28,6,9],"tags":[18,14],"class_list":["post-25924","post","type-post","status-publish","format-standard","hentry","category-familjen","category-kreativt-folk","category-natur","category-politik","tag-lardomar","tag-lasning"],"_links":{"self":[{"href":"https:\/\/sven-ove.nu\/index.php?rest_route=\/wp\/v2\/posts\/25924","targetHints":{"allow":["GET"]}}],"collection":[{"href":"https:\/\/sven-ove.nu\/index.php?rest_route=\/wp\/v2\/posts"}],"about":[{"href":"https:\/\/sven-ove.nu\/index.php?rest_route=\/wp\/v2\/types\/post"}],"author":[{"embeddable":true,"href":"https:\/\/sven-ove.nu\/index.php?rest_route=\/wp\/v2\/users\/1"}],"replies":[{"embeddable":true,"href":"https:\/\/sven-ove.nu\/index.php?rest_route=%2Fwp%2Fv2%2Fcomments&post=25924"}],"version-history":[{"count":8,"href":"https:\/\/sven-ove.nu\/index.php?rest_route=\/wp\/v2\/posts\/25924\/revisions"}],"predecessor-version":[{"id":25935,"href":"https:\/\/sven-ove.nu\/index.php?rest_route=\/wp\/v2\/posts\/25924\/revisions\/25935"}],"wp:attachment":[{"href":"https:\/\/sven-ove.nu\/index.php?rest_route=%2Fwp%2Fv2%2Fmedia&parent=25924"}],"wp:term":[{"taxonomy":"category","embeddable":true,"href":"https:\/\/sven-ove.nu\/index.php?rest_route=%2Fwp%2Fv2%2Fcategories&post=25924"},{"taxonomy":"post_tag","embeddable":true,"href":"https:\/\/sven-ove.nu\/index.php?rest_route=%2Fwp%2Fv2%2Ftags&post=25924"}],"curies":[{"name":"wp","href":"https:\/\/api.w.org\/{rel}","templated":true}]}}