{"id":25937,"date":"2023-09-24T04:19:00","date_gmt":"2023-09-24T03:19:00","guid":{"rendered":"https:\/\/sven-ove.nu\/?p=25937"},"modified":"2023-09-23T21:51:14","modified_gmt":"2023-09-23T20:51:14","slug":"25937","status":"publish","type":"post","link":"https:\/\/sven-ove.nu\/?p=25937","title":{"rendered":"Livet \u00e4r en fin uppfinning, du kropp"},"content":{"rendered":"\n<figure class=\"wp-block-image size-large\"><a href=\"https:\/\/sven-ove.nu\/wp-content\/uploads\/2023\/09\/Glada-gubbar.jpg\"><img loading=\"lazy\" decoding=\"async\" width=\"1024\" height=\"1024\" src=\"https:\/\/sven-ove.nu\/wp-content\/uploads\/2023\/09\/Glada-gubbar-1024x1024.jpg\" alt=\"\" class=\"wp-image-25946\" srcset=\"https:\/\/sven-ove.nu\/wp-content\/uploads\/2023\/09\/Glada-gubbar-1024x1024.jpg 1024w, https:\/\/sven-ove.nu\/wp-content\/uploads\/2023\/09\/Glada-gubbar-300x300.jpg 300w, https:\/\/sven-ove.nu\/wp-content\/uploads\/2023\/09\/Glada-gubbar-150x150.jpg 150w, https:\/\/sven-ove.nu\/wp-content\/uploads\/2023\/09\/Glada-gubbar-768x768.jpg 768w, https:\/\/sven-ove.nu\/wp-content\/uploads\/2023\/09\/Glada-gubbar.jpg 1455w\" sizes=\"auto, (max-width: 1024px) 100vw, 1024px\" \/><\/a><\/figure>\n\n\n\n<p class=\"has-text-align-right wp-block-paragraph\"><em>Foto: Bo-G\u00f6ran Sondell<\/em><\/p>\n\n\n\n<blockquote class=\"wp-block-quote is-layout-flow wp-block-quote-is-layout-flow\">\n<p class=\"wp-block-paragraph\">Det kanske inte \u00e4r s\u00e5 konstigt n\u00e4r man nyss f\u00e5tt livet tillbaka. Jag skyndar febrilt att leva.<\/p>\n<\/blockquote>\n\n\n\n<p class=\"wp-block-paragraph\">F\u00f6rst kom h\u00f6sten med alla unders\u00f6kningar och till sist cancerbeskedet. D\u00e4refter vintern med medicinering och v\u00e5ren med 22 str\u00e5lbehandlingar. Till sist doktorns ord den 10 augusti, de som fick mig att gr\u00e5ta:<br>&#8211; Du \u00e4r frisk.<\/p>\n\n\n\n<p class=\"wp-block-paragraph\">Det har varit ett omtumlande \u00e5r. N\u00e4r jag tittar i almanackan \u00f6ver den senaste tiden ser jag hur jag jobbar stenh\u00e5rt med att leva just nu. Jag blir visserligen kraftl\u00f6s om eftermiddagarna av medicineringen, det var v\u00e4ntat. Det hindrar inte att jag nyss varit p\u00e5 tv\u00e5 f\u00f6rfattaraftnar och ett folkbildarf\u00f6redrag i Karlstad och sj\u00e4lv st\u00e5tt p\u00e5 scenen vid tv\u00e5 uppl\u00e4sningar vid Torsby marknad. Nu h\u00e5ller jag p\u00e5 och f\u00f6rbereder mitt upptr\u00e4dande den 1 oktober i V\u00e4rmlandsmontern p\u00e5 bokm\u00e4ssan i G\u00f6teborg.<\/p>\n\n\n\n<p class=\"wp-block-paragraph\">Just det, jag gav ju ut <a href=\"https:\/\/www.bod.se\/bokshop\/mitt-liv-som-keps-sven-ove-svensson-9789180803663\" data-type=\"link\" data-id=\"https:\/\/www.bod.se\/bokshop\/mitt-liv-som-keps-sven-ove-svensson-9789180803663\"><strong>en bok<\/strong><\/a> ocks\u00e5.<\/p>\n\n\n\n<p class=\"wp-block-paragraph\">Jag har str\u00f6vat runt p\u00e5 karta och i verklighet och hittat en ny favoritstig i skogen, som jag visat mina v\u00e4nner gubbvandrarna. Jag springer 3-4 g\u00e5nger i veckan och har gjort mitt f\u00f6rsta l\u00e5ngpass p\u00e5 l\u00e4nge. Grillat hamburgare med v\u00e4nner. H\u00e5ller m\u00f6ten med tv\u00e5 bokcirklar h\u00e4r hemma denna vecka. Skriver ins\u00e4ndare, publicerar inl\u00e4gg p\u00e5 bloggen och facebook, g\u00e5r p\u00e5 m\u00f6ten, skriver protokoll och texter till politiken. Varit p\u00e5 klimatm\u00f6te p\u00e5 Stora torget i Karlstad. Ska h\u00e5lla tal d\u00e4r n\u00e4sta g\u00e5ng.<\/p>\n\n\n\n<p class=\"wp-block-paragraph\">L\u00e4ser.<br>Kramas.<br>H\u00e4mtar svamp.<br>Ska p\u00e5 \u00e5tertr\u00e4ff med oss som varit p\u00e5 studieresa till Auschwitz.<br>Ska h\u00e4mta in 35 Hittautstolpar i Sisuskogen och vid Stackbr\u00e5tarna i b\u00f6rjan av n\u00e4sta m\u00e5nad.<br>Kramas.<br>L\u00e4ser.<\/p>\n\n\n\n<p class=\"wp-block-paragraph\">Livet \u00e4r en fin uppfinning, du kropp.<br>Nu tar vi kaffe.<\/p>\n\n\n\n<figure class=\"wp-block-image size-medium\"><a href=\"https:\/\/sven-ove.nu\/wp-content\/uploads\/2023\/09\/Kaffe-scaled.jpeg\"><img loading=\"lazy\" decoding=\"async\" width=\"225\" height=\"300\" src=\"https:\/\/sven-ove.nu\/wp-content\/uploads\/2023\/09\/Kaffe-225x300.jpeg\" alt=\"\" class=\"wp-image-25952\" srcset=\"https:\/\/sven-ove.nu\/wp-content\/uploads\/2023\/09\/Kaffe-225x300.jpeg 225w, https:\/\/sven-ove.nu\/wp-content\/uploads\/2023\/09\/Kaffe-768x1024.jpeg 768w, https:\/\/sven-ove.nu\/wp-content\/uploads\/2023\/09\/Kaffe-1152x1536.jpeg 1152w, https:\/\/sven-ove.nu\/wp-content\/uploads\/2023\/09\/Kaffe-1536x2048.jpeg 1536w, https:\/\/sven-ove.nu\/wp-content\/uploads\/2023\/09\/Kaffe-scaled.jpeg 1920w\" sizes=\"auto, (max-width: 225px) 100vw, 225px\" \/><\/a><\/figure>\n\n\n\n<p class=\"has-background wp-block-paragraph\" style=\"background-color:#c5f6be\">### Jag f\u00f6rst\u00e5r om det h\u00e4r inl\u00e4gget kan uppfattas som skryt. <br>### F\u00f6r mig handlar det om f\u00f6rundran. Lust att leva och f\u00f6rundran. <\/p>\n\n\n\n<p class=\"has-light-gray-background-color has-background wp-block-paragraph\"><a href=\"https:\/\/sven-ove.nu\/\">Hem<\/a>&nbsp;|&nbsp;<a href=\"https:\/\/sven-ove.nu\/?page_id=170\">Om mig<\/a>&nbsp;|&nbsp;<a href=\"https:\/\/sven-ove.nu\/?page_id=1385\">Skriva &amp; prata<\/a>&nbsp;|&nbsp;<a href=\"https:\/\/sven-ove.nu\/?page_id=100\">Politik<\/a>&nbsp;|&nbsp;<a href=\"https:\/\/sven-ove.nu\/?page_id=102\">L\u00f6pa<\/a>&nbsp;|&nbsp;<a href=\"https:\/\/sven-ove.nu\/?page_id=108\">Viktor Root<\/a>&nbsp;&nbsp;<br><em>Inl\u00e4gg nr 2 301, (c) Sven-Ove Svensson (men dela g\u00e4rna).<\/em><\/p>\n","protected":false},"excerpt":{"rendered":"<p>Foto: Bo-G\u00f6ran Sondell Det kanske inte \u00e4r s\u00e5 konstigt n\u00e4r man nyss f\u00e5tt livet tillbaka. Jag skyndar febrilt att leva. F\u00f6rst kom h\u00f6sten med alla unders\u00f6kningar och till sist cancerbeskedet. D\u00e4refter vintern med medicinering och v\u00e5ren med 22 str\u00e5lbehandlingar. Till sist doktorns ord den 10 augusti, de som fick mig att gr\u00e5ta:&#8211; Du \u00e4r frisk. &hellip; <a href=\"https:\/\/sven-ove.nu\/?p=25937\" class=\"more-link\">Forts\u00e4tt l\u00e4sa <span class=\"screen-reader-text\">Livet \u00e4r en fin uppfinning, du kropp<\/span><\/a><\/p>\n","protected":false},"author":1,"featured_media":0,"comment_status":"closed","ping_status":"open","sticky":false,"template":"","format":"standard","meta":{"_crdt_document":"","_monsterinsights_skip_tracking":false,"_monsterinsights_sitenote_active":false,"_monsterinsights_sitenote_note":"","_monsterinsights_sitenote_category":0,"footnotes":""},"categories":[10,5,6,9,4],"tags":[24,18],"class_list":["post-25937","post","type-post","status-publish","format-standard","hentry","category-familjen","category-lopning","category-natur","category-politik","category-skrivande","tag-karlek","tag-lardomar"],"_links":{"self":[{"href":"https:\/\/sven-ove.nu\/index.php?rest_route=\/wp\/v2\/posts\/25937","targetHints":{"allow":["GET"]}}],"collection":[{"href":"https:\/\/sven-ove.nu\/index.php?rest_route=\/wp\/v2\/posts"}],"about":[{"href":"https:\/\/sven-ove.nu\/index.php?rest_route=\/wp\/v2\/types\/post"}],"author":[{"embeddable":true,"href":"https:\/\/sven-ove.nu\/index.php?rest_route=\/wp\/v2\/users\/1"}],"replies":[{"embeddable":true,"href":"https:\/\/sven-ove.nu\/index.php?rest_route=%2Fwp%2Fv2%2Fcomments&post=25937"}],"version-history":[{"count":15,"href":"https:\/\/sven-ove.nu\/index.php?rest_route=\/wp\/v2\/posts\/25937\/revisions"}],"predecessor-version":[{"id":25957,"href":"https:\/\/sven-ove.nu\/index.php?rest_route=\/wp\/v2\/posts\/25937\/revisions\/25957"}],"wp:attachment":[{"href":"https:\/\/sven-ove.nu\/index.php?rest_route=%2Fwp%2Fv2%2Fmedia&parent=25937"}],"wp:term":[{"taxonomy":"category","embeddable":true,"href":"https:\/\/sven-ove.nu\/index.php?rest_route=%2Fwp%2Fv2%2Fcategories&post=25937"},{"taxonomy":"post_tag","embeddable":true,"href":"https:\/\/sven-ove.nu\/index.php?rest_route=%2Fwp%2Fv2%2Ftags&post=25937"}],"curies":[{"name":"wp","href":"https:\/\/api.w.org\/{rel}","templated":true}]}}