{"id":25971,"date":"2023-10-06T04:21:00","date_gmt":"2023-10-06T03:21:00","guid":{"rendered":"https:\/\/sven-ove.nu\/?p=25971"},"modified":"2023-10-06T09:00:25","modified_gmt":"2023-10-06T08:00:25","slug":"nar-jag-var-hjortfot-och-huckleberry-finn","status":"publish","type":"post","link":"https:\/\/sven-ove.nu\/?p=25971","title":{"rendered":"N\u00e4r jag var Hjortfot och Huckleberry Finn"},"content":{"rendered":"\n<figure class=\"wp-block-image size-large\"><a href=\"https:\/\/sven-ove.nu\/wp-content\/uploads\/2023\/10\/Barfota.jpeg\"><img loading=\"lazy\" decoding=\"async\" width=\"1024\" height=\"936\" src=\"https:\/\/sven-ove.nu\/wp-content\/uploads\/2023\/10\/Barfota-1024x936.jpeg\" alt=\"\" class=\"wp-image-25972\" srcset=\"https:\/\/sven-ove.nu\/wp-content\/uploads\/2023\/10\/Barfota-1024x936.jpeg 1024w, https:\/\/sven-ove.nu\/wp-content\/uploads\/2023\/10\/Barfota-300x274.jpeg 300w, https:\/\/sven-ove.nu\/wp-content\/uploads\/2023\/10\/Barfota-768x702.jpeg 768w, https:\/\/sven-ove.nu\/wp-content\/uploads\/2023\/10\/Barfota.jpeg 1431w\" sizes=\"auto, (max-width: 1024px) 100vw, 1024px\" \/><\/a><\/figure>\n\n\n\n<blockquote class=\"wp-block-quote is-layout-flow wp-block-quote-is-layout-flow\">\n<p class=\"wp-block-paragraph\">Jag slukade ber\u00e4ttelserna om Hjortfot och om Tom Sawyer och Huckleberry Finn. Kanske var det d\u00e4rf\u00f6r.<br>Gott st\u00e4llt hade vi inte men nog hade vi haft r\u00e5d med skor.<\/p>\n<\/blockquote>\n\n\n\n<p class=\"wp-block-paragraph\">Tv\u00e5 s\u00e4rskilda minnen har jag n\u00e4r det g\u00e4ller barndomens kl\u00e4dsel:<br><br>-I elva\u00e5rs\u00e5ldern var min midja s\u00e5 smal att b\u00e4ltet inte gick runt mitt huvud, n\u00e4r jag sp\u00e4nde det lika kort som runt magen.<br>-Under sommarhalv\u00e5ret gick jag barfota s\u00e5 fort jag kom hem fr\u00e5n skolan.<\/p>\n\n\n\n<p class=\"wp-block-paragraph\"><strong>Indiandr\u00f6mmen<\/strong><br>Jag vet. Det l\u00e5ter som ett kapitel ur Barnen fr\u00e5n Frostmofj\u00e4llet, men det var inte bristen p\u00e5 pengar som tog av mig skorna. Det var indiandr\u00f6mmen och viljan att h\u00e4rdas.<\/p>\n\n\n\n<p class=\"wp-block-paragraph\">Jag blev inte v\u00e4rldsm\u00e4stare i terr\u00e4ngl\u00f6pning. Men jag har f\u00f6rbaske mig g\u00e5tt barfota den vasstenade grusv\u00e4gen \u00c4ngeb\u00e4ckstorp-Sundstorp-B\u00e4ckelid-Viberg-Gillermyren-Mellby-Gr\u00e4s\u00e5s-\u00c4ngeb\u00e4ckstorp. Det gjorde jag bara f\u00f6r att jag kunde och m\u00f6jligen f\u00f6r att jag hade sett Stellan Skarsg\u00e5rd vandra omkring som Bombi Bitt i v\u00e5r svartvita tv.<\/p>\n\n\n\n<p class=\"wp-block-paragraph\">Fast n\u00e4r den tv-serien kom var jag inte barn l\u00e4ngre och hade annat att bevisa.<\/p>\n\n\n\n<p class=\"wp-block-paragraph\"><strong>\u00c5kte de av direkt?<\/strong><br>Hur gick det till n\u00e4r jag var elva och kom cyklande hem fr\u00e5n skolan och Axel i Hed\u00e5s\u2019 skolbil i maj? Gick jag in, st\u00e4llde ifr\u00e5n mig skorna, drog av strumporna och for ut igen direkt?<\/p>\n\n\n\n<p class=\"wp-block-paragraph\">Antagligen. Allt jag vet \u00e4r att grusv\u00e4gen fick oss att g\u00e5 en aning styltigt i b\u00f6rjan, men att fotsulor h\u00e4rdas fort. P\u00e5 h\u00f6sten kunde jag springa omkring obehindrat p\u00e5 nytr\u00f6skad stubb\u00e5ker och de str\u00e5na var vassa kan jag meddela.<\/p>\n\n\n\n<p class=\"wp-block-paragraph\">Det var bara n\u00e4r jag skulle \u00e5t skogen som st\u00f6vlarna \u00e5kte p\u00e5. Eller tv\u00e5 tunna bl\u00e5 gymnastikskor n\u00e4r jag tr\u00e4nade l\u00f6pning.<\/p>\n\n\n\n<p class=\"wp-block-paragraph\">Jag var Hjortfot d\u00e5 med.<br>Hjortfot och Huckleberry Finn.<\/p>\n\n\n\n<figure class=\"wp-block-image size-medium\"><a href=\"https:\/\/sven-ove.nu\/wp-content\/uploads\/2023\/10\/Tom-Sawyer-scaled.jpeg\"><img loading=\"lazy\" decoding=\"async\" width=\"280\" height=\"300\" src=\"https:\/\/sven-ove.nu\/wp-content\/uploads\/2023\/10\/Tom-Sawyer-280x300.jpeg\" alt=\"\" class=\"wp-image-25973\" srcset=\"https:\/\/sven-ove.nu\/wp-content\/uploads\/2023\/10\/Tom-Sawyer-280x300.jpeg 280w, https:\/\/sven-ove.nu\/wp-content\/uploads\/2023\/10\/Tom-Sawyer-956x1024.jpeg 956w, https:\/\/sven-ove.nu\/wp-content\/uploads\/2023\/10\/Tom-Sawyer-768x823.jpeg 768w, https:\/\/sven-ove.nu\/wp-content\/uploads\/2023\/10\/Tom-Sawyer-1434x1536.jpeg 1434w, https:\/\/sven-ove.nu\/wp-content\/uploads\/2023\/10\/Tom-Sawyer-1912x2048.jpeg 1912w\" sizes=\"auto, (max-width: 280px) 100vw, 280px\" \/><\/a><\/figure>\n\n\n\n<p class=\"has-light-blue-background-color has-background wp-block-paragraph\"><em><strong>###<\/strong> Det finns en upplevelse jag inte vill ha ogjord. K\u00e4nslan n\u00e4r du f\u00f6r sjunde g\u00e5ngen i ditt liv r\u00e5kar trampa p\u00e5 gulvit kletig varm h\u00f6nsskit som tr\u00e4nger fram mellan t\u00e5rna.<\/em><br><br><em><strong>###<\/strong> Den kan ingen f\u00f6rst\u00e5 som g\u00e5tt i skor hela livet och tror att \u00e4gg kommer fr\u00e5n en lustig kartong i en hylla p\u00e5 Konsum.<\/em><br><br><em><strong>###<\/strong> F\u00f6rresten blev jag i alla fall kommunm\u00e4stare i orientering. Det var om h\u00f6sten 1964 och det regnade sm\u00e5spik p\u00e5 alla oss bl\u00f6ta sj\u00e4tteklassare med bl\u00f6ta kompasser i en sj\u00f6bl\u00f6t granskog strax hitom Molkom.<\/em><br><br><em>S\u00e5 det s\u00e5.<\/em><\/p>\n\n\n\n<p class=\"has-light-gray-background-color has-background wp-block-paragraph\"><a href=\"https:\/\/sven-ove.nu\/\">Hem<\/a>\u00a0|\u00a0<a href=\"https:\/\/sven-ove.nu\/?page_id=170\">Om mig<\/a>\u00a0|\u00a0<a href=\"https:\/\/sven-ove.nu\/?page_id=1385\">Skriva &amp; prata<\/a>\u00a0|\u00a0<a href=\"https:\/\/sven-ove.nu\/?page_id=100\">Politik<\/a>\u00a0|\u00a0<a href=\"https:\/\/sven-ove.nu\/?page_id=102\">L\u00f6pa<\/a>\u00a0|\u00a0<a href=\"https:\/\/sven-ove.nu\/?page_id=108\">Viktor Root<\/a>\u00a0\u00a0<br><em>Inl\u00e4gg nr 2 304, (c) Sven-Ove Svensson (men dela g\u00e4rna).<\/em><\/p>\n","protected":false},"excerpt":{"rendered":"<p>Jag slukade ber\u00e4ttelserna om Hjortfot och om Tom Sawyer och Huckleberry Finn. Kanske var det d\u00e4rf\u00f6r.Gott st\u00e4llt hade vi inte men nog hade vi haft r\u00e5d med skor. Tv\u00e5 s\u00e4rskilda minnen har jag n\u00e4r det g\u00e4ller barndomens kl\u00e4dsel: -I elva\u00e5rs\u00e5ldern var min midja s\u00e5 smal att b\u00e4ltet inte gick runt mitt huvud, n\u00e4r jag sp\u00e4nde &hellip; <a href=\"https:\/\/sven-ove.nu\/?p=25971\" class=\"more-link\">Forts\u00e4tt l\u00e4sa <span class=\"screen-reader-text\">N\u00e4r jag var Hjortfot och Huckleberry Finn<\/span><\/a><\/p>\n","protected":false},"author":1,"featured_media":0,"comment_status":"closed","ping_status":"open","sticky":false,"template":"","format":"standard","meta":{"_crdt_document":"","_monsterinsights_skip_tracking":false,"_monsterinsights_sitenote_active":false,"_monsterinsights_sitenote_note":"","_monsterinsights_sitenote_category":0,"footnotes":""},"categories":[10,28,5,6],"tags":[8,18,14,13],"class_list":["post-25971","post","type-post","status-publish","format-standard","hentry","category-familjen","category-kreativt-folk","category-lopning","category-natur","tag-historia","tag-lardomar","tag-lasning","tag-utrustning"],"_links":{"self":[{"href":"https:\/\/sven-ove.nu\/index.php?rest_route=\/wp\/v2\/posts\/25971","targetHints":{"allow":["GET"]}}],"collection":[{"href":"https:\/\/sven-ove.nu\/index.php?rest_route=\/wp\/v2\/posts"}],"about":[{"href":"https:\/\/sven-ove.nu\/index.php?rest_route=\/wp\/v2\/types\/post"}],"author":[{"embeddable":true,"href":"https:\/\/sven-ove.nu\/index.php?rest_route=\/wp\/v2\/users\/1"}],"replies":[{"embeddable":true,"href":"https:\/\/sven-ove.nu\/index.php?rest_route=%2Fwp%2Fv2%2Fcomments&post=25971"}],"version-history":[{"count":7,"href":"https:\/\/sven-ove.nu\/index.php?rest_route=\/wp\/v2\/posts\/25971\/revisions"}],"predecessor-version":[{"id":25990,"href":"https:\/\/sven-ove.nu\/index.php?rest_route=\/wp\/v2\/posts\/25971\/revisions\/25990"}],"wp:attachment":[{"href":"https:\/\/sven-ove.nu\/index.php?rest_route=%2Fwp%2Fv2%2Fmedia&parent=25971"}],"wp:term":[{"taxonomy":"category","embeddable":true,"href":"https:\/\/sven-ove.nu\/index.php?rest_route=%2Fwp%2Fv2%2Fcategories&post=25971"},{"taxonomy":"post_tag","embeddable":true,"href":"https:\/\/sven-ove.nu\/index.php?rest_route=%2Fwp%2Fv2%2Ftags&post=25971"}],"curies":[{"name":"wp","href":"https:\/\/api.w.org\/{rel}","templated":true}]}}