{"id":25982,"date":"2023-10-08T04:52:00","date_gmt":"2023-10-08T03:52:00","guid":{"rendered":"https:\/\/sven-ove.nu\/?p=25982"},"modified":"2023-10-08T06:22:30","modified_gmt":"2023-10-08T05:22:30","slug":"mina-flitigaste-lankar","status":"publish","type":"post","link":"https:\/\/sven-ove.nu\/?p=25982","title":{"rendered":"Mina flitigaste l\u00e4nkar"},"content":{"rendered":"\n<figure class=\"wp-block-image size-large\"><a href=\"https:\/\/sven-ove.nu\/wp-content\/uploads\/2023\/10\/Min-karta.jpeg\"><img loading=\"lazy\" decoding=\"async\" width=\"1024\" height=\"596\" src=\"https:\/\/sven-ove.nu\/wp-content\/uploads\/2023\/10\/Min-karta-1024x596.jpeg\" alt=\"\" class=\"wp-image-25983\" srcset=\"https:\/\/sven-ove.nu\/wp-content\/uploads\/2023\/10\/Min-karta-1024x596.jpeg 1024w, https:\/\/sven-ove.nu\/wp-content\/uploads\/2023\/10\/Min-karta-300x175.jpeg 300w, https:\/\/sven-ove.nu\/wp-content\/uploads\/2023\/10\/Min-karta-768x447.jpeg 768w, https:\/\/sven-ove.nu\/wp-content\/uploads\/2023\/10\/Min-karta.jpeg 1415w\" sizes=\"auto, (max-width: 1024px) 100vw, 1024px\" \/><\/a><\/figure>\n\n\n\n<p class=\"wp-block-paragraph\">H\u00e4r \u00e4r n\u00e5got s\u00e5 otidsenligt som en l\u00e4nksamling. Detta \u00e4r mina favoriter, n\u00e5gra av dem bes\u00f6ker jag n\u00e4stan varje dag:<\/p>\n\n\n\n<p class=\"wp-block-paragraph\"><a href=\"https:\/\/svenska.se\/\"><strong>Svenska<\/strong><\/a><br>Svenska Akademiens s\u00f6ksajt. En enda s\u00f6kruta, s\u00f6k i tre ordb\u00f6cker efter ord, deras stavning, b\u00f6jning och ursprung. SAOL, Svensk Ordbok och SAOB.<\/p>\n\n\n\n<p class=\"wp-block-paragraph\"><a href=\"https:\/\/minkarta.lantmateriet.se\/\"><strong>Min karta<\/strong><\/a><br>Lantm\u00e4teriets karta p\u00e5 n\u00e4tet. S\u00f6kbar p\u00e5 orter. Satellitfoton, flygfoton fr\u00e5n 1975 och 1960. L\u00e4nk till Historiska kartor. M\u00f6jlighet att m\u00e4ta avst\u00e5nd.<\/p>\n\n\n\n<p class=\"wp-block-paragraph\"><a href=\"https:\/\/app.raa.se\/open\/fornsok\/\"><strong>Forns\u00f6k<\/strong><\/a><br>Riksantikvarie\u00e4mbetets karta med fornl\u00e4mningar fr\u00e5n sten\u00e5ldersboplatser till torpruiner.<\/p>\n\n\n\n<p class=\"wp-block-paragraph\"><a href=\"https:\/\/www.smhi.se\/vader\/radar-och-satellit\/radar-blixt\/q\/norden\/plats\/\"><strong>SMHI radar med blixt<\/strong><\/a><br>Den h\u00e4r anv\u00e4nder jag n\u00e4r jag vill veta om det \u00e4r \u00e5skv\u00e4der p\u00e5 g\u00e5ng. Karta d\u00e4r man kan se regnv\u00e4dren r\u00f6ra sig \u00f6ver landet &#8211; och se vilken v\u00e4gdelare och sk\u00f6ld den stora sj\u00f6n V\u00e4nern ofta \u00e4r f\u00f6r oss forshagingar.<\/p>\n\n\n\n<p class=\"wp-block-paragraph\"><a href=\"https:\/\/www.trafikverket.se\/resa-och-trafik\/trafikinformation\/\"><strong>Trafikinformation<\/strong><\/a><br>Trafikverkets sajt med information om l\u00e4get i trafiken i realtid (v\u00e4g, j\u00e4rnv\u00e4g, v\u00e4gf\u00e4rja).<\/p>\n\n\n\n<p class=\"has-light-blue-background-color has-background wp-block-paragraph\"><strong><em>###<\/em><\/strong><em> F\u00f6rutom dessa har jag en hel del l\u00e4nkar i mobilen. Bland annat f\u00f6r att kolla nyhetsl\u00e4get d\u00e5 och d\u00e5.<\/em><\/p>\n\n\n\n<p class=\"wp-block-paragraph\"><strong>F\u00f6rr var l\u00e4nksamlingar viktiga<\/strong><br>En g\u00e5ng i tiden var det viktigt med l\u00e4nksamlingar. De s\u00f6kmotorer som fanns var inte s\u00e4rskilt bra och m\u00e5nga samlade l\u00e4nkar kring s\u00e5dant som intresserade dem.<\/p>\n\n\n\n<p class=\"wp-block-paragraph\">P\u00e5 1990-talet samlade jag den kanske st\u00f6rsta samlingen r\u00e4ddningstj\u00e4nstl\u00e4nkar i v\u00e4rlden. En R\u00f6da Korsare p\u00e5 Island hade lagt av med sin samling och d\u00e5 blev \u201dmin\u201d st\u00f6rst. Jag gjorde den i mitt jobb p\u00e5 R\u00e4ddningsverket.<\/p>\n\n\n\n<p class=\"wp-block-paragraph\"><strong>Entusiasternas marknad<\/strong><br>N\u00e4r jag b\u00f6rjade surfa 1994 och html-tekniken slog igenom p\u00e5 allvar l\u00e4r det ha funnits omkring 10&nbsp;000 webbplatser totalt p\u00e5 n\u00e4tet mot slutet av \u00e5ret. D\u00e5 pratar vi om alla \u00e4mnen. Jag brukar s\u00e4ga att jag bes\u00f6kte n\u00e4stan alla.<\/p>\n\n\n\n<p class=\"wp-block-paragraph\">Den g\u00e5ngen var det entusiasternas marknad och dagens system med organiserade adresser enligt modell <em>forshaga.se<\/em> hade inte slagit igenom ordentligt. N\u00e4r det brann i tunnelbanan i Baku 1995 och mina arbetskamrater beh\u00f6vde information d\u00e4rifr\u00e5n var det en tysk student med den initierade j\u00e4rnv\u00e4gswebben <em>Joseph Stalin<\/em> som blev mest matnyttig.<\/p>\n\n\n\n<p class=\"wp-block-paragraph\">Sajten var d\u00f6pt efter ett stort lok.<br>Det f\u00f6rklarade han redan p\u00e5 startsidan.<\/p>\n\n\n\n<p class=\"wp-block-paragraph\">Urskuldande.<\/p>\n\n\n\n<p class=\"has-light-blue-background-color has-background wp-block-paragraph\"><a href=\"https:\/\/sven-ove.nu\/\">Hem<\/a>&nbsp;|&nbsp;<a href=\"https:\/\/sven-ove.nu\/?page_id=170\">Om mig<\/a>&nbsp;|&nbsp;<a href=\"https:\/\/sven-ove.nu\/?page_id=1385\">Skriva &amp; prata<\/a>&nbsp;|&nbsp;<a href=\"https:\/\/sven-ove.nu\/?page_id=100\">Politik<\/a>&nbsp;|&nbsp;<a href=\"https:\/\/sven-ove.nu\/?page_id=102\">L\u00f6pa<\/a>&nbsp;|&nbsp;<a href=\"https:\/\/sven-ove.nu\/?page_id=108\">Viktor Root<\/a>&nbsp;&nbsp;<br><em>Inl\u00e4gg nr 2 305, (c) Sven-Ove Svensson (men dela g\u00e4rna).<\/em><\/p>\n","protected":false},"excerpt":{"rendered":"<p>H\u00e4r \u00e4r n\u00e5got s\u00e5 otidsenligt som en l\u00e4nksamling. Detta \u00e4r mina favoriter, n\u00e5gra av dem bes\u00f6ker jag n\u00e4stan varje dag: SvenskaSvenska Akademiens s\u00f6ksajt. En enda s\u00f6kruta, s\u00f6k i tre ordb\u00f6cker efter ord, deras stavning, b\u00f6jning och ursprung. SAOL, Svensk Ordbok och SAOB. Min kartaLantm\u00e4teriets karta p\u00e5 n\u00e4tet. S\u00f6kbar p\u00e5 orter. Satellitfoton, flygfoton fr\u00e5n 1975 och &hellip; <a href=\"https:\/\/sven-ove.nu\/?p=25982\" class=\"more-link\">Forts\u00e4tt l\u00e4sa <span class=\"screen-reader-text\">Mina flitigaste l\u00e4nkar<\/span><\/a><\/p>\n","protected":false},"author":1,"featured_media":0,"comment_status":"closed","ping_status":"open","sticky":false,"template":"","format":"standard","meta":{"_crdt_document":"","_monsterinsights_skip_tracking":false,"_monsterinsights_sitenote_active":false,"_monsterinsights_sitenote_note":"","_monsterinsights_sitenote_category":0,"footnotes":""},"categories":[28,4],"tags":[14,15,13],"class_list":["post-25982","post","type-post","status-publish","format-standard","hentry","category-kreativt-folk","category-skrivande","tag-lasning","tag-mediedjungeln","tag-utrustning"],"_links":{"self":[{"href":"https:\/\/sven-ove.nu\/index.php?rest_route=\/wp\/v2\/posts\/25982","targetHints":{"allow":["GET"]}}],"collection":[{"href":"https:\/\/sven-ove.nu\/index.php?rest_route=\/wp\/v2\/posts"}],"about":[{"href":"https:\/\/sven-ove.nu\/index.php?rest_route=\/wp\/v2\/types\/post"}],"author":[{"embeddable":true,"href":"https:\/\/sven-ove.nu\/index.php?rest_route=\/wp\/v2\/users\/1"}],"replies":[{"embeddable":true,"href":"https:\/\/sven-ove.nu\/index.php?rest_route=%2Fwp%2Fv2%2Fcomments&post=25982"}],"version-history":[{"count":5,"href":"https:\/\/sven-ove.nu\/index.php?rest_route=\/wp\/v2\/posts\/25982\/revisions"}],"predecessor-version":[{"id":25996,"href":"https:\/\/sven-ove.nu\/index.php?rest_route=\/wp\/v2\/posts\/25982\/revisions\/25996"}],"wp:attachment":[{"href":"https:\/\/sven-ove.nu\/index.php?rest_route=%2Fwp%2Fv2%2Fmedia&parent=25982"}],"wp:term":[{"taxonomy":"category","embeddable":true,"href":"https:\/\/sven-ove.nu\/index.php?rest_route=%2Fwp%2Fv2%2Fcategories&post=25982"},{"taxonomy":"post_tag","embeddable":true,"href":"https:\/\/sven-ove.nu\/index.php?rest_route=%2Fwp%2Fv2%2Ftags&post=25982"}],"curies":[{"name":"wp","href":"https:\/\/api.w.org\/{rel}","templated":true}]}}