{"id":2600,"date":"2012-07-06T00:00:02","date_gmt":"2012-07-05T23:00:02","guid":{"rendered":"http:\/\/sven-ove.nu\/?p=2600"},"modified":"2012-07-05T23:47:20","modified_gmt":"2012-07-05T22:47:20","slug":"klipper-gras-i-syskongruppen","status":"publish","type":"post","link":"https:\/\/sven-ove.nu\/?p=2600","title":{"rendered":"Klipper gr\u00e4s i syskongruppen"},"content":{"rendered":"<p>&#8211; Klipp gr\u00e4set i dag, sa den k\u00e4ra v\u00e4nnen, innan hon for till jobbet. S\u00e5 d\u00e5 g\u00f6r jag det fram\u00e5t aftonen. Drar omkring med v\u00e5r klippare och kn\u00f6vvlar oss runt \u00e4ppeltr\u00e4d, hallonbuskar och askr\u00f6tter.<\/p>\n<p style=\"padding-left: 30px;\"><strong>Vid p\u00e4rontr\u00e4det hoppar en f\u00f6rskr\u00e4ckt grodunge i det h\u00f6ga gr\u00e4set. Jag v\u00e4ntar medan den hinner hoppa \u00f6ver i det redan klippta. Strax d\u00e4rp\u00e5 \u00e4r det en stor metallskimrande skalbagge som m\u00e5ste r\u00e4ddas.<\/strong><\/p>\n<p>&#8211; Ta god tid p\u00e5 er v\u00e4nner. Vi andra \u00e4r bara g\u00e4ster h\u00e4r, i syskongruppen.<\/p>\n<p>En s\u00e4des\u00e4rla tittar intresserat p\u00e5 sm\u00e5grodan, men avst\u00e5r f\u00f6rs\u00f6ket.<\/p>\n<p>&nbsp;<\/p>\n<p><a href=\"https:\/\/sven-ove.nu\/wp-content\/uploads\/2012\/07\/Gr\u00e4set-v\u00e4xer1.jpg\"><img loading=\"lazy\" decoding=\"async\" class=\"alignleft size-medium wp-image-2604\" title=\"Gr\u00e4set v\u00e4xer\" src=\"https:\/\/sven-ove.nu\/wp-content\/uploads\/2012\/07\/Gr\u00e4set-v\u00e4xer1-300x179.jpg\" alt=\"\" width=\"300\" height=\"179\" srcset=\"https:\/\/sven-ove.nu\/wp-content\/uploads\/2012\/07\/Gr\u00e4set-v\u00e4xer1-300x179.jpg 300w, https:\/\/sven-ove.nu\/wp-content\/uploads\/2012\/07\/Gr\u00e4set-v\u00e4xer1-1024x613.jpg 1024w\" sizes=\"auto, (max-width: 300px) 100vw, 300px\" \/><\/a><\/p>\n<p>&nbsp;<\/p>\n<p>&nbsp;<\/p>\n<p>&nbsp;<\/p>\n<p>&nbsp;<\/p>\n<p>&nbsp;<\/p>\n","protected":false},"excerpt":{"rendered":"<p>&#8211; Klipp gr\u00e4set i dag, sa den k\u00e4ra v\u00e4nnen, innan hon for till jobbet. S\u00e5 d\u00e5 g\u00f6r jag det fram\u00e5t aftonen. Drar omkring med v\u00e5r klippare och kn\u00f6vvlar oss runt \u00e4ppeltr\u00e4d, hallonbuskar och askr\u00f6tter. Vid p\u00e4rontr\u00e4det hoppar en f\u00f6rskr\u00e4ckt grodunge i det h\u00f6ga gr\u00e4set. Jag v\u00e4ntar medan den hinner hoppa \u00f6ver i det redan klippta. &hellip; <a href=\"https:\/\/sven-ove.nu\/?p=2600\" class=\"more-link\">Forts\u00e4tt l\u00e4sa <span class=\"screen-reader-text\">Klipper gr\u00e4s i syskongruppen<\/span><\/a><\/p>\n","protected":false},"author":1,"featured_media":0,"comment_status":"open","ping_status":"open","sticky":false,"template":"","format":"standard","meta":{"_crdt_document":"","_monsterinsights_skip_tracking":false,"_monsterinsights_sitenote_active":false,"_monsterinsights_sitenote_note":"","_monsterinsights_sitenote_category":0,"footnotes":""},"categories":[10,6],"tags":[24,17],"class_list":["post-2600","post","type-post","status-publish","format-standard","hentry","category-familjen","category-natur","tag-karlek","tag-solidaritet"],"_links":{"self":[{"href":"https:\/\/sven-ove.nu\/index.php?rest_route=\/wp\/v2\/posts\/2600","targetHints":{"allow":["GET"]}}],"collection":[{"href":"https:\/\/sven-ove.nu\/index.php?rest_route=\/wp\/v2\/posts"}],"about":[{"href":"https:\/\/sven-ove.nu\/index.php?rest_route=\/wp\/v2\/types\/post"}],"author":[{"embeddable":true,"href":"https:\/\/sven-ove.nu\/index.php?rest_route=\/wp\/v2\/users\/1"}],"replies":[{"embeddable":true,"href":"https:\/\/sven-ove.nu\/index.php?rest_route=%2Fwp%2Fv2%2Fcomments&post=2600"}],"version-history":[{"count":7,"href":"https:\/\/sven-ove.nu\/index.php?rest_route=\/wp\/v2\/posts\/2600\/revisions"}],"predecessor-version":[{"id":2608,"href":"https:\/\/sven-ove.nu\/index.php?rest_route=\/wp\/v2\/posts\/2600\/revisions\/2608"}],"wp:attachment":[{"href":"https:\/\/sven-ove.nu\/index.php?rest_route=%2Fwp%2Fv2%2Fmedia&parent=2600"}],"wp:term":[{"taxonomy":"category","embeddable":true,"href":"https:\/\/sven-ove.nu\/index.php?rest_route=%2Fwp%2Fv2%2Fcategories&post=2600"},{"taxonomy":"post_tag","embeddable":true,"href":"https:\/\/sven-ove.nu\/index.php?rest_route=%2Fwp%2Fv2%2Ftags&post=2600"}],"curies":[{"name":"wp","href":"https:\/\/api.w.org\/{rel}","templated":true}]}}