{"id":26006,"date":"2023-10-16T04:45:00","date_gmt":"2023-10-16T03:45:00","guid":{"rendered":"https:\/\/sven-ove.nu\/?p=26006"},"modified":"2023-10-15T08:01:51","modified_gmt":"2023-10-15T07:01:51","slug":"det-svedda-blagula","status":"publish","type":"post","link":"https:\/\/sven-ove.nu\/?p=26006","title":{"rendered":"Det svedda bl\u00e5gula"},"content":{"rendered":"\n<figure class=\"wp-block-image size-large\"><a href=\"https:\/\/sven-ove.nu\/wp-content\/uploads\/2023\/10\/Brand-flagga.jpg\"><img loading=\"lazy\" decoding=\"async\" width=\"1024\" height=\"1024\" src=\"https:\/\/sven-ove.nu\/wp-content\/uploads\/2023\/10\/Brand-flagga-1024x1024.jpg\" alt=\"\" class=\"wp-image-26007\" srcset=\"https:\/\/sven-ove.nu\/wp-content\/uploads\/2023\/10\/Brand-flagga-1024x1024.jpg 1024w, https:\/\/sven-ove.nu\/wp-content\/uploads\/2023\/10\/Brand-flagga-300x300.jpg 300w, https:\/\/sven-ove.nu\/wp-content\/uploads\/2023\/10\/Brand-flagga-150x150.jpg 150w, https:\/\/sven-ove.nu\/wp-content\/uploads\/2023\/10\/Brand-flagga-768x768.jpg 768w, https:\/\/sven-ove.nu\/wp-content\/uploads\/2023\/10\/Brand-flagga-1536x1536.jpg 1536w, https:\/\/sven-ove.nu\/wp-content\/uploads\/2023\/10\/Brand-flagga-2048x2048.jpg 2048w\" sizes=\"auto, (max-width: 1024px) 100vw, 1024px\" \/><\/a><\/figure>\n\n\n\n<blockquote class=\"wp-block-quote is-layout-flow wp-block-quote-is-layout-flow\">\n<p class=\"wp-block-paragraph\">Det skulle aldrig falla mig in att br\u00e4nna en flagga. Inte ens USA:s under v\u00e4rsta imperialistiska Vietnamkriget, \u00e4n mindre den svenska flaggan. Jag tycker att det \u00e4r ov\u00e4rdigt.<\/p>\n<\/blockquote>\n\n\n\n<p class=\"wp-block-paragraph\">K\u00e4ra n\u00e5n, jag st\u00f6rs ju redan n\u00e4r vi ser hockeyfans i tv sjunga nationals\u00e5ngen med kepsarna p\u00e5. Handen mot hj\u00e4rtat har de, den amerikanska gesten har de importerat, men att man ska ta av sig the fucking m\u00f6ssa har ingen l\u00e4rt dem.<\/p>\n\n\n\n<p class=\"wp-block-paragraph\">Suck.<\/p>\n\n\n\n<p class=\"wp-block-paragraph\"><strong>Sitter i ryggm\u00e4rgen<\/strong><br>\u00c4r detta viktigt? Nej det \u00e4r det f\u00f6rst\u00e5s inte, j\u00e4mf\u00f6rt med allt annat el\u00e4nde i v\u00e4rlden. Och likafullt sitter det en gammal v\u00e4rnpliktig telegrafist i mig och muttrar. Bredvid honom en fj\u00e4rdeklassare som fick l\u00e4ra sig av magister Karl Bergkvist i Fasteruds skola att man aldrig ska sl\u00e4pa flaggan i marken.<\/p>\n\n\n\n<p class=\"wp-block-paragraph\">Det \u00e4r ov\u00e4rdigt.<\/p>\n\n\n\n<p class=\"wp-block-paragraph\"><strong>R\u00e4tt till respekt<\/strong><br>Jag tror att det handlar om omtanke om andra m\u00e4nniskor. De har r\u00e4tt att f\u00e5 sitt namn r\u00e4ttstavat. De har r\u00e4tt att f\u00e5 tala sitt spr\u00e5k. Heter det \u201dVart bor du?\u201d p\u00e5 ditt v\u00e4rml\u00e4ndska modersm\u00e5l s\u00e5 har du r\u00e4tt att s\u00e4ga det.<\/p>\n\n\n\n<p class=\"wp-block-paragraph\">De har r\u00e4tt att best\u00e4mma sj\u00e4lva i sitt land. Det ska ingen sj\u00e4lvutn\u00e4mnd l\u00e5tsas-tsar i Kreml komma och \u00e4ndra p\u00e5. Ingen makthavare i Kina eller Amerika heller.<\/p>\n\n\n\n<p class=\"wp-block-paragraph\">De har r\u00e4tt till sina symboler, till respekt. Du br\u00e4nner inte koraner, inte biblar.<\/p>\n\n\n\n<p class=\"wp-block-paragraph\"><strong>En vacker eldsl\u00e5ga<\/strong><br>F\u00f6r ett tag sedan br\u00e4nde vi flaggan, lik f\u00f6rbaskat. N\u00e5gon fyllde \u00e5r och d\u00e5 stod tr\u00e4flaggan p\u00e5 bordet, det \u00e4r sen gammalt. Levande ljus, flagga och presenter ska det vara.<\/p>\n\n\n\n<p class=\"wp-block-paragraph\">Pl\u00f6tsligt ser vi en vacker eldsl\u00e5ga stiga mot taket. Flaggan har hamnat f\u00f6r n\u00e4ra ena stearinljuset.<\/p>\n\n\n\n<p class=\"wp-block-paragraph\">En kort sekund \u00e4r vi alla fascinerade av vackerheten. Sedan sl\u00e4cker vi, l\u00e4tt generade.<\/p>\n\n\n\n<p class=\"wp-block-paragraph\"><strong>Symboliserar v\u00e5rt land<\/strong><br>Man ska inte br\u00e4nna flaggor. Inte ens om man efter\u00e5t inser att det svedda bl\u00e5gula symboliserar v\u00e5rt misshandlade land.<\/p>\n\n\n\n<p class=\"wp-block-paragraph\">Det \u00e4r fega m\u00e4nniskor som skjuter, spr\u00e4nger och drabbar oskyldigt folk. De kan ta sitt krig n\u00e5gon annanstans, som en gr\u00e5tande granne sa p\u00e5 tv-nyheterna.<\/p>\n\n\n\n<p class=\"wp-block-paragraph\">Sluta skjut.<br>Sluta partyknarka.<br>Sluta s\u00e4lj v\u00e5ra v\u00e5rdcentraler till kriminella.<br>S\u00e4lj inte skolor heller till n\u00e5gon.<\/p>\n\n\n\n<p class=\"wp-block-paragraph\">Det \u00e4r ov\u00e4rdigt.<\/p>\n\n\n\n<p class=\"has-light-blue-background-color has-background wp-block-paragraph\"><a href=\"https:\/\/sven-ove.nu\/\">Hem<\/a>&nbsp;|&nbsp;<a href=\"https:\/\/sven-ove.nu\/?page_id=170\">Om mig<\/a>&nbsp;|&nbsp;<a href=\"https:\/\/sven-ove.nu\/?page_id=1385\">Skriva &amp; prata<\/a>&nbsp;|&nbsp;<a href=\"https:\/\/sven-ove.nu\/?page_id=100\">Politik<\/a>&nbsp;|&nbsp;<a href=\"https:\/\/sven-ove.nu\/?page_id=102\">L\u00f6pa<\/a>&nbsp;|&nbsp;<a href=\"https:\/\/sven-ove.nu\/?page_id=108\">Viktor Root<\/a>&nbsp;&nbsp;<br><em>Inl\u00e4gg nr 2 309, (c) Sven-Ove Svensson (men dela g\u00e4rna).<\/em><\/p>\n","protected":false},"excerpt":{"rendered":"<p>Det skulle aldrig falla mig in att br\u00e4nna en flagga. Inte ens USA:s under v\u00e4rsta imperialistiska Vietnamkriget, \u00e4n mindre den svenska flaggan. Jag tycker att det \u00e4r ov\u00e4rdigt. K\u00e4ra n\u00e5n, jag st\u00f6rs ju redan n\u00e4r vi ser hockeyfans i tv sjunga nationals\u00e5ngen med kepsarna p\u00e5. Handen mot hj\u00e4rtat har de, den amerikanska gesten har de &hellip; <a href=\"https:\/\/sven-ove.nu\/?p=26006\" class=\"more-link\">Forts\u00e4tt l\u00e4sa <span class=\"screen-reader-text\">Det svedda bl\u00e5gula<\/span><\/a><\/p>\n","protected":false},"author":1,"featured_media":0,"comment_status":"closed","ping_status":"open","sticky":false,"template":"","format":"standard","meta":{"_crdt_document":"","_monsterinsights_skip_tracking":false,"_monsterinsights_sitenote_active":false,"_monsterinsights_sitenote_note":"","_monsterinsights_sitenote_category":0,"footnotes":""},"categories":[10,9],"tags":[16,8,24,18],"class_list":["post-26006","post","type-post","status-publish","format-standard","hentry","category-familjen","category-politik","tag-dumheter","tag-historia","tag-karlek","tag-lardomar"],"_links":{"self":[{"href":"https:\/\/sven-ove.nu\/index.php?rest_route=\/wp\/v2\/posts\/26006","targetHints":{"allow":["GET"]}}],"collection":[{"href":"https:\/\/sven-ove.nu\/index.php?rest_route=\/wp\/v2\/posts"}],"about":[{"href":"https:\/\/sven-ove.nu\/index.php?rest_route=\/wp\/v2\/types\/post"}],"author":[{"embeddable":true,"href":"https:\/\/sven-ove.nu\/index.php?rest_route=\/wp\/v2\/users\/1"}],"replies":[{"embeddable":true,"href":"https:\/\/sven-ove.nu\/index.php?rest_route=%2Fwp%2Fv2%2Fcomments&post=26006"}],"version-history":[{"count":5,"href":"https:\/\/sven-ove.nu\/index.php?rest_route=\/wp\/v2\/posts\/26006\/revisions"}],"predecessor-version":[{"id":26031,"href":"https:\/\/sven-ove.nu\/index.php?rest_route=\/wp\/v2\/posts\/26006\/revisions\/26031"}],"wp:attachment":[{"href":"https:\/\/sven-ove.nu\/index.php?rest_route=%2Fwp%2Fv2%2Fmedia&parent=26006"}],"wp:term":[{"taxonomy":"category","embeddable":true,"href":"https:\/\/sven-ove.nu\/index.php?rest_route=%2Fwp%2Fv2%2Fcategories&post=26006"},{"taxonomy":"post_tag","embeddable":true,"href":"https:\/\/sven-ove.nu\/index.php?rest_route=%2Fwp%2Fv2%2Ftags&post=26006"}],"curies":[{"name":"wp","href":"https:\/\/api.w.org\/{rel}","templated":true}]}}