{"id":26010,"date":"2023-10-14T04:13:00","date_gmt":"2023-10-14T03:13:00","guid":{"rendered":"https:\/\/sven-ove.nu\/?p=26010"},"modified":"2023-10-13T18:54:54","modified_gmt":"2023-10-13T17:54:54","slug":"min-klimat-apell-denna-host","status":"publish","type":"post","link":"https:\/\/sven-ove.nu\/?p=26010","title":{"rendered":"Min klimat-apell denna h\u00f6st"},"content":{"rendered":"\n<figure class=\"wp-block-image size-large\"><a href=\"https:\/\/sven-ove.nu\/wp-content\/uploads\/2023\/10\/Klimatetkanintevanta-scaled.jpg\"><img loading=\"lazy\" decoding=\"async\" width=\"1024\" height=\"505\" src=\"https:\/\/sven-ove.nu\/wp-content\/uploads\/2023\/10\/Klimatetkanintevanta-1024x505.jpg\" alt=\"\" class=\"wp-image-26017\" srcset=\"https:\/\/sven-ove.nu\/wp-content\/uploads\/2023\/10\/Klimatetkanintevanta-1024x505.jpg 1024w, https:\/\/sven-ove.nu\/wp-content\/uploads\/2023\/10\/Klimatetkanintevanta-300x148.jpg 300w, https:\/\/sven-ove.nu\/wp-content\/uploads\/2023\/10\/Klimatetkanintevanta-768x379.jpg 768w, https:\/\/sven-ove.nu\/wp-content\/uploads\/2023\/10\/Klimatetkanintevanta-1536x757.jpg 1536w, https:\/\/sven-ove.nu\/wp-content\/uploads\/2023\/10\/Klimatetkanintevanta-2048x1009.jpg 2048w\" sizes=\"auto, (max-width: 1024px) 100vw, 1024px\" \/><\/a><\/figure>\n\n\n\n<blockquote class=\"wp-block-quote is-layout-flow wp-block-quote-is-layout-flow\">\n<p class=\"wp-block-paragraph\"><em>Talarmanus, Stora torget, Karlstad, den 13 oktober 2023.<br>Arrangemang: Karlstad Klimatn\u00e4tverk \/ Fridays For Future \u2013 Karlstad.<\/em><\/p>\n<\/blockquote>\n\n\n\n<p class=\"wp-block-paragraph\">Hej, jag representerar \u2026 Ludvig, Lovisa, Hugo, Arvid och Malte. Fem av dom som ska \u00f6verta det klimat som v\u00e5r tid \u00e4r med och skapar.<\/p>\n\n\n\n<p class=\"wp-block-paragraph\">Jag t\u00e4nkte prata historia i dag. Jag \u00e4r 72 \u00e5r drygt. Den historien. V\u00e5r familjs klimathistoria. Inte f\u00f6r att vi har levt sn\u00e4llare mot klimatet \u00e4n n\u00e5gon annan. Men som ett exempel.<\/p>\n\n\n\n<p class=\"wp-block-paragraph\">G\u00e5rden hette \u00c4ngeb\u00e4ckstorp 1:3 d\u00e4r jag v\u00e4xte upp. Den l\u00e5g l\u00e4ngs en grusv\u00e4g l\u00e5ngt bort i skogen i \u00f6stra Nyed. Varje dag kom det tv\u00e5 bilar f\u00f6rbi hemma. Posten och mj\u00f6lkbilen. Kom det en tredje bil s\u00e5 stod vi med n\u00e4san mot rutan.<br>Vi sj\u00e4lva hade ingen bil, inte i b\u00f6rjan.<\/p>\n\n\n\n<p class=\"wp-block-paragraph\">N\u00e4r jag och min fru hade bildat familj hade vi tv\u00e5 bilar n\u00e4r det var som v\u00e4rst. 0,4 fossilbilar per person i hush\u00e5llet.<\/p>\n\n\n\n<p class=\"wp-block-paragraph\">Byn \u00c4ngeb\u00e4ckstorp var som en mosaik med sm\u00e5g\u00e4rden och smultrondiken. En bra milj\u00f6 f\u00f6r pollinerare. <br>Nu: ett stort skifte p\u00e5 v\u00e4stra sidan om v\u00e4gen, ett p\u00e5 den \u00f6stra. Inga smultron, ont om pollinerare.<\/p>\n\n\n\n<p class=\"wp-block-paragraph\">Till skolbilen var det tv\u00e5 kilometer. Vi cyklade dit. P\u00e5 vintern tog vi skidor. N\u00e5gra g\u00e5nger \u00e5kte jag skridskor hela v\u00e4gen p\u00e5 den osandade isv\u00e4gen.<br>I dag skjutsar m\u00e5nga f\u00f6r\u00e4ldrar sina barn till skolan, vid vissa skolor har detta skapat trafikproblem.<\/p>\n\n\n\n<p class=\"wp-block-paragraph\">Pappa och jag lunnade timmer ur skogen med h\u00e4st. Hyggena var sm\u00e5.<br>H\u00e4romdagen n\u00e4r jag var ute och gick i skogen i min nuvarande kommun trodde jag att orienteringsklubben hade skrivit fel, n\u00e4r man satte ut Hittaut-stolpe nummer 106.<\/p>\n\n\n\n<p class=\"wp-block-paragraph\">Stigkors, stod det. Jag trodde inte det var en stig. Jag trodde det var en liten b\u00e4ck, det d\u00e4r vattenfyllda skogstraktorsp\u00e5ret som korsade stigen jag gick p\u00e5 i Deje.<\/p>\n\n\n\n<p class=\"wp-block-paragraph\">Mina f\u00f6r\u00e4ldrar fl\u00f6g inte p\u00e5 semester en enda g\u00e5ng. Sj\u00e4lva fl\u00f6g Inger och jag p\u00e5 v\u00e5r f\u00f6rsta charterresa 1973. F\u00f6rlovningsresan. Det hann bli m\u00e5nga flygresor till &#8211; innan vi ins\u00e5g vad m\u00e4nniskans flygande st\u00e4ller till med i <em>antropocen<\/em>. Tiden d\u00e5 m\u00e4nniskan har b\u00f6rjat p\u00e5verka klimat och ekosystem mer \u00e4n vad den naturliga evolutionen g\u00f6r.<\/p>\n\n\n\n<p class=\"wp-block-paragraph\">Nej. Jag menar inte att skryta, n\u00e4r jag r\u00e4knar upp min familjs klimatp\u00e5verkan p\u00e5 1960-talet och en bit fram\u00e5t. Det \u00e4r bara en bild av utvecklingen. S\u00e5 h\u00e4r har det sett ut i Sverige, \u00e4ven om v\u00e5r familj blev urbaniserad lite senare \u00e4n m\u00e5nga andra.<\/p>\n\n\n\n<p class=\"wp-block-paragraph\">Jag ska inte rabbla n\u00e5gra siffror \u00f6ver hur det ser ut i dag. Hur hotat klimatet \u00e4r. L\u00e5t mig bara konstatera att det \u00e4r dags att b\u00f6rja leva med naturen igen. Inte mot.<br>Det g\u00e5r att g\u00f6ra det, utan att b\u00f6rja \u00e5ka skridskor till skolskjutsen.<\/p>\n\n\n\n<p class=\"wp-block-paragraph\">D\u00e5 har jag bara pratat om den enskilda m\u00e4nniskans ansvar. Vi som \u00e4nd\u00e5 inte \u00e4r ensamma om ansvaret f\u00f6r att temperaturen stiger p\u00e5 jordklotet.<\/p>\n\n\n\n<p class=\"wp-block-paragraph\">En stor utsl\u00e4ppare finns inom industrin. G\u00f6r n\u00e5t \u00e5t dom utsl\u00e4ppen, stat och kapital. G\u00f6r n\u00e5t innan det \u00e4r f\u00f6r sent.<\/p>\n\n\n\n<p class=\"wp-block-paragraph\">I tv \u00e4r vi vana vid att det kommer en v\u00e4derleksrapport i slutet p\u00e5 nyhetss\u00e4ndningarna. Bra. Det \u00e4r bara det att nu \u00e4r det h\u00f6g tid f\u00f6r en viktigare rapport \u2013 och den borde komma f\u00f6rst. Varje dag.<\/p>\n\n\n\n<p class=\"wp-block-paragraph\">Klimatrapporten.<\/p>\n\n\n<div class=\"wp-block-image\">\n<figure class=\"alignright size-thumbnail\"><a href=\"https:\/\/sven-ove.nu\/wp-content\/uploads\/2023\/10\/Klimatappell-2-1-scaled.jpg\"><img loading=\"lazy\" decoding=\"async\" width=\"150\" height=\"150\" src=\"https:\/\/sven-ove.nu\/wp-content\/uploads\/2023\/10\/Klimatappell-2-1-150x150.jpg\" alt=\"\" class=\"wp-image-26021\"\/><\/a><\/figure>\n<\/div>\n\n\n<p class=\"has-background wp-block-paragraph\" style=\"background-color:#f69157\"><strong>Klimatrapport f\u00f6r Bergslags-omr\u00e5det <\/strong><br><strong>och Sydv\u00e4stra Svealand:<\/strong><\/p>\n\n\n\n<p class=\"wp-block-paragraph\">1. Kollektivtrafiken beh\u00f6ver byggas ut kraftigt i V\u00e4rmland. Buss- och t\u00e5gbiljetterna m\u00e5ste fort bli mycket billigare. Anropsstyrd trafik kan vara l\u00f6sningen i m\u00e5nga glesbygder.<\/p>\n\n\n\n<p class=\"wp-block-paragraph\">2. V\u00e5tmarkerna vid Ilanda-rondellen m\u00e5ste \u00e5terst\u00e4llas.<\/p>\n\n\n\n<p class=\"wp-block-paragraph\">3. Vinnare i det v\u00e4rml\u00e4ndska Distrikts-M\u00e4sterskapet 2022 i grenen st\u00f6rst utsl\u00e4pp av koldioxid blev\u2026 \u00e4sch, vi tar inte den. Vi tar ett positivt telegram i st\u00e4llet.<\/p>\n\n\n\n<p class=\"wp-block-paragraph\">I fjol blev Sverige Europas st\u00f6rsta export\u00f6r av el. Igen. Det kunde vi bli, mest p\u00e5 grund av utbyggd vindkraft, s\u00e4ger Svenska Kraftn\u00e4t.<br>Vindkraft. Bra. Det \u00e4r bra f\u00f6r klimatet.<\/p>\n\n\n\n<p class=\"wp-block-paragraph\">Den rapporten vill jag h\u00f6ra hela tiden.&nbsp;&nbsp;&nbsp;&nbsp;&nbsp;&nbsp;&nbsp;&nbsp;&nbsp;&nbsp;&nbsp;&nbsp;&nbsp;&nbsp;&nbsp;&nbsp;&nbsp;&nbsp;&nbsp;&nbsp; <\/p>\n\n\n\n<p class=\"wp-block-paragraph\">Tack f\u00f6r mig!<\/p>\n\n\n\n<figure class=\"wp-block-image size-large\"><a href=\"https:\/\/sven-ove.nu\/wp-content\/uploads\/2023\/10\/Klimatmanifestation-scaled.jpg\"><img loading=\"lazy\" decoding=\"async\" width=\"1024\" height=\"588\" src=\"https:\/\/sven-ove.nu\/wp-content\/uploads\/2023\/10\/Klimatmanifestation-1024x588.jpg\" alt=\"\" class=\"wp-image-26018\" srcset=\"https:\/\/sven-ove.nu\/wp-content\/uploads\/2023\/10\/Klimatmanifestation-1024x588.jpg 1024w, https:\/\/sven-ove.nu\/wp-content\/uploads\/2023\/10\/Klimatmanifestation-300x172.jpg 300w, https:\/\/sven-ove.nu\/wp-content\/uploads\/2023\/10\/Klimatmanifestation-768x441.jpg 768w, https:\/\/sven-ove.nu\/wp-content\/uploads\/2023\/10\/Klimatmanifestation-1536x881.jpg 1536w, https:\/\/sven-ove.nu\/wp-content\/uploads\/2023\/10\/Klimatmanifestation-2048x1175.jpg 2048w\" sizes=\"auto, (max-width: 1024px) 100vw, 1024px\" \/><\/a><\/figure>\n\n\n\n<p class=\"has-background wp-block-paragraph\" style=\"background-color:#b6f1bf\"><a href=\"https:\/\/sven-ove.nu\/\">Hem<\/a>&nbsp;|&nbsp;<a href=\"https:\/\/sven-ove.nu\/?page_id=170\">Om mig<\/a>&nbsp;|&nbsp;<a href=\"https:\/\/sven-ove.nu\/?page_id=1385\">Skriva &amp; prata<\/a>&nbsp;|&nbsp;<a href=\"https:\/\/sven-ove.nu\/?page_id=100\">Politik<\/a>&nbsp;|&nbsp;<a href=\"https:\/\/sven-ove.nu\/?page_id=102\">L\u00f6pa<\/a>&nbsp;|&nbsp;<a href=\"https:\/\/sven-ove.nu\/?page_id=108\">Viktor Root<\/a>&nbsp;&nbsp;<br><em>Inl\u00e4gg nr 2 308, (c) Sven-Ove Svensson (men dela g\u00e4rna).<\/em><\/p>\n","protected":false},"excerpt":{"rendered":"<p>Talarmanus, Stora torget, Karlstad, den 13 oktober 2023.Arrangemang: Karlstad Klimatn\u00e4tverk \/ Fridays For Future \u2013 Karlstad. Hej, jag representerar \u2026 Ludvig, Lovisa, Hugo, Arvid och Malte. Fem av dom som ska \u00f6verta det klimat som v\u00e5r tid \u00e4r med och skapar. Jag t\u00e4nkte prata historia i dag. Jag \u00e4r 72 \u00e5r drygt. Den historien. V\u00e5r &hellip; <a href=\"https:\/\/sven-ove.nu\/?p=26010\" class=\"more-link\">Forts\u00e4tt l\u00e4sa <span class=\"screen-reader-text\">Min klimat-apell denna h\u00f6st<\/span><\/a><\/p>\n","protected":false},"author":1,"featured_media":0,"comment_status":"closed","ping_status":"open","sticky":false,"template":"","format":"standard","meta":{"_crdt_document":"","_monsterinsights_skip_tracking":false,"_monsterinsights_sitenote_active":false,"_monsterinsights_sitenote_note":"","_monsterinsights_sitenote_category":0,"footnotes":""},"categories":[10,6,9],"tags":[8,18,15,17],"class_list":["post-26010","post","type-post","status-publish","format-standard","hentry","category-familjen","category-natur","category-politik","tag-historia","tag-lardomar","tag-mediedjungeln","tag-solidaritet"],"_links":{"self":[{"href":"https:\/\/sven-ove.nu\/index.php?rest_route=\/wp\/v2\/posts\/26010","targetHints":{"allow":["GET"]}}],"collection":[{"href":"https:\/\/sven-ove.nu\/index.php?rest_route=\/wp\/v2\/posts"}],"about":[{"href":"https:\/\/sven-ove.nu\/index.php?rest_route=\/wp\/v2\/types\/post"}],"author":[{"embeddable":true,"href":"https:\/\/sven-ove.nu\/index.php?rest_route=\/wp\/v2\/users\/1"}],"replies":[{"embeddable":true,"href":"https:\/\/sven-ove.nu\/index.php?rest_route=%2Fwp%2Fv2%2Fcomments&post=26010"}],"version-history":[{"count":12,"href":"https:\/\/sven-ove.nu\/index.php?rest_route=\/wp\/v2\/posts\/26010\/revisions"}],"predecessor-version":[{"id":26030,"href":"https:\/\/sven-ove.nu\/index.php?rest_route=\/wp\/v2\/posts\/26010\/revisions\/26030"}],"wp:attachment":[{"href":"https:\/\/sven-ove.nu\/index.php?rest_route=%2Fwp%2Fv2%2Fmedia&parent=26010"}],"wp:term":[{"taxonomy":"category","embeddable":true,"href":"https:\/\/sven-ove.nu\/index.php?rest_route=%2Fwp%2Fv2%2Fcategories&post=26010"},{"taxonomy":"post_tag","embeddable":true,"href":"https:\/\/sven-ove.nu\/index.php?rest_route=%2Fwp%2Fv2%2Ftags&post=26010"}],"curies":[{"name":"wp","href":"https:\/\/api.w.org\/{rel}","templated":true}]}}