{"id":26033,"date":"2023-10-21T04:31:00","date_gmt":"2023-10-21T03:31:00","guid":{"rendered":"https:\/\/sven-ove.nu\/?p=26033"},"modified":"2023-10-20T07:52:57","modified_gmt":"2023-10-20T06:52:57","slug":"allt-ar-inte-nattsvart-i-varlden","status":"publish","type":"post","link":"https:\/\/sven-ove.nu\/?p=26033","title":{"rendered":"Allt \u00e4r inte nattsvart i v\u00e4rlden"},"content":{"rendered":"\n<figure class=\"wp-block-image size-large\"><a href=\"https:\/\/sven-ove.nu\/wp-content\/uploads\/2023\/10\/Tackmodrar.jpeg\"><img loading=\"lazy\" decoding=\"async\" width=\"1024\" height=\"1024\" src=\"https:\/\/sven-ove.nu\/wp-content\/uploads\/2023\/10\/Tackmodrar-1024x1024.jpeg\" alt=\"\" class=\"wp-image-26034\" srcset=\"https:\/\/sven-ove.nu\/wp-content\/uploads\/2023\/10\/Tackmodrar-1024x1024.jpeg 1024w, https:\/\/sven-ove.nu\/wp-content\/uploads\/2023\/10\/Tackmodrar-300x300.jpeg 300w, https:\/\/sven-ove.nu\/wp-content\/uploads\/2023\/10\/Tackmodrar-150x150.jpeg 150w, https:\/\/sven-ove.nu\/wp-content\/uploads\/2023\/10\/Tackmodrar-768x768.jpeg 768w, https:\/\/sven-ove.nu\/wp-content\/uploads\/2023\/10\/Tackmodrar.jpeg 1302w\" sizes=\"auto, (max-width: 1024px) 100vw, 1024px\" \/><\/a><\/figure>\n\n\n\n<blockquote class=\"wp-block-quote is-layout-flow wp-block-quote-is-layout-flow\">\n<p class=\"wp-block-paragraph\">Det h\u00e4nder sig att vi g\u00e5r f\u00f6r att se p\u00e5 konst och titta p\u00e5 teater.<\/p>\n<\/blockquote>\n\n\n\n<p class=\"has-medium-font-size wp-block-paragraph\"><strong>(1950- och 60-tal)<\/strong><\/p>\n\n\n\n<p class=\"wp-block-paragraph\">Jag \u00e4r inte f\u00f6dd vid en scenkant. Vi s\u00e5g sk\u00f6nheten i h\u00f6sten, n\u00e4r den m\u00e5lade all\u00e9n ner mot \u00f6dest\u00e4llet s\u00f6der om oss orange i \u00e4lgjaktsveckan. Soluppg\u00e5ngen \u00f6ver vita granskogs\u00e5sar i februari. En f\u00e4rgglad salamanderhane fr\u00e5n lag\u00e5rdsdammen i parningsdr\u00e4kt p\u00e5 v\u00e5ren.<\/p>\n\n\n\n<p class=\"wp-block-paragraph\">Teater? F\u00f6r all del, jag har spelat Krokrot i andra klass, n\u00e4mndemannen i Ruskaby skola i sj\u00e4tte och sett Lars Green p\u00e5 riktig teater i G\u00f6teborg n\u00e4r vi for dit med gymnasiet. M\u00e4ster Olof.<\/p>\n\n\n\n<p class=\"wp-block-paragraph\">Det var allt. D\u00e5.<br>Livet \u00e4r inte gratis, inte kulturen heller, men vi l\u00e4ste mycket.<\/p>\n\n\n\n<p class=\"has-medium-font-size wp-block-paragraph\"><strong>(17 oktober 2023)<\/strong><\/p>\n\n\n\n<p class=\"wp-block-paragraph\">\u00c5ren g\u00e5r. En tisdag i oktober far vi till Kulturhuset i Deje. Projektet heter <em>Du \u00e4r historisk!<\/em> och handlar om att samla in, veckla ut och synligg\u00f6ra kvinnohistorien. Den som s\u00e5 ofta osynligg\u00f6rs.<\/p>\n\n\n\n<p class=\"wp-block-paragraph\">Den h\u00e4r kv\u00e4llen \u00e4r det konstn\u00e4ren Anna Lidberg som ber\u00e4ttar om sitt konstn\u00e4rsskap, s\u00e4rskilt konstverket <em>Tack m\u00f6drar det gjorde ni bra<\/em> p\u00e5 bron \u00f6ver Klar\u00e4lven i Deje. Det som jag blir glad varje g\u00e5ng jag ser.<\/p>\n\n\n\n<p class=\"wp-block-paragraph\">I samtalet innan soppan n\u00e4mns en hel rad Dejekvinnor som borde skrivas in i historien. Sj\u00e4lv n\u00e4mner jag stoltheterna Fritidsbanken (upphovskvinna Carina Haak) och Gamla Kraftstationen (ledare Linn S\u00f6nsteb\u00f6 Mossberg) och kvinnorna i packsalen p\u00e5 bruket, fint skildrade i Aino Trosells pj\u00e4s Lusten finns, Gr\u00e5ten \u00e4r borta.<\/p>\n\n\n\n<p class=\"has-medium-font-size wp-block-paragraph\"><strong>(18 oktober 2023)<\/strong><\/p>\n\n\n\n<p class=\"wp-block-paragraph\">Nu har livet f\u00f6rt oss till ett galleri i G\u00f6teborg. Vi g\u00e5r omkring och tittar p\u00e5 tavlor, en sn\u00e4ll hund r\u00e4knar in oss och jag tycker att jag k\u00e4nner igen mannen p\u00e5 flera av tavlorna. V\u00e4nta, det st\u00e4mmer ju. Marianne Lindberg De Geer har m\u00e5lat av karln sin.<\/p>\n\n\n\n<p class=\"wp-block-paragraph\">Jag g\u00e5r omkring med ett glas Raml\u00f6sa i n\u00e4ven och gillar bilderna vi ser. Inte blir det s\u00e4mre n\u00e4r kv\u00e4llens teaterpj\u00e4s b\u00f6rjar. Vi sitter p\u00e5 rad p\u00e5 tr\u00e4stolar efter v\u00e4ggarna och ser Carita Jonsson och Niklas Ergin spela enaktaren som Niklas skrivit.<\/p>\n\n\n\n<p class=\"wp-block-paragraph\"><em>Lars har blivit av med sina glas\u00f6gon och Kristina m\u00e5r d\u00e5ligt. Hon skulle vilja ha ett barn, men \u00e4r os\u00e4ker p\u00e5 om hon \u00e4r f\u00f6r gammal eventuellt? Lars \u00e5 sin sida vill ha en hanhund som inte beh\u00f6ver g\u00e5 ut s\u00e5 mycket och som inte blodar ner \u00f6verallt.<\/em><\/p>\n\n\n\n<p class=\"wp-block-paragraph\"><em>B\u00e5de Lars och Kristina vill saker. Det \u00e4r bra. Det \u00e4r ett friskhetstecken. Och nu har dom bett om hj\u00e4lp ocks\u00e5, v\u00e4ntar p\u00e5 sin tur bara.<\/em><\/p>\n\n\n\n<p class=\"wp-block-paragraph\">In kommer Ludvig Hans\u00e9n, vid det laget har vi f\u00f6rst\u00e5tt att det \u00e4r en v\u00e5rdinr\u00e4ttning av n\u00e5got slag.<br>&#8211; Sara Larsson! ropar han.<\/p>\n\n\n\n<p class=\"wp-block-paragraph\">Men det finns ingen Sara i v\u00e4ntrummet. Hunden viftar p\u00e5 svansen och pj\u00e4sen \u00e4r bra.<\/p>\n\n\n\n<p class=\"has-medium-font-size wp-block-paragraph\"><strong>(19 oktober 2023)<\/strong><\/p>\n\n\n\n<p class=\"wp-block-paragraph\">Morgon, hemma hos dotter med familj. Jag visar Ludvig, v\u00e5rt barnbarn, bilden i mobilen p\u00e5 Anna Lidberg framf\u00f6r konstverket <em>Tack m\u00f6drar, det gjorde ni bra<\/em>.<\/p>\n\n\n\n<p class=\"wp-block-paragraph\">Han blir glad, tycker om konstverket och b\u00f6rjar genast sjunga s\u00e5ngen ur den feministiska 70-talspj\u00e4sen J\u00f6sses flickor:<\/p>\n\n\n\n<p class=\"wp-block-paragraph\"><em>Och en dag ska barnen s\u00e4ga<\/em><br><em>tack m\u00f6drar det gjorde ni bra.<\/em><\/p>\n\n\n\n<p class=\"wp-block-paragraph\">Vi har inte skivan. Vi har aldrig spelat den f\u00f6r hans mor men vi minns den f\u00f6rst\u00e5s fr\u00e5n festerna f\u00f6r 49 \u00e5r sedan.<br>&#8211; Hur kan du den l\u00e5ten?<br>&#8211; Den \u00e4r ju bra. Jag tycker om Susanne Osten.<\/p>\n\n\n\n<p class=\"wp-block-paragraph\">16-\u00e5ringar kan <em>Befrielsen \u00e4r n\u00e4ra!<\/em> utantill och i kv\u00e4ll spelar Nationalteaterns Rockorkester i Karlstad.<\/p>\n\n\n\n<p class=\"wp-block-paragraph\">Allt \u00e4r inte nattsvart i v\u00e4rlden.<\/p>\n\n\n\n<figure class=\"wp-block-image size-large\"><a href=\"https:\/\/sven-ove.nu\/wp-content\/uploads\/2023\/10\/Snartborjardet-scaled.jpeg\"><img loading=\"lazy\" decoding=\"async\" width=\"1024\" height=\"1024\" src=\"https:\/\/sven-ove.nu\/wp-content\/uploads\/2023\/10\/Snartborjardet-1024x1024.jpeg\" alt=\"\" class=\"wp-image-26036\" srcset=\"https:\/\/sven-ove.nu\/wp-content\/uploads\/2023\/10\/Snartborjardet-1024x1024.jpeg 1024w, https:\/\/sven-ove.nu\/wp-content\/uploads\/2023\/10\/Snartborjardet-300x300.jpeg 300w, https:\/\/sven-ove.nu\/wp-content\/uploads\/2023\/10\/Snartborjardet-150x150.jpeg 150w, https:\/\/sven-ove.nu\/wp-content\/uploads\/2023\/10\/Snartborjardet-768x768.jpeg 768w, https:\/\/sven-ove.nu\/wp-content\/uploads\/2023\/10\/Snartborjardet-1536x1536.jpeg 1536w, https:\/\/sven-ove.nu\/wp-content\/uploads\/2023\/10\/Snartborjardet-2048x2048.jpeg 2048w\" sizes=\"auto, (max-width: 1024px) 100vw, 1024px\" \/><\/a><\/figure>\n\n\n\n<figure class=\"wp-block-image size-large\"><a href=\"https:\/\/sven-ove.nu\/wp-content\/uploads\/2023\/10\/Hundenochkonsten.jpeg\"><img loading=\"lazy\" decoding=\"async\" width=\"1024\" height=\"1024\" src=\"https:\/\/sven-ove.nu\/wp-content\/uploads\/2023\/10\/Hundenochkonsten-1024x1024.jpeg\" alt=\"\" class=\"wp-image-26038\" srcset=\"https:\/\/sven-ove.nu\/wp-content\/uploads\/2023\/10\/Hundenochkonsten-1024x1024.jpeg 1024w, https:\/\/sven-ove.nu\/wp-content\/uploads\/2023\/10\/Hundenochkonsten-300x300.jpeg 300w, https:\/\/sven-ove.nu\/wp-content\/uploads\/2023\/10\/Hundenochkonsten-150x150.jpeg 150w, https:\/\/sven-ove.nu\/wp-content\/uploads\/2023\/10\/Hundenochkonsten-768x768.jpeg 768w, https:\/\/sven-ove.nu\/wp-content\/uploads\/2023\/10\/Hundenochkonsten-1536x1536.jpeg 1536w, https:\/\/sven-ove.nu\/wp-content\/uploads\/2023\/10\/Hundenochkonsten-2048x2048.jpeg 2048w\" sizes=\"auto, (max-width: 1024px) 100vw, 1024px\" \/><\/a><\/figure>\n\n\n\n<p class=\"has-yellow-background-color has-background wp-block-paragraph\"><a href=\"https:\/\/sven-ove.nu\/\">Hem<\/a>&nbsp;|&nbsp;<a href=\"https:\/\/sven-ove.nu\/?page_id=170\">Om mig<\/a>&nbsp;|&nbsp;<a href=\"https:\/\/sven-ove.nu\/?page_id=1385\">Skriva &amp; prata<\/a>&nbsp;|&nbsp;<a href=\"https:\/\/sven-ove.nu\/?page_id=100\">Politik<\/a>&nbsp;|&nbsp;<a href=\"https:\/\/sven-ove.nu\/?page_id=102\">L\u00f6pa<\/a>&nbsp;|&nbsp;<a href=\"https:\/\/sven-ove.nu\/?page_id=108\">Viktor Root<\/a>&nbsp;&nbsp;<br><em>Inl\u00e4gg nr 2 310, (c) Sven-Ove Svensson (men dela g\u00e4rna).<\/em><\/p>\n","protected":false},"excerpt":{"rendered":"<p>Det h\u00e4nder sig att vi g\u00e5r f\u00f6r att se p\u00e5 konst och titta p\u00e5 teater. (1950- och 60-tal) Jag \u00e4r inte f\u00f6dd vid en scenkant. Vi s\u00e5g sk\u00f6nheten i h\u00f6sten, n\u00e4r den m\u00e5lade all\u00e9n ner mot \u00f6dest\u00e4llet s\u00f6der om oss orange i \u00e4lgjaktsveckan. Soluppg\u00e5ngen \u00f6ver vita granskogs\u00e5sar i februari. En f\u00e4rgglad salamanderhane fr\u00e5n lag\u00e5rdsdammen i &hellip; <a href=\"https:\/\/sven-ove.nu\/?p=26033\" class=\"more-link\">Forts\u00e4tt l\u00e4sa <span class=\"screen-reader-text\">Allt \u00e4r inte nattsvart i v\u00e4rlden<\/span><\/a><\/p>\n","protected":false},"author":1,"featured_media":0,"comment_status":"closed","ping_status":"open","sticky":false,"template":"","format":"standard","meta":{"_crdt_document":"","_monsterinsights_skip_tracking":false,"_monsterinsights_sitenote_active":false,"_monsterinsights_sitenote_note":"","_monsterinsights_sitenote_category":0,"footnotes":""},"categories":[10,28,4],"tags":[8,24,18,17],"class_list":["post-26033","post","type-post","status-publish","format-standard","hentry","category-familjen","category-kreativt-folk","category-skrivande","tag-historia","tag-karlek","tag-lardomar","tag-solidaritet"],"_links":{"self":[{"href":"https:\/\/sven-ove.nu\/index.php?rest_route=\/wp\/v2\/posts\/26033","targetHints":{"allow":["GET"]}}],"collection":[{"href":"https:\/\/sven-ove.nu\/index.php?rest_route=\/wp\/v2\/posts"}],"about":[{"href":"https:\/\/sven-ove.nu\/index.php?rest_route=\/wp\/v2\/types\/post"}],"author":[{"embeddable":true,"href":"https:\/\/sven-ove.nu\/index.php?rest_route=\/wp\/v2\/users\/1"}],"replies":[{"embeddable":true,"href":"https:\/\/sven-ove.nu\/index.php?rest_route=%2Fwp%2Fv2%2Fcomments&post=26033"}],"version-history":[{"count":9,"href":"https:\/\/sven-ove.nu\/index.php?rest_route=\/wp\/v2\/posts\/26033\/revisions"}],"predecessor-version":[{"id":26047,"href":"https:\/\/sven-ove.nu\/index.php?rest_route=\/wp\/v2\/posts\/26033\/revisions\/26047"}],"wp:attachment":[{"href":"https:\/\/sven-ove.nu\/index.php?rest_route=%2Fwp%2Fv2%2Fmedia&parent=26033"}],"wp:term":[{"taxonomy":"category","embeddable":true,"href":"https:\/\/sven-ove.nu\/index.php?rest_route=%2Fwp%2Fv2%2Fcategories&post=26033"},{"taxonomy":"post_tag","embeddable":true,"href":"https:\/\/sven-ove.nu\/index.php?rest_route=%2Fwp%2Fv2%2Ftags&post=26033"}],"curies":[{"name":"wp","href":"https:\/\/api.w.org\/{rel}","templated":true}]}}