{"id":26048,"date":"2023-10-23T04:09:00","date_gmt":"2023-10-23T03:09:00","guid":{"rendered":"https:\/\/sven-ove.nu\/?p=26048"},"modified":"2023-10-28T13:17:53","modified_gmt":"2023-10-28T12:17:53","slug":"26048","status":"publish","type":"post","link":"https:\/\/sven-ove.nu\/?p=26048","title":{"rendered":"Fr\u00e5n varukorgar till tillf\u00f6rlitliga nyheter och elproduktion"},"content":{"rendered":"\n<figure class=\"wp-block-image size-full\"><a href=\"https:\/\/sven-ove.nu\/wp-content\/uploads\/2023\/10\/Elkraft-diagram.001.jpeg\"><img loading=\"lazy\" decoding=\"async\" width=\"727\" height=\"725\" src=\"https:\/\/sven-ove.nu\/wp-content\/uploads\/2023\/10\/Elkraft-diagram.001.jpeg\" alt=\"\" class=\"wp-image-26053\" srcset=\"https:\/\/sven-ove.nu\/wp-content\/uploads\/2023\/10\/Elkraft-diagram.001.jpeg 727w, https:\/\/sven-ove.nu\/wp-content\/uploads\/2023\/10\/Elkraft-diagram.001-300x300.jpeg 300w, https:\/\/sven-ove.nu\/wp-content\/uploads\/2023\/10\/Elkraft-diagram.001-150x150.jpeg 150w\" sizes=\"auto, (max-width: 727px) 100vw, 727px\" \/><\/a><\/figure>\n\n\n\n<p class=\"has-text-align-right wp-block-paragraph\"><em>En bl\u00e5sig natt.<\/em><\/p>\n\n\n\n<blockquote class=\"wp-block-quote is-layout-flow wp-block-quote-is-layout-flow\">\n<p class=\"wp-block-paragraph\">Jag har f\u00f6rst\u00e5tt att min f\u00f6rra l\u00e4nksamling gjorde nytta. S\u00e5 h\u00e4r \u00e4r n\u00e5gra l\u00e4nkar till som jag vill tipsa om.<\/p>\n<\/blockquote>\n\n\n\n<p class=\"wp-block-paragraph\"><strong><a href=\"https:\/\/www.svk.se\/om-kraftsystemet\/kontrollrummet\/\" data-type=\"link\" data-id=\"https:\/\/www.svk.se\/om-kraftsystemet\/kontrollrummet\/\">Kontrollrummet<\/a><\/strong><br>Sverige \u00e4r Europas st\u00f6rsta export\u00f6r av el. Vi har ingen brist. Det var f\u00f6rs\u00e4ljning till elbristens Europa som drev upp priserna \u00e4ven hos oss f\u00f6rra vintern. <\/p>\n\n\n\n<p class=\"wp-block-paragraph\">Detta har jag l\u00e4rt mig av Svenska Kraftn\u00e4ts webbplats. Den ber\u00e4ttar ocks\u00e5 hur mycket som de olika kraftslagen st\u00e5r f\u00f6r just nu i denna stund.<a href=\"https:\/\/www.svk.se\/om-kraftsystemet\/kontrollrummet\/\"><\/a><\/p>\n\n\n\n<p class=\"wp-block-paragraph\"><strong><a href=\"https:\/\/www.svt.se\/text-tv\/100\" data-type=\"link\" data-id=\"https:\/\/www.svt.se\/text-tv\/100\">SVT Text<\/a><\/strong><br>Otidsenlig? Absolut inte. SVT:s text-tv-notiser \u00e4r snabba, \u00f6versk\u00e5dligt korta och tillf\u00f6rlitliga. Det finns en anledning till att jag som gammal nyhetsmurvel bes\u00f6ker den h\u00e4r webbplatsen flera g\u00e5nger om dagen.<a href=\"https:\/\/www.svt.se\/text-tv\/100\"><\/a><\/p>\n\n\n\n<p class=\"wp-block-paragraph\"><strong><a href=\"https:\/\/litteraturbanken.se\/\" data-type=\"link\" data-id=\"https:\/\/litteraturbanken.se\/\">Litteraturbanken<\/a><\/strong><br>Vill du l\u00e4sa en gammal roman av Selma Lagerl\u00f6f, August Strindberg eller Josef Kjellgren? H\u00e4r finns den. Gratis. <\/p>\n\n\n\n<p class=\"wp-block-paragraph\">En guldgruva vars m\u00f6jligheter jag fortfarande h\u00e5ller p\u00e5 och utforskar.<a href=\"https:\/\/litteraturbanken.se\/\"><\/a><\/p>\n\n\n\n<p class=\"wp-block-paragraph\"><strong><a href=\"https:\/\/litteraturbanken.se\/litteraturkartan\/\" data-type=\"link\" data-id=\"https:\/\/litteraturbanken.se\/litteraturkartan\/\">Litteraturkartan<\/a><\/strong><br>Litteraturbankens karta med litteratur p\u00e5. Tv\u00e5 av mina favoritintressen i en och samma l\u00e4nk. \u201dH\u00e4r kan du g\u00e5 p\u00e5 uppt\u00e4cktsf\u00e4rd i litteraturens tecken genom Bohusl\u00e4n, Dalsland, V\u00e4sterg\u00f6tland, Halland och Blekinge \u2013 och genom seklerna.\u201d <\/p>\n\n\n\n<p class=\"wp-block-paragraph\">Dessutom v\u00e4xer kartan. Just nu h\u00e5ller Marit Kapla p\u00e5 och samlar bes\u00f6ksm\u00e5l fr\u00e5n V\u00e4rmland har jag f\u00f6rst\u00e5tt.<a href=\"https:\/\/litteraturbanken.se\/litteraturkartan\/\"><\/a><\/p>\n\n\n\n<p class=\"wp-block-paragraph\"><strong><a href=\"https:\/\/www.svt.se\/datajournalistik\/bygg-din-varukorg-hur-dyrblir-maten\/\" data-type=\"link\" data-id=\"https:\/\/www.svt.se\/datajournalistik\/bygg-din-varukorg-hur-dyrblir-maten\/\">SVT:s varukorg<\/a><\/strong><br>G\u00f6r inflationen att varje m\u00e5ltid du \u00e4ter blir dyrare \u00e4n den f\u00f6rra? H\u00e4r f\u00e5r du hj\u00e4lp av SVT:s datajournalister. Bygg din egen varukorg. Hur dyr blir den?<a href=\"https:\/\/www.svt.se\/datajournalistik\/bygg-din-varukorg-hur-dyrblir-maten\/\"><\/a><\/p>\n\n\n\n<p class=\"has-light-blue-background-color has-background wp-block-paragraph\"><a href=\"https:\/\/sven-ove.nu\/\">Hem<\/a>\u00a0|\u00a0<a href=\"https:\/\/sven-ove.nu\/?page_id=170\">Om mig<\/a>\u00a0|\u00a0<a href=\"https:\/\/sven-ove.nu\/?page_id=1385\">Skriva &amp; prata<\/a>\u00a0|\u00a0<a href=\"https:\/\/sven-ove.nu\/?page_id=100\">Politik<\/a>\u00a0|\u00a0<a href=\"https:\/\/sven-ove.nu\/?page_id=102\">L\u00f6pa<\/a>\u00a0|\u00a0<a href=\"https:\/\/sven-ove.nu\/?page_id=108\">Viktor Root<\/a>\u00a0\u00a0<br><em>Inl\u00e4gg nr 2 312, (c) Sven-Ove Svensson (men dela g\u00e4rna).<\/em><\/p>\n","protected":false},"excerpt":{"rendered":"<p>En bl\u00e5sig natt. Jag har f\u00f6rst\u00e5tt att min f\u00f6rra l\u00e4nksamling gjorde nytta. S\u00e5 h\u00e4r \u00e4r n\u00e5gra l\u00e4nkar till som jag vill tipsa om. KontrollrummetSverige \u00e4r Europas st\u00f6rsta export\u00f6r av el. Vi har ingen brist. Det var f\u00f6rs\u00e4ljning till elbristens Europa som drev upp priserna \u00e4ven hos oss f\u00f6rra vintern. Detta har jag l\u00e4rt mig av &hellip; <a href=\"https:\/\/sven-ove.nu\/?p=26048\" class=\"more-link\">Forts\u00e4tt l\u00e4sa <span class=\"screen-reader-text\">Fr\u00e5n varukorgar till tillf\u00f6rlitliga nyheter och elproduktion<\/span><\/a><\/p>\n","protected":false},"author":1,"featured_media":0,"comment_status":"closed","ping_status":"open","sticky":false,"template":"","format":"standard","meta":{"_crdt_document":"","_monsterinsights_skip_tracking":false,"_monsterinsights_sitenote_active":false,"_monsterinsights_sitenote_note":"","_monsterinsights_sitenote_category":0,"footnotes":""},"categories":[28,4],"tags":[18,14,15,13],"class_list":["post-26048","post","type-post","status-publish","format-standard","hentry","category-kreativt-folk","category-skrivande","tag-lardomar","tag-lasning","tag-mediedjungeln","tag-utrustning"],"_links":{"self":[{"href":"https:\/\/sven-ove.nu\/index.php?rest_route=\/wp\/v2\/posts\/26048","targetHints":{"allow":["GET"]}}],"collection":[{"href":"https:\/\/sven-ove.nu\/index.php?rest_route=\/wp\/v2\/posts"}],"about":[{"href":"https:\/\/sven-ove.nu\/index.php?rest_route=\/wp\/v2\/types\/post"}],"author":[{"embeddable":true,"href":"https:\/\/sven-ove.nu\/index.php?rest_route=\/wp\/v2\/users\/1"}],"replies":[{"embeddable":true,"href":"https:\/\/sven-ove.nu\/index.php?rest_route=%2Fwp%2Fv2%2Fcomments&post=26048"}],"version-history":[{"count":10,"href":"https:\/\/sven-ove.nu\/index.php?rest_route=\/wp\/v2\/posts\/26048\/revisions"}],"predecessor-version":[{"id":26070,"href":"https:\/\/sven-ove.nu\/index.php?rest_route=\/wp\/v2\/posts\/26048\/revisions\/26070"}],"wp:attachment":[{"href":"https:\/\/sven-ove.nu\/index.php?rest_route=%2Fwp%2Fv2%2Fmedia&parent=26048"}],"wp:term":[{"taxonomy":"category","embeddable":true,"href":"https:\/\/sven-ove.nu\/index.php?rest_route=%2Fwp%2Fv2%2Fcategories&post=26048"},{"taxonomy":"post_tag","embeddable":true,"href":"https:\/\/sven-ove.nu\/index.php?rest_route=%2Fwp%2Fv2%2Ftags&post=26048"}],"curies":[{"name":"wp","href":"https:\/\/api.w.org\/{rel}","templated":true}]}}