{"id":26068,"date":"2023-10-28T13:15:35","date_gmt":"2023-10-28T12:15:35","guid":{"rendered":"https:\/\/sven-ove.nu\/?p=26068"},"modified":"2023-10-28T13:21:42","modified_gmt":"2023-10-28T12:21:42","slug":"tal-vid-manifestationen-i-forshaga-mot-angiverilagen","status":"publish","type":"post","link":"https:\/\/sven-ove.nu\/?p=26068","title":{"rendered":"Tal vid manifestationen i Forshaga mot angiverilagen"},"content":{"rendered":"\n<figure class=\"wp-block-image size-large\"><a href=\"https:\/\/sven-ove.nu\/wp-content\/uploads\/2023\/10\/Talar-pa-torget.jpg\"><img loading=\"lazy\" decoding=\"async\" width=\"1024\" height=\"1024\" src=\"https:\/\/sven-ove.nu\/wp-content\/uploads\/2023\/10\/Talar-pa-torget-1024x1024.jpg\" alt=\"\" class=\"wp-image-26072\" srcset=\"https:\/\/sven-ove.nu\/wp-content\/uploads\/2023\/10\/Talar-pa-torget-1024x1024.jpg 1024w, https:\/\/sven-ove.nu\/wp-content\/uploads\/2023\/10\/Talar-pa-torget-300x300.jpg 300w, https:\/\/sven-ove.nu\/wp-content\/uploads\/2023\/10\/Talar-pa-torget-150x150.jpg 150w, https:\/\/sven-ove.nu\/wp-content\/uploads\/2023\/10\/Talar-pa-torget-768x768.jpg 768w, https:\/\/sven-ove.nu\/wp-content\/uploads\/2023\/10\/Talar-pa-torget-1536x1536.jpg 1536w, https:\/\/sven-ove.nu\/wp-content\/uploads\/2023\/10\/Talar-pa-torget.jpg 1909w\" sizes=\"auto, (max-width: 1024px) 100vw, 1024px\" \/><\/a><\/figure>\n\n\n\n<blockquote class=\"wp-block-quote is-layout-flow wp-block-quote-is-layout-flow\">\n<p class=\"wp-block-paragraph\">I dag har jag talat vid V\u00e4nsterpartiets manifestation i Forshaga mot f\u00f6rslaget till angiverilag. H\u00e4r \u00e4r talet:<\/p>\n<\/blockquote>\n\n\n\n<p class=\"wp-block-paragraph\">Hej. I dag manifesterar vi mot f\u00f6rslaget till en angiverilag.<br>Fackf\u00f6rbundet Sveriges L\u00e4rare har sagt nej. LO har sagt nej. M\u00e5nga andra fackliga organisationer ocks\u00e5.<br>Region V\u00e4rmland har protesterat. Majoriteten av regionerna i landet har gjort det.<br>Den r\u00f6dgr\u00f6na ledningen i Karlstads kommun har gjort det. M\u00e5nga andra kommuner.<br>Man s\u00e4ger nej till Tid\u00f6partierna.<br>Man vill inte ha en angiverilag.<\/p>\n\n\n\n<p class=\"wp-block-paragraph\">Du som \u00e4r l\u00e4rare ska inte beh\u00f6va ange n\u00e5gon av dina elever, du \u00e4r inte gr\u00e4nspolis.<br>Du som arbetar inom v\u00e5rden ska inte beh\u00f6va ange n\u00e5gon av dina patienter, du \u00e4r inte gr\u00e4nspolis.<br>Det \u00e4r inte du som \u00e4r socialarbetare, bibliotekarie eller f\u00f6rskoll\u00e4rare heller.<\/p>\n\n\n\n<p class=\"wp-block-paragraph\">Sverige ska vara ett samh\u00e4lle d\u00e4r vi bryr oss om varandra och k\u00e4nner solidaritet. Inte ett angivarsamh\u00e4lle d\u00e4r man f\u00f6rs\u00f6ker splittra oss och st\u00e4lla m\u00e4nniskor mot varandra. <br>Hela f\u00f6rslaget om en angiverilag m\u00e5ste skrotas.<\/p>\n\n\n\n<p class=\"wp-block-paragraph\">Regeringen kallar det inte angiverilag. Det vore f\u00f6r tydligt. I st\u00e4llet kallar man det \u201dett ut\u00f6kat informationsutbyte\u201d och smyger in det som till\u00e4gg i direktivet till en statlig utredning. Men angiveri \u00e4r det lik f\u00f6rbaskat. Det som Tid\u00f6partierna vill att du som \u00e4r medarbetare hos en kommun eller myndighet ska b\u00f6rja syssla med.<\/p>\n\n\n\n<p class=\"wp-block-paragraph\">\u00c4r du exempelvis l\u00e4rare, l\u00e4kare eller bibliotekarie? D\u00e5 vill Tid\u00f6partierna och regeringen ge dig en ny uppgift. Ansvaret \u00e4r ditt. Om du kommer i kontakt med en person som du tror vistas i Sverige utan tillst\u00e5nd \u2013 d\u00e5 ska du ska ange den personen till Migrationsverket eller polisen.<\/p>\n\n\n\n<p class=\"wp-block-paragraph\">Regeringen f\u00e5r kalla sitt f\u00f6rslag vad den vill.<br>Vi kallar det klassiskt angiveri.<\/p>\n\n\n\n<p class=\"wp-block-paragraph\">Anm\u00e4lningsplikten, som regeringen kallar det, bryter mot grundl\u00e4ggande demokratiska principer. Den strider mot den svenska regeringsformen, mot m\u00e4nskliga r\u00e4ttigheter och mot FN:s barnkonvention.<\/p>\n\n\n\n<p class=\"wp-block-paragraph\">Du som \u00e4r anst\u00e4lld i offentlig verksamhet ska inte beh\u00f6va agera i strid mot ditt yrkes v\u00e4rdegrund. Inf\u00f6rs angiverilagen blir det dessutom sv\u00e5rare att rekrytera folk till v\u00e4lf\u00e4rdsyrkena.<\/p>\n\n\n\n<p class=\"wp-block-paragraph\">Vi f\u00e5r ett samh\u00e4lle d\u00e4r barn g\u00e5r miste om utbildning n\u00e4r f\u00f6r\u00e4ldrar inte v\u00e5gar s\u00e4nda dem till f\u00f6rskolan, skolan eller fritids. D\u00e4r sjuka blir utan behandling. D\u00e4r utsatta personer inte v\u00e5gar v\u00e4nda sig till socialtj\u00e4nsten.<br>Ett s\u00e5dant samh\u00e4lle vill vi inte ha.<\/p>\n\n\n\n<p class=\"wp-block-paragraph\">Och &#8211; samma krav b\u00f6r riktas inom den privata sektorn, till privata friskolor och privata v\u00e5rdf\u00f6retag.<\/p>\n\n\n\n<p class=\"wp-block-paragraph\">N\u00e4r f\u00f6rslaget blev k\u00e4nt, br\u00f6t en proteststorm ut i landet.<br>L\u00e4rare vill inte ha en lag som skapar misst\u00e4nksamhet i klassrummet. \u201dKan jag lita p\u00e5 min l\u00e4rare?\u201d.<br>L\u00e4kare och sk\u00f6terskor vill inte ha en situation d\u00e4r folk som \u00e4r sjuka eller skadade inte v\u00e5gar upps\u00f6ka sjukv\u00e5rden.<br>Man vill inte se ett samh\u00e4lle d\u00e4r utsattheten, utanf\u00f6rskapet och skuggsamh\u00e4llet v\u00e4xer.<\/p>\n\n\n\n<p class=\"wp-block-paragraph\"><strong>P\u00e5 Stora torget i Karlstad den 14 oktober samlades vi fr\u00e5n stora delar av fackf\u00f6reningsr\u00f6relsen, b\u00e5de p\u00e5 LO- och tj\u00e4nstemannasidan. Svenska kyrkan var ocks\u00e5 med.<\/strong><\/p>\n\n\n\n<p class=\"wp-block-paragraph\">Vi inom V\u00e4nsterpartiet deltar i protesterna. I kommun efter kommun i V\u00e4rmland tar vi initiativ den h\u00e4r h\u00f6sten, \u00e4ven i Forshaga. Kommunen m\u00e5ste s\u00e4ga ifr\u00e5n. Det v\u00e4ntar vi fortfarande p\u00e5. Forshaga ska vara en angiverifri kommun.<\/p>\n\n\n\n<p class=\"wp-block-paragraph\">I dag manifesterar vi i en rad kommuner i l\u00e4net. Du som jobbar inom v\u00e4lf\u00e4rden ska f\u00e5 lov att koncentrera dig p\u00e5 ditt jobb. Inte p\u00e5 att jaga flyktingar. Du \u00e4r inte gr\u00e4nspolis.<\/p>\n\n\n\n<p class=\"wp-block-paragraph\">S\u00e4g nej till v\u00e4xande misst\u00e4nksamhet inom v\u00e4lf\u00e4rden.<br>S\u00e4g nej till att bli angivare.<br>Hela f\u00f6rslaget om en angiverilag m\u00e5ste skrotas!<\/p>\n\n\n\n<figure class=\"wp-block-image size-medium\"><a href=\"https:\/\/sven-ove.nu\/wp-content\/uploads\/2023\/10\/Vansterpartiaktion-scaled.jpeg\"><img loading=\"lazy\" decoding=\"async\" width=\"300\" height=\"300\" src=\"https:\/\/sven-ove.nu\/wp-content\/uploads\/2023\/10\/Vansterpartiaktion-300x300.jpeg\" alt=\"\" class=\"wp-image-26071\" srcset=\"https:\/\/sven-ove.nu\/wp-content\/uploads\/2023\/10\/Vansterpartiaktion-300x300.jpeg 300w, https:\/\/sven-ove.nu\/wp-content\/uploads\/2023\/10\/Vansterpartiaktion-1024x1024.jpeg 1024w, https:\/\/sven-ove.nu\/wp-content\/uploads\/2023\/10\/Vansterpartiaktion-150x150.jpeg 150w, https:\/\/sven-ove.nu\/wp-content\/uploads\/2023\/10\/Vansterpartiaktion-768x768.jpeg 768w, https:\/\/sven-ove.nu\/wp-content\/uploads\/2023\/10\/Vansterpartiaktion-1536x1536.jpeg 1536w, https:\/\/sven-ove.nu\/wp-content\/uploads\/2023\/10\/Vansterpartiaktion-2048x2048.jpeg 2048w\" sizes=\"auto, (max-width: 300px) 100vw, 300px\" \/><\/a><\/figure>\n\n\n\n<p class=\"has-light-blue-background-color has-background wp-block-paragraph\"><a href=\"https:\/\/sven-ove.nu\/\">Hem<\/a>\u00a0|\u00a0<a href=\"https:\/\/sven-ove.nu\/?page_id=170\">Om mig<\/a>\u00a0|\u00a0<a href=\"https:\/\/sven-ove.nu\/?page_id=1385\">Skriva &amp; prata<\/a>\u00a0|\u00a0<a href=\"https:\/\/sven-ove.nu\/?page_id=100\">Politik<\/a>\u00a0|\u00a0<a href=\"https:\/\/sven-ove.nu\/?page_id=102\">L\u00f6pa<\/a>\u00a0|\u00a0<a href=\"https:\/\/sven-ove.nu\/?page_id=108\">Viktor Root<\/a>\u00a0\u00a0<br><em>Inl\u00e4gg nr 2 313, (c) Sven-Ove Svensson (men dela g\u00e4rna).<\/em><\/p>\n","protected":false},"excerpt":{"rendered":"<p>I dag har jag talat vid V\u00e4nsterpartiets manifestation i Forshaga mot f\u00f6rslaget till angiverilag. H\u00e4r \u00e4r talet: Hej. I dag manifesterar vi mot f\u00f6rslaget till en angiverilag.Fackf\u00f6rbundet Sveriges L\u00e4rare har sagt nej. LO har sagt nej. M\u00e5nga andra fackliga organisationer ocks\u00e5.Region V\u00e4rmland har protesterat. Majoriteten av regionerna i landet har gjort det.Den r\u00f6dgr\u00f6na ledningen i &hellip; <a href=\"https:\/\/sven-ove.nu\/?p=26068\" class=\"more-link\">Forts\u00e4tt l\u00e4sa <span class=\"screen-reader-text\">Tal vid manifestationen i Forshaga mot angiverilagen<\/span><\/a><\/p>\n","protected":false},"author":1,"featured_media":0,"comment_status":"closed","ping_status":"open","sticky":false,"template":"","format":"standard","meta":{"_crdt_document":"","_monsterinsights_skip_tracking":false,"_monsterinsights_sitenote_active":false,"_monsterinsights_sitenote_note":"","_monsterinsights_sitenote_category":0,"footnotes":""},"categories":[9],"tags":[24,17],"class_list":["post-26068","post","type-post","status-publish","format-standard","hentry","category-politik","tag-karlek","tag-solidaritet"],"_links":{"self":[{"href":"https:\/\/sven-ove.nu\/index.php?rest_route=\/wp\/v2\/posts\/26068","targetHints":{"allow":["GET"]}}],"collection":[{"href":"https:\/\/sven-ove.nu\/index.php?rest_route=\/wp\/v2\/posts"}],"about":[{"href":"https:\/\/sven-ove.nu\/index.php?rest_route=\/wp\/v2\/types\/post"}],"author":[{"embeddable":true,"href":"https:\/\/sven-ove.nu\/index.php?rest_route=\/wp\/v2\/users\/1"}],"replies":[{"embeddable":true,"href":"https:\/\/sven-ove.nu\/index.php?rest_route=%2Fwp%2Fv2%2Fcomments&post=26068"}],"version-history":[{"count":2,"href":"https:\/\/sven-ove.nu\/index.php?rest_route=\/wp\/v2\/posts\/26068\/revisions"}],"predecessor-version":[{"id":26073,"href":"https:\/\/sven-ove.nu\/index.php?rest_route=\/wp\/v2\/posts\/26068\/revisions\/26073"}],"wp:attachment":[{"href":"https:\/\/sven-ove.nu\/index.php?rest_route=%2Fwp%2Fv2%2Fmedia&parent=26068"}],"wp:term":[{"taxonomy":"category","embeddable":true,"href":"https:\/\/sven-ove.nu\/index.php?rest_route=%2Fwp%2Fv2%2Fcategories&post=26068"},{"taxonomy":"post_tag","embeddable":true,"href":"https:\/\/sven-ove.nu\/index.php?rest_route=%2Fwp%2Fv2%2Ftags&post=26068"}],"curies":[{"name":"wp","href":"https:\/\/api.w.org\/{rel}","templated":true}]}}