{"id":26098,"date":"2023-11-03T05:44:11","date_gmt":"2023-11-03T04:44:11","guid":{"rendered":"https:\/\/sven-ove.nu\/?p=26098"},"modified":"2023-11-03T05:58:52","modified_gmt":"2023-11-03T04:58:52","slug":"pa-dagen-80-ar-sedan-kiev-befriades-fran-nazi-tyskland","status":"publish","type":"post","link":"https:\/\/sven-ove.nu\/?p=26098","title":{"rendered":"P\u00e5 dagen 80 \u00e5r sedan Kiev befriades fr\u00e5n Nazi-Tyskland"},"content":{"rendered":"\n<blockquote class=\"wp-block-quote is-layout-flow wp-block-quote-is-layout-flow\">\n<p class=\"wp-block-paragraph\">&#8211; Vad ska du prata om p\u00e5 Stora torget p\u00e5 m\u00e5ndag? fr\u00e5gar min v\u00e4n Bj\u00f6rn Samuelsson.<br>&#8211; Om att Ukraina \u00e4r n\u00e4ra, svarar jag. Om att krig \u00e4r krig, vad \u00e4n n\u00e5gon l\u00e5tsas-tsar f\u00f6rs\u00f6ker kalla det.<br>&#8211; Du vet v\u00e4l att det \u00e4r 80 \u00e5r p\u00e5 dagen, just den 6 november?<\/p>\n<\/blockquote>\n\n\n\n<p class=\"wp-block-paragraph\">N\u00e5gra timmar senare p\u00e5minner \u00e4nnu en v\u00e4n om det historiska datumet. Det var den 6 november 1943 som Kiev befriades, skriver Mats Parner:<\/p>\n\n\n\n<p class=\"wp-block-paragraph\"><em>\u201d\u2026 metropolen Kiev befriades klockan 04:00 just den 6 november 1943 &#8211; allts\u00e5 f\u00f6r precis 80 \u00e5r sedan! &#8211; fr\u00e5n de nazityska ockupanterna i andra v\u00e4rldskriget.<\/em><\/p>\n\n\n\n<p class=\"wp-block-paragraph\"><em>Kiev, liksom f \u00f6 Lviv och Odessa, bombades av nazistiskt flyg redan f\u00f6rsta dagen av \u2019Operation Barbarossa\u2019 (22 juni 1941), kapitulerade f\u00f6r \u00f6vermakten den 19 september, och var d\u00e4refter bel\u00e4grad i hela 778 dygn fram till den 6 november 1943.<\/em><\/p>\n\n\n\n<p class=\"wp-block-paragraph\"><em>D\u00e5 hade en stor del av Kievs befolkning avlivats. Inv\u00e5narantalet var inte st\u00f6rre \u00e4n 80 000 (!).<\/em><\/p>\n\n\n\n<p class=\"wp-block-paragraph\"><em>Den som i dag, 2023, letar efter paralleller till det som skedde f\u00f6r 80 \u00e5r sedan och mer beh\u00f6ver inte s\u00f6ka f\u00f6rg\u00e4ves.\u201d<\/em><\/p>\n\n\n\n<p class=\"wp-block-paragraph\">Jag har kloka v\u00e4nner. De vet att Kiev och Ukraina slogs f\u00f6r oss alla d\u00e5, precis som de g\u00f6r det i dag.<\/p>\n\n\n\n<p class=\"has-light-blue-background-color has-background wp-block-paragraph\"><em>### Bj\u00f6rn Samuelsson och Socialdemokraterna tog initiativet till ett samtal med Moderaterna. Tillsammans besl\u00f6t de manifestera f\u00f6r Ukraina p\u00e5 Stora torget i Karlstad varje m\u00e5ndag klockan 12.<\/em><br><em>### Det brukar vara 2-4 personer som talar 3-5 minuter var. P\u00e5 m\u00e5ndag \u00e4r det min tur.<\/em><br><br><em>Ukraina \u00c4R n\u00e4ra.<\/em><\/p>\n\n\n\n<p class=\"wp-block-paragraph\"><\/p>\n\n\n<div class=\"wp-block-image\">\n<figure class=\"aligncenter size-medium\"><a href=\"https:\/\/sven-ove.nu\/wp-content\/uploads\/2023\/11\/Skylt-pa-Brigadmuseet-i-Karlstad-scaled.jpeg\"><img loading=\"lazy\" decoding=\"async\" width=\"300\" height=\"300\" src=\"https:\/\/sven-ove.nu\/wp-content\/uploads\/2023\/11\/Skylt-pa-Brigadmuseet-i-Karlstad-300x300.jpeg\" alt=\"\" class=\"wp-image-26099\" srcset=\"https:\/\/sven-ove.nu\/wp-content\/uploads\/2023\/11\/Skylt-pa-Brigadmuseet-i-Karlstad-300x300.jpeg 300w, https:\/\/sven-ove.nu\/wp-content\/uploads\/2023\/11\/Skylt-pa-Brigadmuseet-i-Karlstad-1024x1024.jpeg 1024w, https:\/\/sven-ove.nu\/wp-content\/uploads\/2023\/11\/Skylt-pa-Brigadmuseet-i-Karlstad-150x150.jpeg 150w, https:\/\/sven-ove.nu\/wp-content\/uploads\/2023\/11\/Skylt-pa-Brigadmuseet-i-Karlstad-768x768.jpeg 768w, https:\/\/sven-ove.nu\/wp-content\/uploads\/2023\/11\/Skylt-pa-Brigadmuseet-i-Karlstad-1536x1536.jpeg 1536w, https:\/\/sven-ove.nu\/wp-content\/uploads\/2023\/11\/Skylt-pa-Brigadmuseet-i-Karlstad-2048x2048.jpeg 2048w\" sizes=\"auto, (max-width: 300px) 100vw, 300px\" \/><\/a><\/figure>\n<\/div>\n\n\n<p class=\"has-text-align-center wp-block-paragraph\"><em>Skylt p\u00e5 Brigadmuseet i Karlstad.<\/em><\/p>\n\n\n\n<p class=\"has-light-gray-background-color has-background wp-block-paragraph\"><a href=\"https:\/\/sven-ove.nu\/\">Hem<\/a>&nbsp;|&nbsp;<a href=\"https:\/\/sven-ove.nu\/?page_id=170\">Om mig<\/a>&nbsp;|&nbsp;<a href=\"https:\/\/sven-ove.nu\/?page_id=1385\">Skriva &amp; prata<\/a>&nbsp;|&nbsp;<a href=\"https:\/\/sven-ove.nu\/?page_id=100\">Politik<\/a>&nbsp;|&nbsp;<a href=\"https:\/\/sven-ove.nu\/?page_id=102\">L\u00f6pa<\/a>&nbsp;|&nbsp;<a href=\"https:\/\/sven-ove.nu\/?page_id=108\">Viktor Root<\/a>&nbsp;&nbsp;<br><em>Inl\u00e4gg nr 2 316, (c) Sven-Ove Svensson (men dela g\u00e4rna).<\/em><\/p>\n","protected":false},"excerpt":{"rendered":"<p>&#8211; Vad ska du prata om p\u00e5 Stora torget p\u00e5 m\u00e5ndag? fr\u00e5gar min v\u00e4n Bj\u00f6rn Samuelsson.&#8211; Om att Ukraina \u00e4r n\u00e4ra, svarar jag. Om att krig \u00e4r krig, vad \u00e4n n\u00e5gon l\u00e5tsas-tsar f\u00f6rs\u00f6ker kalla det.&#8211; Du vet v\u00e4l att det \u00e4r 80 \u00e5r p\u00e5 dagen, just den 6 november? N\u00e5gra timmar senare p\u00e5minner \u00e4nnu en &hellip; <a href=\"https:\/\/sven-ove.nu\/?p=26098\" class=\"more-link\">Forts\u00e4tt l\u00e4sa <span class=\"screen-reader-text\">P\u00e5 dagen 80 \u00e5r sedan Kiev befriades fr\u00e5n Nazi-Tyskland<\/span><\/a><\/p>\n","protected":false},"author":1,"featured_media":0,"comment_status":"closed","ping_status":"open","sticky":false,"template":"","format":"standard","meta":{"_crdt_document":"","_monsterinsights_skip_tracking":false,"_monsterinsights_sitenote_active":false,"_monsterinsights_sitenote_note":"","_monsterinsights_sitenote_category":0,"footnotes":""},"categories":[9],"tags":[8,17],"class_list":["post-26098","post","type-post","status-publish","format-standard","hentry","category-politik","tag-historia","tag-solidaritet"],"_links":{"self":[{"href":"https:\/\/sven-ove.nu\/index.php?rest_route=\/wp\/v2\/posts\/26098","targetHints":{"allow":["GET"]}}],"collection":[{"href":"https:\/\/sven-ove.nu\/index.php?rest_route=\/wp\/v2\/posts"}],"about":[{"href":"https:\/\/sven-ove.nu\/index.php?rest_route=\/wp\/v2\/types\/post"}],"author":[{"embeddable":true,"href":"https:\/\/sven-ove.nu\/index.php?rest_route=\/wp\/v2\/users\/1"}],"replies":[{"embeddable":true,"href":"https:\/\/sven-ove.nu\/index.php?rest_route=%2Fwp%2Fv2%2Fcomments&post=26098"}],"version-history":[{"count":6,"href":"https:\/\/sven-ove.nu\/index.php?rest_route=\/wp\/v2\/posts\/26098\/revisions"}],"predecessor-version":[{"id":26106,"href":"https:\/\/sven-ove.nu\/index.php?rest_route=\/wp\/v2\/posts\/26098\/revisions\/26106"}],"wp:attachment":[{"href":"https:\/\/sven-ove.nu\/index.php?rest_route=%2Fwp%2Fv2%2Fmedia&parent=26098"}],"wp:term":[{"taxonomy":"category","embeddable":true,"href":"https:\/\/sven-ove.nu\/index.php?rest_route=%2Fwp%2Fv2%2Fcategories&post=26098"},{"taxonomy":"post_tag","embeddable":true,"href":"https:\/\/sven-ove.nu\/index.php?rest_route=%2Fwp%2Fv2%2Ftags&post=26098"}],"curies":[{"name":"wp","href":"https:\/\/api.w.org\/{rel}","templated":true}]}}