{"id":2616,"date":"2012-07-08T04:00:47","date_gmt":"2012-07-08T03:00:47","guid":{"rendered":"http:\/\/sven-ove.nu\/?p=2616"},"modified":"2012-07-07T09:42:51","modified_gmt":"2012-07-07T08:42:51","slug":"bonde-i-maten","status":"publish","type":"post","link":"https:\/\/sven-ove.nu\/?p=2616","title":{"rendered":"Bonde i maten"},"content":{"rendered":"<p><a href=\"https:\/\/sven-ove.nu\/wp-content\/uploads\/2012\/07\/Bonde-i-maten1.jpg\"><img loading=\"lazy\" decoding=\"async\" class=\"alignright size-medium wp-image-2620\" title=\"Bonde i maten\" src=\"https:\/\/sven-ove.nu\/wp-content\/uploads\/2012\/07\/Bonde-i-maten1-300x190.jpg\" alt=\"\" width=\"300\" height=\"190\" srcset=\"https:\/\/sven-ove.nu\/wp-content\/uploads\/2012\/07\/Bonde-i-maten1-300x190.jpg 300w, https:\/\/sven-ove.nu\/wp-content\/uploads\/2012\/07\/Bonde-i-maten1-1024x650.jpg 1024w, https:\/\/sven-ove.nu\/wp-content\/uploads\/2012\/07\/Bonde-i-maten1.jpg 1589w\" sizes=\"auto, (max-width: 300px) 100vw, 300px\" \/><\/a>\u00c4nnu en tidningsbild p\u00e5 en bonde som st\u00e5r och trampar till kn\u00e4na l\u00e5ngt ute i en s\u00e4des\u00e5ker.<\/p>\n<p>Hur t\u00e4nker de? T\u00e4nker alla dessa fotografer att b\u00f6nder \u00e4r rika, nonchalanta idioter och b\u00f6r skildras som s\u00e5dana? T\u00e4nker alla dessa b\u00f6nder att fotografer \u00e4r rika, nonchalanta idioter, men man f\u00e5r v\u00e4l g\u00e5 med p\u00e5 deras id\u00e9er, s\u00e5 man kommer i tidningen.<\/p>\n<p>Jag vill ju inte tro det.<\/p>\n<p>&#8211; Man trampar inte i maten, sa farfar.<\/p>\n","protected":false},"excerpt":{"rendered":"<p>\u00c4nnu en tidningsbild p\u00e5 en bonde som st\u00e5r och trampar till kn\u00e4na l\u00e5ngt ute i en s\u00e4des\u00e5ker. Hur t\u00e4nker de? T\u00e4nker alla dessa fotografer att b\u00f6nder \u00e4r rika, nonchalanta idioter och b\u00f6r skildras som s\u00e5dana? T\u00e4nker alla dessa b\u00f6nder att fotografer \u00e4r rika, nonchalanta idioter, men man f\u00e5r v\u00e4l g\u00e5 med p\u00e5 deras id\u00e9er, s\u00e5 &hellip; <a href=\"https:\/\/sven-ove.nu\/?p=2616\" class=\"more-link\">Forts\u00e4tt l\u00e4sa <span class=\"screen-reader-text\">Bonde i maten<\/span><\/a><\/p>\n","protected":false},"author":1,"featured_media":0,"comment_status":"open","ping_status":"open","sticky":false,"template":"","format":"standard","meta":{"_crdt_document":"","_monsterinsights_skip_tracking":false,"_monsterinsights_sitenote_active":false,"_monsterinsights_sitenote_note":"","_monsterinsights_sitenote_category":0,"footnotes":""},"categories":[6],"tags":[3,15],"class_list":["post-2616","post","type-post","status-publish","format-standard","hentry","category-natur","tag-arbete","tag-mediedjungeln"],"_links":{"self":[{"href":"https:\/\/sven-ove.nu\/index.php?rest_route=\/wp\/v2\/posts\/2616","targetHints":{"allow":["GET"]}}],"collection":[{"href":"https:\/\/sven-ove.nu\/index.php?rest_route=\/wp\/v2\/posts"}],"about":[{"href":"https:\/\/sven-ove.nu\/index.php?rest_route=\/wp\/v2\/types\/post"}],"author":[{"embeddable":true,"href":"https:\/\/sven-ove.nu\/index.php?rest_route=\/wp\/v2\/users\/1"}],"replies":[{"embeddable":true,"href":"https:\/\/sven-ove.nu\/index.php?rest_route=%2Fwp%2Fv2%2Fcomments&post=2616"}],"version-history":[{"count":5,"href":"https:\/\/sven-ove.nu\/index.php?rest_route=\/wp\/v2\/posts\/2616\/revisions"}],"predecessor-version":[{"id":2619,"href":"https:\/\/sven-ove.nu\/index.php?rest_route=\/wp\/v2\/posts\/2616\/revisions\/2619"}],"wp:attachment":[{"href":"https:\/\/sven-ove.nu\/index.php?rest_route=%2Fwp%2Fv2%2Fmedia&parent=2616"}],"wp:term":[{"taxonomy":"category","embeddable":true,"href":"https:\/\/sven-ove.nu\/index.php?rest_route=%2Fwp%2Fv2%2Fcategories&post=2616"},{"taxonomy":"post_tag","embeddable":true,"href":"https:\/\/sven-ove.nu\/index.php?rest_route=%2Fwp%2Fv2%2Ftags&post=2616"}],"curies":[{"name":"wp","href":"https:\/\/api.w.org\/{rel}","templated":true}]}}