{"id":26211,"date":"2023-12-18T04:35:00","date_gmt":"2023-12-18T03:35:00","guid":{"rendered":"https:\/\/sven-ove.nu\/?p=26211"},"modified":"2023-12-17T18:07:51","modified_gmt":"2023-12-17T17:07:51","slug":"varsta-basta-alskade-forfarliga-23","status":"publish","type":"post","link":"https:\/\/sven-ove.nu\/?p=26211","title":{"rendered":"V\u00e4rsta b\u00e4sta \u00e4lskade j\u00e4kla f\u00f6rf\u00e4rliga 23"},"content":{"rendered":"\n<figure class=\"wp-block-image size-large\"><a href=\"https:\/\/sven-ove.nu\/wp-content\/uploads\/2023\/12\/IMG_8930.jpg\"><img loading=\"lazy\" decoding=\"async\" width=\"1024\" height=\"768\" src=\"https:\/\/sven-ove.nu\/wp-content\/uploads\/2023\/12\/IMG_8930-1024x768.jpg\" alt=\"\" class=\"wp-image-26212\" srcset=\"https:\/\/sven-ove.nu\/wp-content\/uploads\/2023\/12\/IMG_8930-1024x768.jpg 1024w, https:\/\/sven-ove.nu\/wp-content\/uploads\/2023\/12\/IMG_8930-300x225.jpg 300w, https:\/\/sven-ove.nu\/wp-content\/uploads\/2023\/12\/IMG_8930-768x576.jpg 768w, https:\/\/sven-ove.nu\/wp-content\/uploads\/2023\/12\/IMG_8930-1536x1152.jpg 1536w, https:\/\/sven-ove.nu\/wp-content\/uploads\/2023\/12\/IMG_8930.jpg 1600w\" sizes=\"auto, (max-width: 1024px) 100vw, 1024px\" \/><\/a><\/figure>\n\n\n\n<blockquote class=\"wp-block-quote is-layout-flow wp-block-quote-is-layout-flow\">\n<p class=\"wp-block-paragraph\">Det var det b\u00e4sta av \u00e5r. Det var det s\u00e4msta av \u00e5r.<br>Jag pratar om 2023.<\/p>\n<\/blockquote>\n\n\n\n<p class=\"wp-block-paragraph\">Globalt blev klimatkrisen v\u00e4rre. Fossilkapitalet spj\u00e4rnade emot, v\u00e4rmen steg p\u00e5 v\u00e5r planet och inget \u00e5r som m\u00e4nniskan m\u00e4tt har varit hetare.<\/p>\n\n\n\n<p class=\"wp-block-paragraph\">Utrikes r\u00e4cker det att skriva Ukraina, Israel och Palestina s\u00e5 k\u00e4nner du hur blodet rinner mellan raderna. M\u00e4nniskors liv kunde vara s\u00e5 enkelt h\u00e4r i v\u00e4rlden men titta hur m\u00e5nga f\u00f6rtryckare det finns, hur m\u00e5nga angripare, hur m\u00e5nga oskyldiga som d\u00f6das i krig och terror.<\/p>\n\n\n\n<p class=\"wp-block-paragraph\">Inrikes n\u00e5dde vi en ny topp i antalet d\u00f6da p\u00e5 jobbet. Bygghiss, tr\u00e4d och transformator f\u00f6ll, gr\u00e4vmaskin sj\u00f6nk genom is, folk ramlade fr\u00e5n byggnadsst\u00e4llning och scenbalkong, halkade p\u00e5 isfl\u00e4ck, kl\u00e4mdes under ensilagebal, \u00e5kgr\u00e4sklippare och container\u2026 D\u00f6den p\u00e5 jobbet \u00e4r lika uppfinningsrik som girigheten, det \u00e4r d\u00e4remot inte f\u00f6retagens arbetsmilj\u00f6arbete. Inte varje vecka.<\/p>\n\n\n\n<p class=\"wp-block-paragraph\">I mitt V\u00e4rmland m\u00e5ste regionen nu g\u00f6ra sig av med 750 anst\u00e4llda medm\u00e4nniskor som hade beh\u00f6vts, s\u00e4rskilt i v\u00e5rden. \u00c5ratal av jobbskatteavdrag, hur m\u00e5nga hundra miljoner har de kostat svensk v\u00e4lf\u00e4rd? En bra bit \u00f6ver tusen miljarder l\u00e4ser jag. Varf\u00f6r ber\u00e4ttar inte medier och politiker f\u00f6r folk att v\u00e5ra svenska offentliga ekonomier h\u00e4nger ihop?<\/p>\n\n\n\n<p class=\"wp-block-paragraph\"><strong>Blev inget b\u00e4ttre?<\/strong><br>Har inget varit bra d\u00e5 i \u00e5r? Jo, en del. Jag l\u00e4ser en skrift fr\u00e5n FN:s utvecklingsprogram, UNDP. <a href=\"https:\/\/www.globalamalen.se\/wp-content\/uploads\/2023\/12\/UNDP-Blir-va%CC%88rlden-ba%CC%88ttre-bok_webb.pdf\"><strong>Blir v\u00e4rlden b\u00e4ttre?<\/strong><\/a> I \u00e5ttonde upplagan skriver man att m\u00e5nga av oss lever l\u00e4ngre, friskare och rikare liv.<\/p>\n\n\n\n<p class=\"wp-block-paragraph\">Klicka och l\u00e4s sj\u00e4lv. Allt \u00e4r inte nattsvart, ens efter att Putin och pandemin v\u00e4nt p\u00e5 s\u00e5 m\u00e5nga kurvor. Inte riktigt allt.<\/p>\n\n\n\n<p class=\"wp-block-paragraph\"><strong>Mitt privata 2023<\/strong><br>Hur var \u00e5ret f\u00f6r mig sj\u00e4lv? F\u00f6r all del, jag hade cancer i b\u00f6rjan och covid nu i h\u00f6st. Stora och lilla C. Det var det s\u00e4msta av \u00e5r &#8211; och det b\u00e4sta.<\/p>\n\n\n\n<p class=\"wp-block-paragraph\">Svensk sjukv\u00e5rd hittade mina tv\u00e5 tum\u00f6rer men de str\u00e5lade och medicinerade bort dem ocks\u00e5. Jag blir tr\u00f6tt ibland men jag b\u00e5de lever och springer.<\/p>\n\n\n\n<p class=\"wp-block-paragraph\">Apotekets snabbtest hittade min covid men l\u00e4kemedelsforskningen hade gett oss vaccin \u00e5r efter \u00e5r som lindrade sjukan. Hade vi inte k\u00f6pt testet skulle jag ha trott att det var en vanlig f\u00f6rkylning.<\/p>\n\n\n\n<p class=\"wp-block-paragraph\">Dessutom var det sk\u00f6nt att jag tog mig samman och gav ut boken om kepsarna. De som f\u00f6rklarar mitt liv och min v\u00e4rld. Bokpremi\u00e4ren i Gamla Kraftstationen i Deje i juni f\u00f6r <a href=\"https:\/\/bokshop.bod.se\/mitt-liv-som-keps-sven-ove-svensson-9789180803304\"><strong>Mitt liv som keps<\/strong><\/a> gl\u00f6mmer jag aldrig. Tack Linn och alla ni andra!<\/p>\n\n\n\n<p class=\"wp-block-paragraph\">Efter ett tag blev boken positivt recenserad av recensenter jag respekterar, roligt det med. Kul n\u00e4r folk h\u00f6r av sig och vill ge bort den i julklapp. Inspirerande att bli inbjuden till en rad uppl\u00e4sningar. Fler s\u00e5dana \u00e4r bokade.<\/p>\n\n\n\n<p class=\"wp-block-paragraph\">N\u00e4r man har n\u00e5got man vill ha sagt \u00e4r det sk\u00f6nt att f\u00e5 s\u00e4ga det. Varje igenk\u00e4nnande glimt, varje appl\u00e5d \u00e4r en bel\u00f6ning.<\/p>\n\n\n\n<p class=\"has-text-color has-link-color wp-elements-eb4ed8d1fef66cffc2d417b08183e009 wp-block-paragraph\" style=\"color:#e48259\">     <strong>###<\/strong><\/p>\n\n\n\n<p class=\"wp-block-paragraph\">Nu \u00f6nskar jag bara att v\u00e4rlden ska besegra den lille tsaren, n\u00e5 ett varaktigt eldupph\u00f6r i Mellersta \u00d6stern och tvinga fram kraftigt minskade utsl\u00e4pp av koldioxid.<\/p>\n\n\n\n<p class=\"wp-block-paragraph\">Jag vill se det b\u00e4sta av \u00e5r, ett 2024 n\u00e4r folken, freden och klimatet vinner. Ett folkv\u00e4nligt tjusigt 24, tack.<\/p>\n\n\n\n<p class=\"wp-block-paragraph\">Jag har f\u00f6rresten en bok till som vill ut.<\/p>\n\n\n\n<p class=\"has-light-blue-background-color has-background wp-block-paragraph\">### Aprop\u00e5 jobbskatteavdrag. H\u00e4r \u00e4r n\u00e5gra synder jag skrev om f\u00f6r tio \u00e5r sedan. Klicka och l\u00e4s, den texten \u00e4r jag n\u00f6jd med: <strong><a href=\"https:\/\/sven-ove.nu\/?p=7775\" data-type=\"link\" data-id=\"https:\/\/sven-ove.nu\/?p=7775\">Fem d\u00f6dssynder &#8211; en \u00e5t dem var och en i minne<\/a><\/strong><\/p>\n\n\n\n<figure class=\"wp-block-image size-large is-resized\"><a href=\"https:\/\/sven-ove.nu\/wp-content\/uploads\/2023\/12\/Ova-kraftis-kopia-scaled.jpg\"><img loading=\"lazy\" decoding=\"async\" width=\"768\" height=\"1024\" src=\"https:\/\/sven-ove.nu\/wp-content\/uploads\/2023\/12\/Ova-kraftis-kopia-768x1024.jpg\" alt=\"\" class=\"wp-image-26215\" style=\"width:690px;height:auto\" srcset=\"https:\/\/sven-ove.nu\/wp-content\/uploads\/2023\/12\/Ova-kraftis-kopia-768x1024.jpg 768w, https:\/\/sven-ove.nu\/wp-content\/uploads\/2023\/12\/Ova-kraftis-kopia-225x300.jpg 225w, https:\/\/sven-ove.nu\/wp-content\/uploads\/2023\/12\/Ova-kraftis-kopia-1152x1536.jpg 1152w, https:\/\/sven-ove.nu\/wp-content\/uploads\/2023\/12\/Ova-kraftis-kopia-1536x2048.jpg 1536w, https:\/\/sven-ove.nu\/wp-content\/uploads\/2023\/12\/Ova-kraftis-kopia-scaled.jpg 1920w\" sizes=\"auto, (max-width: 768px) 100vw, 768px\" \/><\/a><\/figure>\n\n\n\n<p class=\"wp-block-paragraph\"><em>2023<\/em>.<\/p>\n\n\n\n<figure class=\"wp-block-image size-medium is-resized\"><a href=\"https:\/\/sven-ove.nu\/wp-content\/uploads\/2023\/12\/IMG_6515.jpeg\"><img loading=\"lazy\" decoding=\"async\" width=\"300\" height=\"300\" src=\"https:\/\/sven-ove.nu\/wp-content\/uploads\/2023\/12\/IMG_6515-300x300.jpeg\" alt=\"\" class=\"wp-image-26216\" style=\"width:299px;height:auto\" srcset=\"https:\/\/sven-ove.nu\/wp-content\/uploads\/2023\/12\/IMG_6515-300x300.jpeg 300w, https:\/\/sven-ove.nu\/wp-content\/uploads\/2023\/12\/IMG_6515-1024x1024.jpeg 1024w, https:\/\/sven-ove.nu\/wp-content\/uploads\/2023\/12\/IMG_6515-150x150.jpeg 150w, https:\/\/sven-ove.nu\/wp-content\/uploads\/2023\/12\/IMG_6515-768x768.jpeg 768w, https:\/\/sven-ove.nu\/wp-content\/uploads\/2023\/12\/IMG_6515-1536x1536.jpeg 1536w, https:\/\/sven-ove.nu\/wp-content\/uploads\/2023\/12\/IMG_6515.jpeg 1874w\" sizes=\"auto, (max-width: 300px) 100vw, 300px\" \/><\/a><\/figure>\n\n\n\n<p class=\"wp-block-paragraph\"><em>2023<\/em>.<\/p>\n\n\n\n<figure class=\"wp-block-image size-large is-resized\"><a href=\"https:\/\/sven-ove.nu\/wp-content\/uploads\/2023\/12\/IMG_8279.jpeg\"><img loading=\"lazy\" decoding=\"async\" width=\"1024\" height=\"279\" src=\"https:\/\/sven-ove.nu\/wp-content\/uploads\/2023\/12\/IMG_8279-1024x279.jpeg\" alt=\"\" class=\"wp-image-26217\" style=\"width:690px;height:auto\" srcset=\"https:\/\/sven-ove.nu\/wp-content\/uploads\/2023\/12\/IMG_8279-1024x279.jpeg 1024w, https:\/\/sven-ove.nu\/wp-content\/uploads\/2023\/12\/IMG_8279-300x82.jpeg 300w, https:\/\/sven-ove.nu\/wp-content\/uploads\/2023\/12\/IMG_8279-768x210.jpeg 768w, https:\/\/sven-ove.nu\/wp-content\/uploads\/2023\/12\/IMG_8279-1536x419.jpeg 1536w, https:\/\/sven-ove.nu\/wp-content\/uploads\/2023\/12\/IMG_8279.jpeg 2030w\" sizes=\"auto, (max-width: 1024px) 100vw, 1024px\" \/><\/a><\/figure>\n\n\n\n<p class=\"wp-block-paragraph\"><em>2023<\/em>.<\/p>\n\n\n\n<p class=\"has-light-blue-background-color has-background wp-block-paragraph\"><a href=\"https:\/\/sven-ove.nu\/\">Hem<\/a>&nbsp;|&nbsp;<a href=\"https:\/\/sven-ove.nu\/?page_id=170\">Om mig<\/a>&nbsp;|&nbsp;<a href=\"https:\/\/sven-ove.nu\/?page_id=1385\">Skriva &amp; prata<\/a>&nbsp;|&nbsp;<a href=\"https:\/\/sven-ove.nu\/?page_id=100\">Politik<\/a>&nbsp;|&nbsp;<a href=\"https:\/\/sven-ove.nu\/?page_id=102\">L\u00f6pa<\/a>&nbsp;|&nbsp;<a href=\"https:\/\/sven-ove.nu\/?page_id=108\">Viktor Root<\/a>&nbsp;&nbsp;<br><em>Inl\u00e4gg nr 2 328, (c) Sven-Ove Svensson (men dela g\u00e4rna<\/em>).<\/p>\n","protected":false},"excerpt":{"rendered":"<p>Det var det b\u00e4sta av \u00e5r. Det var det s\u00e4msta av \u00e5r.Jag pratar om 2023. Globalt blev klimatkrisen v\u00e4rre. Fossilkapitalet spj\u00e4rnade emot, v\u00e4rmen steg p\u00e5 v\u00e5r planet och inget \u00e5r som m\u00e4nniskan m\u00e4tt har varit hetare. Utrikes r\u00e4cker det att skriva Ukraina, Israel och Palestina s\u00e5 k\u00e4nner du hur blodet rinner mellan raderna. M\u00e4nniskors liv &hellip; <a href=\"https:\/\/sven-ove.nu\/?p=26211\" class=\"more-link\">Forts\u00e4tt l\u00e4sa <span class=\"screen-reader-text\">V\u00e4rsta b\u00e4sta \u00e4lskade j\u00e4kla f\u00f6rf\u00e4rliga 23<\/span><\/a><\/p>\n","protected":false},"author":1,"featured_media":0,"comment_status":"closed","ping_status":"open","sticky":false,"template":"","format":"standard","meta":{"_crdt_document":"","_monsterinsights_skip_tracking":false,"_monsterinsights_sitenote_active":false,"_monsterinsights_sitenote_note":"","_monsterinsights_sitenote_category":0,"footnotes":""},"categories":[10,28,9,4],"tags":[3,16,8,24,18,14,17,13],"class_list":["post-26211","post","type-post","status-publish","format-standard","hentry","category-familjen","category-kreativt-folk","category-politik","category-skrivande","tag-arbete","tag-dumheter","tag-historia","tag-karlek","tag-lardomar","tag-lasning","tag-solidaritet","tag-utrustning"],"_links":{"self":[{"href":"https:\/\/sven-ove.nu\/index.php?rest_route=\/wp\/v2\/posts\/26211","targetHints":{"allow":["GET"]}}],"collection":[{"href":"https:\/\/sven-ove.nu\/index.php?rest_route=\/wp\/v2\/posts"}],"about":[{"href":"https:\/\/sven-ove.nu\/index.php?rest_route=\/wp\/v2\/types\/post"}],"author":[{"embeddable":true,"href":"https:\/\/sven-ove.nu\/index.php?rest_route=\/wp\/v2\/users\/1"}],"replies":[{"embeddable":true,"href":"https:\/\/sven-ove.nu\/index.php?rest_route=%2Fwp%2Fv2%2Fcomments&post=26211"}],"version-history":[{"count":21,"href":"https:\/\/sven-ove.nu\/index.php?rest_route=\/wp\/v2\/posts\/26211\/revisions"}],"predecessor-version":[{"id":26241,"href":"https:\/\/sven-ove.nu\/index.php?rest_route=\/wp\/v2\/posts\/26211\/revisions\/26241"}],"wp:attachment":[{"href":"https:\/\/sven-ove.nu\/index.php?rest_route=%2Fwp%2Fv2%2Fmedia&parent=26211"}],"wp:term":[{"taxonomy":"category","embeddable":true,"href":"https:\/\/sven-ove.nu\/index.php?rest_route=%2Fwp%2Fv2%2Fcategories&post=26211"},{"taxonomy":"post_tag","embeddable":true,"href":"https:\/\/sven-ove.nu\/index.php?rest_route=%2Fwp%2Fv2%2Ftags&post=26211"}],"curies":[{"name":"wp","href":"https:\/\/api.w.org\/{rel}","templated":true}]}}