{"id":26242,"date":"2023-12-20T04:12:00","date_gmt":"2023-12-20T03:12:00","guid":{"rendered":"https:\/\/sven-ove.nu\/?p=26242"},"modified":"2023-12-20T06:21:16","modified_gmt":"2023-12-20T05:21:16","slug":"beloningen-efter-allt-slit-med-att-forsoka-lara-sig-beratta","status":"publish","type":"post","link":"https:\/\/sven-ove.nu\/?p=26242","title":{"rendered":"Bel\u00f6ningen efter allt slit med att f\u00f6rs\u00f6ka l\u00e4ra sig ber\u00e4tta"},"content":{"rendered":"\n<figure class=\"wp-block-image size-large\"><a href=\"https:\/\/sven-ove.nu\/wp-content\/uploads\/2023\/12\/Tvarecensioner-scaled.jpeg\"><img loading=\"lazy\" decoding=\"async\" width=\"787\" height=\"1024\" src=\"https:\/\/sven-ove.nu\/wp-content\/uploads\/2023\/12\/Tvarecensioner-787x1024.jpeg\" alt=\"\" class=\"wp-image-26243\" srcset=\"https:\/\/sven-ove.nu\/wp-content\/uploads\/2023\/12\/Tvarecensioner-787x1024.jpeg 787w, https:\/\/sven-ove.nu\/wp-content\/uploads\/2023\/12\/Tvarecensioner-231x300.jpeg 231w, https:\/\/sven-ove.nu\/wp-content\/uploads\/2023\/12\/Tvarecensioner-768x999.jpeg 768w, https:\/\/sven-ove.nu\/wp-content\/uploads\/2023\/12\/Tvarecensioner-1181x1536.jpeg 1181w, https:\/\/sven-ove.nu\/wp-content\/uploads\/2023\/12\/Tvarecensioner-1574x2048.jpeg 1574w, https:\/\/sven-ove.nu\/wp-content\/uploads\/2023\/12\/Tvarecensioner-scaled.jpeg 1968w\" sizes=\"auto, (max-width: 787px) 100vw, 787px\" \/><\/a><\/figure>\n\n\n\n<blockquote class=\"wp-block-quote is-layout-flow wp-block-quote-is-layout-flow\">\n<p class=\"wp-block-paragraph\">Det \u00e4r pirrigt att ge ut bok. Kommer det d\u00e5 positiva reaktioner \u00e4r det lika lyckligt varje g\u00e5ng. <br>H\u00e4r \u00e4r n\u00e5gra exempel p\u00e5 sn\u00e4lla h\u00e4lsningar jag f\u00e5tt. En del handskrivna, en del i sociala medier, en gestaltad p\u00e5 scenen och tv\u00e5 tryckta.<\/p>\n<\/blockquote>\n\n\n\n<p class=\"wp-block-paragraph\"><em>\u201dGrattis till boken. Bra jobbat!\u201d<\/em> st\u00e5r det p\u00e5 ett vykort p\u00e5 v\u00e5rt kylsk\u00e5p.&nbsp;<em>\u201dDen \u00e4r b\u00e5de rolig och t\u00e4nkv\u00e4rd\u201d<\/em> skriver en annan v\u00e4n. Detta tycker de och detta har de gjort sig besv\u00e4r med att skicka mig.<\/p>\n\n\n\n<p class=\"wp-block-paragraph\"><em>\u201dRoligt! Fint! Och sant<\/em>\u201d skriver en tredje p\u00e5 Facebook. En fj\u00e4rde h\u00e4lsar <em>\u201dHeja dig! S\u00e5 kul att fler f\u00e5r uppt\u00e4cka dina kloka tankar och finurligheter\u201d.<\/em><\/p>\n\n\n\n<p class=\"wp-block-paragraph\"><strong>Luktade med avsmak<\/strong><br>N\u00e4r jag l\u00e4ser ur boken vid bokm\u00e4ssan i G\u00f6teborg, bokfestivalen i Karlstad, m\u00e2rten i Torsby och fr\u00e5n andra scener f\u00e5r jag appl\u00e5der och glimtar t\u00e4nds. Just det, glimtar, det ska alltid vara glimtar!<\/p>\n\n\n\n<p class=\"wp-block-paragraph\">En av texterna blir dramatiserad tv\u00e5 g\u00e5nger p\u00e5 olika scener av Sonja Bogren fr\u00e5n sk\u00e5despelarlinjen p\u00e5 Molkoms folkh\u00f6gskola. Tack f\u00f6r det Sonja, det k\u00e4ndes stort ska du veta. <\/p>\n\n\n\n<p class=\"wp-block-paragraph\">Jag gillade din gestaltning. Det var s\u00e5 r\u00e4tt n\u00e4r du f\u00f6rst sniffade med avsmak och sedan med gl\u00e4dje p\u00e5 min gamla Springtime-kepa. I den stunden f\u00f6rstod du och texten varandra fint.<\/p>\n\n\n\n<p class=\"wp-block-paragraph\">N\u00e4r allt detta h\u00e4nder, d\u00e5 \u00e4r det v\u00e4rt allt slit genom \u00e5ren med att f\u00f6rs\u00f6ka l\u00e4ra sig ber\u00e4tta. Tack, v\u00e4nner, tack fr\u00e4mmat f\u00f4lk. Jag \u00e4r s\u00e5 innerligt glad att m\u00e5nga har gillat <a href=\"https:\/\/bokshop.bod.se\/mitt-liv-som-keps-sven-ove-svensson-9789180803304\"><strong>Mitt liv som keps<\/strong><\/a>. &nbsp;<\/p>\n\n\n\n<p class=\"wp-block-paragraph\"><strong>Recenserad bland riktiga idrottsm\u00e4n<\/strong><br><strong>Visaren. <\/strong>I nummer 3\/2023 av V\u00e4rmlands Idrottshistoriska S\u00e4llskaps tidskrift Visaren har Mats Parner skrivit en l\u00e5ng recension av boken. L\u00e4rorikt och l\u00e4ttsamt tycker han. En <em>\u201dmycket underh\u00e5llande kepsstudie med vidh\u00e4ngande omsorgsfulla researcharbete\u201d.<\/em><\/p>\n\n\n\n<p class=\"wp-block-paragraph\">Parner tycker att medaljerna fr\u00e5n G\u00f6teborg Marathon, S\u00e4fflemaran och <em>\u201dden bl\u00e5gula \u2019Springtime\u2019-kepsen fr\u00e5n Berlin 1992, i skrivande stund ljuvligt doftande av syrlig tysk tv\u00e4ttsvamp p\u00e5 drygt 30 \u00e5rs tidsavst\u00e5nd, vittnar om Svenssons fornstora bragder som asfaltsk\u00e4mpe &#8211; eller i varje fall om v\u00e4gvinnande l\u00f6parkliv i den b\u00e4sta av maratonv\u00e4rldar.\u201d<\/em><\/p>\n\n\n\n<p class=\"wp-block-paragraph\">S\u00e5 h\u00e4r slutar recensionen:<\/p>\n\n\n\n<p class=\"wp-block-paragraph\"><em>\u201d\u2019Sk\u00e4rpt l\u00e4ttsamhet\u2019 \u00e4r den etikett jag vill f\u00e4sta p\u00e5 ber\u00e4ttelserna i Sven-Ove Svenssons kepsstudie. Den sk\u00e4rpta l\u00e4ttsamheten utm\u00e4rks av att skojfriskt och lustbetonat \u00e4mnesstoff kombineras med allvar och med oavvisliga fakta i noggrant avv\u00e4gda proportioner.<\/em><\/p>\n\n\n\n<p class=\"wp-block-paragraph\"><em>Det \u00e4r en mycket sv\u00e5r konst. I Mitt liv som keps ut\u00f6vas denna konst med urskillning och f\u00f6rslagenhet.\u201d<\/em><\/p>\n\n\n\n<p class=\"wp-block-paragraph\"><strong>Arbetet g\u00f6r oss till m\u00e4nniskor<\/strong><br><strong>Wermlandiana<\/strong>. I nummer 3\/2023 av F\u00f6reningen V\u00e4rmlandslitteraturs tidskrift Wermlandiana recenserar Bengt Berg boken. En beh\u00e4ndig bok, tycker han.<\/p>\n\n\n\n<p class=\"wp-block-paragraph\"><em>\u201dDet \u00e4r ett fint infall att med kepsens hj\u00e4lp \u00f6ppna och v\u00e4dra minnesgarderoben. Det \u00e4r ju s\u00e5 att ett konkret f\u00f6rem\u00e5l kan f\u00f6rmedla starka minnen ur en svunnen tid, f\u00f6rem\u00e5let \u00e4r ett slags app f\u00f6r ih\u00e5gkommandet.\u201d<\/em><\/p>\n\n\n\n<p class=\"wp-block-paragraph\"><em>\u201dSven-Ove Svensson \u00e4r genom sina m\u00e5nga kr\u00f6nikor i bland annat&nbsp;V\u00e4rmlands Folkblad,&nbsp;P4 och TV4 V\u00e4rmland v\u00e4lk\u00e4nd och uppskattad s\u00e5 l\u00e4nge som dessa media f\u00f6rm\u00e5dde uppr\u00e4tth\u00e5lla en kanal ocks\u00e5 f\u00f6r den kritiska, satiriska, syrliga, humoristiska, in- och utfallstexten. Att perspektivet helt naturligt \u00e4r anlagt snett underifr\u00e5n har medf\u00f6rt att f\u00f6rfattaren samlat p\u00e5 sig inte bara 56 olikartade kepsar utan s\u00e4kert minst lika m\u00e5nga politiska motst\u00e5ndare.\u201d<\/em><\/p>\n\n\n\n<p class=\"wp-block-paragraph\">Liksom i sin blogg visar S-O Svensson att vi m\u00e4nniskor \u00e4r varandras f\u00f6ruts\u00e4ttning i h\u00f6gst skiftande sammanhang, skriver Berg och forts\u00e4tter:<\/p>\n\n\n\n<p class=\"wp-block-paragraph\"><em>\u201d\u2026<\/em><em>b\u00e5de sj\u00e4lvironi och distans till sig sj\u00e4lv kan fungera mycket v\u00e4l \u00e4ven n\u00e4r man g\u00e5r till storms mot tillvarons och samh\u00e4llets absurditeter.<\/em><\/p>\n\n\n\n<p class=\"wp-block-paragraph\"><em>N\u00e4r f\u00f6rfattaren skriver \u2019storv\u00e4starna\u2019 p\u00e5 sin dator f\u00f6rs\u00f6ker datorn k\u00f6ra med autocorrect-tricket: \u2019storm\u00e4starna\u2019 \u2026 Men Svensson vet b\u00e4ttre, f\u00f6rst\u00e5s.\u201d<\/em><\/p>\n\n\n\n<p class=\"wp-block-paragraph\"><em>\u201dHan vet vad m\u00e4nniskov\u00e4rde betyder, att arbetet g\u00f6r oss till m\u00e4nniskor och att klassamh\u00e4llet inte alls \u00e4r lika n\u00f6dv\u00e4ndigt som friskt vatten, spr\u00e5klig begriplighet och en fungerande keps.\u201d<\/em><\/p>\n\n\n\n<p class=\"wp-block-paragraph\">Urskillning och f\u00f6rslagenhet, snett underifr\u00e5n, klassamh\u00e4llet inte n\u00f6dv\u00e4ndigt&#8230; Visst \u00e4r det pirrigt att ge ut en bok. Desto st\u00f6rre lycka d\u00e5 n\u00e4r den f\u00e5r kloka l\u00e4sare som Bengt Berg och Mats Parner. Liksom alla ni andra som h\u00f6rt av er.<\/p>\n\n\n\n<p class=\"wp-block-paragraph\">Tack.<\/p>\n\n\n\n<figure class=\"wp-block-image size-large is-resized\"><a href=\"https:\/\/sven-ove.nu\/wp-content\/uploads\/2023\/12\/Vykortomboken-scaled.jpeg\"><img loading=\"lazy\" decoding=\"async\" width=\"1024\" height=\"566\" src=\"https:\/\/sven-ove.nu\/wp-content\/uploads\/2023\/12\/Vykortomboken-1024x566.jpeg\" alt=\"\" class=\"wp-image-26244\" style=\"width:690px;height:auto\" srcset=\"https:\/\/sven-ove.nu\/wp-content\/uploads\/2023\/12\/Vykortomboken-1024x566.jpeg 1024w, https:\/\/sven-ove.nu\/wp-content\/uploads\/2023\/12\/Vykortomboken-300x166.jpeg 300w, https:\/\/sven-ove.nu\/wp-content\/uploads\/2023\/12\/Vykortomboken-768x424.jpeg 768w, https:\/\/sven-ove.nu\/wp-content\/uploads\/2023\/12\/Vykortomboken-1536x849.jpeg 1536w, https:\/\/sven-ove.nu\/wp-content\/uploads\/2023\/12\/Vykortomboken-2048x1132.jpeg 2048w\" sizes=\"auto, (max-width: 1024px) 100vw, 1024px\" \/><\/a><\/figure>\n\n\n\n<p class=\"wp-block-paragraph\"><em>Vykort.<\/em><\/p>\n\n\n\n<figure class=\"wp-block-image size-large is-resized\"><a href=\"https:\/\/sven-ove.nu\/wp-content\/uploads\/2023\/12\/SonjaB.jpg\"><img loading=\"lazy\" decoding=\"async\" width=\"1024\" height=\"1024\" src=\"https:\/\/sven-ove.nu\/wp-content\/uploads\/2023\/12\/SonjaB-1024x1024.jpg\" alt=\"\" class=\"wp-image-26245\" style=\"width:690px;height:auto\" srcset=\"https:\/\/sven-ove.nu\/wp-content\/uploads\/2023\/12\/SonjaB-1024x1024.jpg 1024w, https:\/\/sven-ove.nu\/wp-content\/uploads\/2023\/12\/SonjaB-300x300.jpg 300w, https:\/\/sven-ove.nu\/wp-content\/uploads\/2023\/12\/SonjaB-150x150.jpg 150w, https:\/\/sven-ove.nu\/wp-content\/uploads\/2023\/12\/SonjaB-768x768.jpg 768w, https:\/\/sven-ove.nu\/wp-content\/uploads\/2023\/12\/SonjaB-1536x1536.jpg 1536w, https:\/\/sven-ove.nu\/wp-content\/uploads\/2023\/12\/SonjaB-2048x2048.jpg 2048w\" sizes=\"auto, (max-width: 1024px) 100vw, 1024px\" \/><\/a><\/figure>\n\n\n\n<p class=\"wp-block-paragraph\"><em>Sonja Bogren gestaltar den 56:e kepsen innan jag ska upp p\u00e5 scenen p\u00e5 Bokfestivalen i Karlstad.<\/em><\/p>\n\n\n\n<figure class=\"wp-block-image size-large\"><a href=\"https:\/\/sven-ove.nu\/wp-content\/uploads\/2023\/12\/Parnersrec-scaled.jpeg\"><img loading=\"lazy\" decoding=\"async\" width=\"1024\" height=\"752\" src=\"https:\/\/sven-ove.nu\/wp-content\/uploads\/2023\/12\/Parnersrec-1024x752.jpeg\" alt=\"\" class=\"wp-image-26246\" srcset=\"https:\/\/sven-ove.nu\/wp-content\/uploads\/2023\/12\/Parnersrec-1024x752.jpeg 1024w, https:\/\/sven-ove.nu\/wp-content\/uploads\/2023\/12\/Parnersrec-300x220.jpeg 300w, https:\/\/sven-ove.nu\/wp-content\/uploads\/2023\/12\/Parnersrec-768x564.jpeg 768w, https:\/\/sven-ove.nu\/wp-content\/uploads\/2023\/12\/Parnersrec-1536x1128.jpeg 1536w, https:\/\/sven-ove.nu\/wp-content\/uploads\/2023\/12\/Parnersrec-2048x1504.jpeg 2048w\" sizes=\"auto, (max-width: 1024px) 100vw, 1024px\" \/><\/a><\/figure>\n\n\n\n<p class=\"wp-block-paragraph\"><em>Mats Parners recension i Visaren.<\/em><\/p>\n\n\n\n<p class=\"has-background wp-block-paragraph\" style=\"background-color:#f0b892\"><strong><em>###<\/em><\/strong><em> H\u00e4r \u00e4r l\u00e4nk till <\/em><a href=\"https:\/\/www.varmlandslitteratur.se\/bokrecensioner_2023.htm#Svensson,_Sven-Ove._Mitt_liv_som_keps._\"><em><strong>Bengt Bergs recension av Mitt liv som keps<\/strong><\/em><\/a><em> i Wermlandiana.<\/em><\/p>\n\n\n\n<p class=\"has-light-gray-background-color has-background wp-block-paragraph\"><a href=\"https:\/\/sven-ove.nu\/\">Hem<\/a>\u00a0|\u00a0<a href=\"https:\/\/sven-ove.nu\/?page_id=170\">Om mig<\/a>\u00a0|\u00a0<a href=\"https:\/\/sven-ove.nu\/?page_id=1385\">Skriva &amp; prata<\/a>\u00a0|\u00a0<a href=\"https:\/\/sven-ove.nu\/?page_id=100\">Politik<\/a>\u00a0|\u00a0<a href=\"https:\/\/sven-ove.nu\/?page_id=102\">L\u00f6pa<\/a>\u00a0|\u00a0<a href=\"https:\/\/sven-ove.nu\/?page_id=108\">Viktor Root<\/a>\u00a0\u00a0<br><em>Inl\u00e4gg nr 2 329, (c) Sven-Ove Svensson (men dela g\u00e4rna<\/em>).<\/p>\n","protected":false},"excerpt":{"rendered":"<p>Det \u00e4r pirrigt att ge ut bok. Kommer det d\u00e5 positiva reaktioner \u00e4r det lika lyckligt varje g\u00e5ng. H\u00e4r \u00e4r n\u00e5gra exempel p\u00e5 sn\u00e4lla h\u00e4lsningar jag f\u00e5tt. En del handskrivna, en del i sociala medier, en gestaltad p\u00e5 scenen och tv\u00e5 tryckta. \u201dGrattis till boken. Bra jobbat!\u201d st\u00e5r det p\u00e5 ett vykort p\u00e5 v\u00e5rt kylsk\u00e5p.&nbsp;\u201dDen &hellip; <a href=\"https:\/\/sven-ove.nu\/?p=26242\" class=\"more-link\">Forts\u00e4tt l\u00e4sa <span class=\"screen-reader-text\">Bel\u00f6ningen efter allt slit med att f\u00f6rs\u00f6ka l\u00e4ra sig ber\u00e4tta<\/span><\/a><\/p>\n","protected":false},"author":1,"featured_media":0,"comment_status":"closed","ping_status":"open","sticky":false,"template":"","format":"standard","meta":{"_crdt_document":"","_monsterinsights_skip_tracking":false,"_monsterinsights_sitenote_active":false,"_monsterinsights_sitenote_note":"","_monsterinsights_sitenote_category":0,"footnotes":""},"categories":[28,5,9,4],"tags":[3,8,14,21,17],"class_list":["post-26242","post","type-post","status-publish","format-standard","hentry","category-kreativt-folk","category-lopning","category-politik","category-skrivande","tag-arbete","tag-historia","tag-lasning","tag-ord","tag-solidaritet"],"_links":{"self":[{"href":"https:\/\/sven-ove.nu\/index.php?rest_route=\/wp\/v2\/posts\/26242","targetHints":{"allow":["GET"]}}],"collection":[{"href":"https:\/\/sven-ove.nu\/index.php?rest_route=\/wp\/v2\/posts"}],"about":[{"href":"https:\/\/sven-ove.nu\/index.php?rest_route=\/wp\/v2\/types\/post"}],"author":[{"embeddable":true,"href":"https:\/\/sven-ove.nu\/index.php?rest_route=\/wp\/v2\/users\/1"}],"replies":[{"embeddable":true,"href":"https:\/\/sven-ove.nu\/index.php?rest_route=%2Fwp%2Fv2%2Fcomments&post=26242"}],"version-history":[{"count":5,"href":"https:\/\/sven-ove.nu\/index.php?rest_route=\/wp\/v2\/posts\/26242\/revisions"}],"predecessor-version":[{"id":26252,"href":"https:\/\/sven-ove.nu\/index.php?rest_route=\/wp\/v2\/posts\/26242\/revisions\/26252"}],"wp:attachment":[{"href":"https:\/\/sven-ove.nu\/index.php?rest_route=%2Fwp%2Fv2%2Fmedia&parent=26242"}],"wp:term":[{"taxonomy":"category","embeddable":true,"href":"https:\/\/sven-ove.nu\/index.php?rest_route=%2Fwp%2Fv2%2Fcategories&post=26242"},{"taxonomy":"post_tag","embeddable":true,"href":"https:\/\/sven-ove.nu\/index.php?rest_route=%2Fwp%2Fv2%2Ftags&post=26242"}],"curies":[{"name":"wp","href":"https:\/\/api.w.org\/{rel}","templated":true}]}}