{"id":26273,"date":"2023-12-25T04:24:00","date_gmt":"2023-12-25T03:24:00","guid":{"rendered":"https:\/\/sven-ove.nu\/?p=26273"},"modified":"2023-12-24T11:30:31","modified_gmt":"2023-12-24T10:30:31","slug":"antligen-rackte-jag-fran-pumphandtag-till-vattenkran","status":"publish","type":"post","link":"https:\/\/sven-ove.nu\/?p=26273","title":{"rendered":"\u00c4ntligen r\u00e4ckte jag fr\u00e5n pumphandtag till vattenkran"},"content":{"rendered":"\n<figure class=\"wp-block-image size-large\"><a href=\"https:\/\/sven-ove.nu\/wp-content\/uploads\/2023\/12\/Var-skopa-scaled.jpeg\"><img loading=\"lazy\" decoding=\"async\" width=\"1024\" height=\"921\" src=\"https:\/\/sven-ove.nu\/wp-content\/uploads\/2023\/12\/Var-skopa-1024x921.jpeg\" alt=\"\" class=\"wp-image-26274\" srcset=\"https:\/\/sven-ove.nu\/wp-content\/uploads\/2023\/12\/Var-skopa-1024x921.jpeg 1024w, https:\/\/sven-ove.nu\/wp-content\/uploads\/2023\/12\/Var-skopa-300x270.jpeg 300w, https:\/\/sven-ove.nu\/wp-content\/uploads\/2023\/12\/Var-skopa-768x691.jpeg 768w, https:\/\/sven-ove.nu\/wp-content\/uploads\/2023\/12\/Var-skopa-1536x1381.jpeg 1536w, https:\/\/sven-ove.nu\/wp-content\/uploads\/2023\/12\/Var-skopa-2048x1842.jpeg 2048w\" sizes=\"auto, (max-width: 1024px) 100vw, 1024px\" \/><\/a><\/figure>\n\n\n\n<blockquote class=\"wp-block-quote is-layout-flow wp-block-quote-is-layout-flow\">\n<p class=\"wp-block-paragraph\">Och det h\u00e4nde sig vid den tiden att jag lade ut en text om v\u00e5rt julbad p\u00e5 1950-talet. Jag brukar g\u00f6ra det ibland. Texten finns h\u00e4r nedanf\u00f6r om du inte har sett den.<br>Zinkbaljan. Jag skulle ha velat ha den kvar.<\/p>\n<\/blockquote>\n\n\n\n<p class=\"wp-block-paragraph\">Skopan har jag kvar. Den som jag \u00e4ntligen kunde anv\u00e4nda n\u00e4r jag fyllt 12 \u00e5r. Det var d\u00e5 jag b\u00f6rjade r\u00e4cka mellan pumphandtaget och vattenkranen i k\u00f6ket, med hj\u00e4lp av skopan. Jag var s\u00e5 glad n\u00e4r jag kunde pumpa upp mitt vatten sj\u00e4lv i skopan. Kallt gott dricksvatten.<\/p>\n\n\n\n<p class=\"wp-block-paragraph\">Varmvatten hade vi inget, det fick vi v\u00e4rma vi p\u00e5 spisen.<\/p>\n\n\n\n<p class=\"wp-block-paragraph\"><strong>T\u00e5rar i \u00f6gonen i Rans\u00e4ter<\/strong><br>Den g\u00e5ngen tyckte jag inte det var konstigt att vi badade v\u00e5rt julbad i samma vatten, de flesta i familjen. Vi skrattade mest \u00e5t det. D\u00e4remot tyckte jag det var synd om mamma som fick slita med att v\u00e4rma allt vatten i grytor p\u00e5 vedspisen. Den smala varmvattenberedaren i kanten p\u00e5 spisen f\u00f6rslog inte l\u00e5ngt.<\/p>\n\n\n\n<p class=\"wp-block-paragraph\">Skopan h\u00e4nger i v\u00e5rt k\u00f6k nu, det har den gjort l\u00e4nge. En g\u00e5ng n\u00e4r jag skulle tala p\u00e5 Erlanderg\u00e5rden i Rans\u00e4ter fick jag t\u00e5rar i \u00f6gonen n\u00e4r jag tog fram v\u00e5r skopa och visade f\u00f6r publiken. De d\u00e4r t\u00e5rarna \u00e4r en talang jag har.<\/p>\n\n\n\n<p class=\"wp-block-paragraph\">Det var Tage Erlander som drev igenom tv\u00e5 politiska \u00e5tg\u00e4rder som gjorde att v\u00e4ldigt f\u00e5 17-\u00e5ringar i dag beh\u00f6ver bada i sm\u00e5syskonens badvatten den 23 december, v\u00e4rmt p\u00e5 en vedspis.<\/p>\n\n\n\n<p class=\"wp-block-paragraph\">Miljonprogrammet och jordbrukets strukturrationalisering.<\/p>\n\n\n\n<p class=\"wp-block-paragraph\"><strong>Miljonprogram och strukturrationalisering<\/strong><br>Miljonprogrammet t\u00e4nkte jag inte mycket p\u00e5 n\u00e4r jag var barn. I dag f\u00f6rst\u00e5r jag vilken gl\u00e4dje det m\u00e5ste ha varit f\u00f6r m\u00e5nga svenskar i st\u00e4der och t\u00e4torter n\u00e4r de kunde g\u00e5 fr\u00e5n utedass p\u00e5 g\u00e5rden till badrum inomhus n\u00e4r en miljon nya l\u00e4genheter byggdes.<\/p>\n\n\n\n<p class=\"wp-block-paragraph\">D\u00e5 var det v\u00e4rre med jordbrukets strukturrationalisering. Det begreppet var ett sv\u00e4rord f\u00f6r den h\u00e4r ungen. Det var det som fick grannarna att s\u00e4lja sina sm\u00e5 g\u00e5rdar och h\u00e5lla auktion p\u00e5 verktyg och maskiner. Precis som det blev f\u00f6r oss till sist.<\/p>\n\n\n\n<p class=\"wp-block-paragraph\">Pappa fick det j\u00e4ttebra p\u00e5 s\u00e5gen i Molkom. Han fick semester, ackordsl\u00f6n och fasta arbetstider. Mamma blev avl\u00f6nad kommunanst\u00e4lld. Det visste vi inte hemma p\u00e5 g\u00e5rden, n\u00e4r vi gick omkring och svor \u00f6ver Tage.<\/p>\n\n\n\n<p class=\"wp-block-paragraph\"><strong>V\u00e5r landsbygd \u00e4r enmansbetj\u00e4nad<\/strong><br>Jag tycker fortfarande att det \u00e4r vemodigt att \u00e5ka omkring p\u00e5 svensk landsbygd i dag, i trakter som blivit avfolkade och enmansbetj\u00e4nade. Hoppas hoppas att de barn som fortfarande v\u00e4xer upp d\u00e4r har kranar att vrida p\u00e5, varmt vatten ur kranarna och badkar att bada i bakom st\u00e4ngda d\u00f6rrar.<\/p>\n\n\n\n<p class=\"wp-block-paragraph\">Nu ska jag ta mig lite kallt gott vatten ur en kran. Tack f\u00f6r det, kommunalarbetare!<br>Jag tror jag ska dricka det ur skopan.<\/p>\n\n\n\n<p class=\"has-dark-gray-color has-light-blue-background-color has-text-color has-background has-link-color has-medium-font-size wp-elements-112357be094827c1f4fbf877a947d5d7 wp-block-paragraph\"><strong>### H\u00e4r \u00e4r texten om hur v\u00e5rt julbad gick till p\u00e5 1950-talet och fram\u00e5t:<\/strong><\/p>\n\n\n\n<p class=\"wp-block-paragraph\"><em>Sitter i badkaret och tar mitt julbad, vare sig det beh\u00f6vs eller ej. D\u00e5 kommer jag att t\u00e4nka p\u00e5 min barndoms och ungdoms julbad. De f\u00f6rsta 17 \u00e5ren skedde de i zinkbalja fylld med vatten som mamma v\u00e4rmt p\u00e5 vedspisen. En del v\u00e4rmde hon i den minimala varmvattenberedaren i kanten av spisen, en del i en gryta. Alla i familjen fick inte f\u00e4rskt vatten, vi hade ont om vatten i k\u00e4llan vissa vintrar, sa jag det? Mitt p\u00e5 golvet i k\u00f6ket satt vi och blev skrubbade p\u00e5 ryggen med mjuk rotborste. N\u00e4r vi blev gamla nog att bli generade inf\u00f6r farmor, farfar och andra som passerade f\u00f6rbi flyttades baljan till ett m\u00f6rkare h\u00f6rn av huset. D\u00e4r har du ber\u00e4ttelsen om sm\u00e5brukarbarnets jul. 1960 kom ett nytt svartvitt program p\u00e5 den enda tv-kanalen: Kalle Ankas jul. Varenda m\u00e4nniska tittade p\u00e5 det. En konstig sed, varenda en faktiskt. S\u00e5 var det den g\u00e5ngen.<\/em><\/p>\n\n\n\n<p class=\"has-light-blue-background-color has-background wp-block-paragraph\"><a href=\"https:\/\/sven-ove.nu\/\">Hem<\/a>\u00a0|\u00a0<a href=\"https:\/\/sven-ove.nu\/?page_id=170\">Om mig<\/a>\u00a0|\u00a0<a href=\"https:\/\/sven-ove.nu\/?page_id=1385\">Skriva &amp; prata<\/a>\u00a0|\u00a0<a href=\"https:\/\/sven-ove.nu\/?page_id=100\">Politik<\/a>\u00a0|\u00a0<a href=\"https:\/\/sven-ove.nu\/?page_id=102\">L\u00f6pa<\/a>\u00a0|\u00a0<a href=\"https:\/\/sven-ove.nu\/?page_id=108\">Viktor Root<\/a>\u00a0\u00a0<br><em>Inl\u00e4gg nr 2 331, (c) Sven-Ove Svensson (men dela g\u00e4rna<\/em>).<\/p>\n","protected":false},"excerpt":{"rendered":"<p>Och det h\u00e4nde sig vid den tiden att jag lade ut en text om v\u00e5rt julbad p\u00e5 1950-talet. Jag brukar g\u00f6ra det ibland. Texten finns h\u00e4r nedanf\u00f6r om du inte har sett den.Zinkbaljan. Jag skulle ha velat ha den kvar. Skopan har jag kvar. Den som jag \u00e4ntligen kunde anv\u00e4nda n\u00e4r jag fyllt 12 \u00e5r. &hellip; <a href=\"https:\/\/sven-ove.nu\/?p=26273\" class=\"more-link\">Forts\u00e4tt l\u00e4sa <span class=\"screen-reader-text\">\u00c4ntligen r\u00e4ckte jag fr\u00e5n pumphandtag till vattenkran<\/span><\/a><\/p>\n","protected":false},"author":1,"featured_media":0,"comment_status":"closed","ping_status":"open","sticky":false,"template":"","format":"standard","meta":{"_crdt_document":"","_monsterinsights_skip_tracking":false,"_monsterinsights_sitenote_active":false,"_monsterinsights_sitenote_note":"","_monsterinsights_sitenote_category":0,"footnotes":""},"categories":[10,9],"tags":[8,13],"class_list":["post-26273","post","type-post","status-publish","format-standard","hentry","category-familjen","category-politik","tag-historia","tag-utrustning"],"_links":{"self":[{"href":"https:\/\/sven-ove.nu\/index.php?rest_route=\/wp\/v2\/posts\/26273","targetHints":{"allow":["GET"]}}],"collection":[{"href":"https:\/\/sven-ove.nu\/index.php?rest_route=\/wp\/v2\/posts"}],"about":[{"href":"https:\/\/sven-ove.nu\/index.php?rest_route=\/wp\/v2\/types\/post"}],"author":[{"embeddable":true,"href":"https:\/\/sven-ove.nu\/index.php?rest_route=\/wp\/v2\/users\/1"}],"replies":[{"embeddable":true,"href":"https:\/\/sven-ove.nu\/index.php?rest_route=%2Fwp%2Fv2%2Fcomments&post=26273"}],"version-history":[{"count":1,"href":"https:\/\/sven-ove.nu\/index.php?rest_route=\/wp\/v2\/posts\/26273\/revisions"}],"predecessor-version":[{"id":26275,"href":"https:\/\/sven-ove.nu\/index.php?rest_route=\/wp\/v2\/posts\/26273\/revisions\/26275"}],"wp:attachment":[{"href":"https:\/\/sven-ove.nu\/index.php?rest_route=%2Fwp%2Fv2%2Fmedia&parent=26273"}],"wp:term":[{"taxonomy":"category","embeddable":true,"href":"https:\/\/sven-ove.nu\/index.php?rest_route=%2Fwp%2Fv2%2Fcategories&post=26273"},{"taxonomy":"post_tag","embeddable":true,"href":"https:\/\/sven-ove.nu\/index.php?rest_route=%2Fwp%2Fv2%2Ftags&post=26273"}],"curies":[{"name":"wp","href":"https:\/\/api.w.org\/{rel}","templated":true}]}}