{"id":26309,"date":"2024-01-17T04:37:00","date_gmt":"2024-01-17T03:37:00","guid":{"rendered":"https:\/\/sven-ove.nu\/?p=26309"},"modified":"2024-01-16T12:44:19","modified_gmt":"2024-01-16T11:44:19","slug":"murvlarna","status":"publish","type":"post","link":"https:\/\/sven-ove.nu\/?p=26309","title":{"rendered":"Den tecknade serien Murvlarna"},"content":{"rendered":"\n<figure class=\"wp-block-image size-large\"><a href=\"https:\/\/sven-ove.nu\/wp-content\/uploads\/2024\/01\/IMG_8604.jpg\"><img loading=\"lazy\" decoding=\"async\" width=\"1024\" height=\"1024\" src=\"https:\/\/sven-ove.nu\/wp-content\/uploads\/2024\/01\/IMG_8604-1024x1024.jpg\" alt=\"\" class=\"wp-image-26311\" srcset=\"https:\/\/sven-ove.nu\/wp-content\/uploads\/2024\/01\/IMG_8604-1024x1024.jpg 1024w, https:\/\/sven-ove.nu\/wp-content\/uploads\/2024\/01\/IMG_8604-300x300.jpg 300w, https:\/\/sven-ove.nu\/wp-content\/uploads\/2024\/01\/IMG_8604-150x150.jpg 150w, https:\/\/sven-ove.nu\/wp-content\/uploads\/2024\/01\/IMG_8604-768x768.jpg 768w, https:\/\/sven-ove.nu\/wp-content\/uploads\/2024\/01\/IMG_8604.jpg 1030w\" sizes=\"auto, (max-width: 1024px) 100vw, 1024px\" \/><\/a><\/figure>\n\n\n\n<p class=\"wp-block-paragraph\">Vaknar. Till min f\u00f6rv\u00e5ning minns jag nattens dr\u00f6m. Jag sitter och ritar den nya serien till tidningens f\u00f6rstasida, oklart om tidningen \u00e4r facktidningen Journalisten eller l\u00e4nstidningen Nya Wermlandstidningen.<\/p>\n\n\n\n<p class=\"wp-block-paragraph\">Serien ska heta <strong>Murvlarna<\/strong> dr\u00f6mmer jag och huvudfigurerna \u00e4r tre talande flaskor i ett kylsk\u00e5p. S\u00f6tdreck, Sur Saft och Stark Sak st\u00e5r det p\u00e5 etiketterna.<\/p>\n\n\n\n<p class=\"wp-block-paragraph\">Murvlar \u00e4r de likafullt.<\/p>\n\n\n\n<p class=\"wp-block-paragraph\">Tydligen \u00e4r l\u00f6nef\u00f6rhandlingarna f\u00f6r de tre just avslutade.<br><strong>S\u00f6tdreck<\/strong>: &#8211; \u00c5 va bra. Vi f\u00e5r h\u00f6jt m\u00e4 2 procent.<br><strong>Sur Saft<\/strong>: &#8211; Jamen inflationen \u00e4 3 procent. Faktist.<br><strong>Stark Sak<\/strong>: &#8211; D\u00e4 vet en ju vem som kommer \u00e5 tj\u00e4na p\u00e5 d\u00e4 dretavtalet.<br><strong>S\u00f6tdreck<\/strong>: &#8211; Tyst han kommer.<\/p>\n\n\n\n<p class=\"wp-block-paragraph\">I dr\u00f6mmen har jag utsett tecknare, hon bor i stan. Sj\u00e4lv ska jag bara hitta p\u00e5. I flera sekunder tror jag att episoden ovan \u00e4r rolig och kommer att sl\u00e5 stort p\u00e5 ettan p\u00e5 NWT.<\/p>\n\n\n\n<p class=\"wp-block-paragraph\">Ettan?<br>Tyst han kommer.<\/p>\n\n\n\n<p class=\"has-background wp-block-paragraph\" style=\"background-color:#d5f1aa\"><strong>N\u00e5gra kommande upptr\u00e4dande av Sven-Ove:<\/strong><br><strong>Tisdag 6 febr<\/strong> 09.30 M\u00f4racaf\u00e9, F\u00f6rsamlingshemmet, Munkfors (Svenska kyrkan).<br><strong>Tisdag 20 febr<\/strong> 9.30 Frukostklubben, F\u00f6rsamlingshemmet, Forshaga (Svenska kyrkan).<br><strong>Onsdag 13 mars<\/strong> 15.00 Karlstadrummet i Biblioteksrummet (Karlstad-Gillet).<\/p>\n\n\n\n<p class=\"has-light-blue-background-color has-background wp-block-paragraph\"><a href=\"https:\/\/sven-ove.nu\/\">Hem<\/a>&nbsp;|&nbsp;<a href=\"https:\/\/sven-ove.nu\/?page_id=170\">Om mig<\/a>&nbsp;|&nbsp;<a href=\"https:\/\/sven-ove.nu\/?page_id=1385\">Skriva &amp; prata<\/a>&nbsp;|&nbsp;<a href=\"https:\/\/sven-ove.nu\/?page_id=100\">Politik<\/a>&nbsp;|&nbsp;<a href=\"https:\/\/sven-ove.nu\/?page_id=102\">L\u00f6pa<\/a>&nbsp;|&nbsp;<a href=\"https:\/\/sven-ove.nu\/?page_id=108\">Viktor Root<\/a>&nbsp;&nbsp;<br><em>Inl\u00e4gg nr 2 336, (c) Sven-Ove Svensson (men dela g\u00e4rna<\/em>).<\/p>\n","protected":false},"excerpt":{"rendered":"<p>Vaknar. Till min f\u00f6rv\u00e5ning minns jag nattens dr\u00f6m. Jag sitter och ritar den nya serien till tidningens f\u00f6rstasida, oklart om tidningen \u00e4r facktidningen Journalisten eller l\u00e4nstidningen Nya Wermlandstidningen. Serien ska heta Murvlarna dr\u00f6mmer jag och huvudfigurerna \u00e4r tre talande flaskor i ett kylsk\u00e5p. S\u00f6tdreck, Sur Saft och Stark Sak st\u00e5r det p\u00e5 etiketterna. Murvlar \u00e4r &hellip; <a href=\"https:\/\/sven-ove.nu\/?p=26309\" class=\"more-link\">Forts\u00e4tt l\u00e4sa <span class=\"screen-reader-text\">Den tecknade serien Murvlarna<\/span><\/a><\/p>\n","protected":false},"author":1,"featured_media":0,"comment_status":"closed","ping_status":"open","sticky":false,"template":"","format":"standard","meta":{"_crdt_document":"","_monsterinsights_skip_tracking":false,"_monsterinsights_sitenote_active":false,"_monsterinsights_sitenote_note":"","_monsterinsights_sitenote_category":0,"footnotes":""},"categories":[28],"tags":[16],"class_list":["post-26309","post","type-post","status-publish","format-standard","hentry","category-kreativt-folk","tag-dumheter"],"_links":{"self":[{"href":"https:\/\/sven-ove.nu\/index.php?rest_route=\/wp\/v2\/posts\/26309","targetHints":{"allow":["GET"]}}],"collection":[{"href":"https:\/\/sven-ove.nu\/index.php?rest_route=\/wp\/v2\/posts"}],"about":[{"href":"https:\/\/sven-ove.nu\/index.php?rest_route=\/wp\/v2\/types\/post"}],"author":[{"embeddable":true,"href":"https:\/\/sven-ove.nu\/index.php?rest_route=\/wp\/v2\/users\/1"}],"replies":[{"embeddable":true,"href":"https:\/\/sven-ove.nu\/index.php?rest_route=%2Fwp%2Fv2%2Fcomments&post=26309"}],"version-history":[{"count":7,"href":"https:\/\/sven-ove.nu\/index.php?rest_route=\/wp\/v2\/posts\/26309\/revisions"}],"predecessor-version":[{"id":26319,"href":"https:\/\/sven-ove.nu\/index.php?rest_route=\/wp\/v2\/posts\/26309\/revisions\/26319"}],"wp:attachment":[{"href":"https:\/\/sven-ove.nu\/index.php?rest_route=%2Fwp%2Fv2%2Fmedia&parent=26309"}],"wp:term":[{"taxonomy":"category","embeddable":true,"href":"https:\/\/sven-ove.nu\/index.php?rest_route=%2Fwp%2Fv2%2Fcategories&post=26309"},{"taxonomy":"post_tag","embeddable":true,"href":"https:\/\/sven-ove.nu\/index.php?rest_route=%2Fwp%2Fv2%2Ftags&post=26309"}],"curies":[{"name":"wp","href":"https:\/\/api.w.org\/{rel}","templated":true}]}}