{"id":26320,"date":"2024-01-18T04:07:00","date_gmt":"2024-01-18T03:07:00","guid":{"rendered":"https:\/\/sven-ove.nu\/?p=26320"},"modified":"2024-01-17T07:16:16","modified_gmt":"2024-01-17T06:16:16","slug":"bombar-fangelset-till-grus","status":"publish","type":"post","link":"https:\/\/sven-ove.nu\/?p=26320","title":{"rendered":"Bombar f\u00e4ngelset till grus"},"content":{"rendered":"\n<figure class=\"wp-block-image size-large\"><a href=\"https:\/\/sven-ove.nu\/wp-content\/uploads\/2024\/01\/IMG_8596-scaled.jpeg\"><img loading=\"lazy\" decoding=\"async\" width=\"867\" height=\"1024\" src=\"https:\/\/sven-ove.nu\/wp-content\/uploads\/2024\/01\/IMG_8596-867x1024.jpeg\" alt=\"\" class=\"wp-image-26321\" srcset=\"https:\/\/sven-ove.nu\/wp-content\/uploads\/2024\/01\/IMG_8596-867x1024.jpeg 867w, https:\/\/sven-ove.nu\/wp-content\/uploads\/2024\/01\/IMG_8596-254x300.jpeg 254w, https:\/\/sven-ove.nu\/wp-content\/uploads\/2024\/01\/IMG_8596-768x907.jpeg 768w, https:\/\/sven-ove.nu\/wp-content\/uploads\/2024\/01\/IMG_8596-1301x1536.jpeg 1301w, https:\/\/sven-ove.nu\/wp-content\/uploads\/2024\/01\/IMG_8596-1734x2048.jpeg 1734w\" sizes=\"auto, (max-width: 867px) 100vw, 867px\" \/><\/a><\/figure>\n\n\n\n<p class=\"wp-block-paragraph\">Mitt i k\u00f6ldv\u00e5gen, det \u00e4r visserligen bara 10 minusgrader just d\u00e5, kommer en liten regnskur. I sociala medier fr\u00e5gar en kvinna om vi som bott l\u00e4nge i Forshaga k\u00e4nner till n\u00e5gon exceptionell fris\u00f6r?<\/p>\n\n\n\n<p class=\"wp-block-paragraph\">\u201dExceptionell\u201d?<\/p>\n\n\n\n<p class=\"wp-block-paragraph\">Nya Wermlandstidningen publicerar en karta \u00f6ver alla skyddsrum i Sverige, Guldbaggegalan stoppar debutanter och HC Andersens land f\u00e5r en ny kung, han har kl\u00e4derna p\u00e5 sig.<\/p>\n\n\n\n<p class=\"wp-block-paragraph\">S\u00e5 d\u00e4r rullar det nya \u00e5ret p\u00e5. N\u00e4r jag ordnar 2024 \u00e5rs f\u00f6rsta vandring med Gryningspatrullen f\u00e5r jag herrarna att traska p\u00e5 sn\u00f6ig skogsstig drygt fyra kilometer innan vi kan trampa plogad gata. Vad \u00e4r v\u00e4l en exceptionell fris\u00f6r och en konge mot frisk morgonpigg sn\u00f6puls?<\/p>\n\n\n\n<p class=\"wp-block-paragraph\">N\u00e4r 20-graderskylan g\u00f6r n\u00e4sta uppeh\u00e5ll sl\u00e4nger jag in l\u00f6p-pass tv\u00e5 dagar i rad, det \u00e4r inte varje vecka nuf\u00f6rtiden. Det brukar vara l\u00f6pfria dagar emellan. Jag springer Grossbolsgatan fram i gnistrande solsken och h\u00f6r sn\u00f6n knarra under icebuggen.<\/p>\n\n\n\n<p class=\"wp-block-paragraph\"><strong>Vet inte om sl\u00e4kten lever<\/strong><br>En tanke uppeh\u00e5ller skallen varje tr\u00e4ningsrunda numera, n\u00e4r jag inte t\u00e4nker p\u00e5 vacker vit nederb\u00f6rd och Forshagas fina sn\u00f6r\u00f6jning. Tanken p\u00e5 kriget Israel-Palestina. Det som s\u00e5 m\u00e5nga klokare tyckare \u00e4n jag tiger om fast det \u00e4r f\u00f6rf\u00e4rligt.<\/p>\n\n\n\n<p class=\"wp-block-paragraph\">Medan l\u00f6parskorna f\u00e5r t\u00e4tortens v\u00e4lv\u00e5rdade sn\u00f6 att knarra t\u00e4nker jag p\u00e5 mannen jag tr\u00e4ffade vid en uppl\u00e4sning f\u00f6r n\u00e5gra veckor sedan. Han \u00e4r fr\u00e5n Gaza, ber\u00e4ttade han.<br>&#8211; Jag vet inte om mina sl\u00e4ktingar d\u00e4r nere lever. Det g\u00e5r inte att ringa.<br>&#8211; Kan ni inte skicka e-post?<br>&#8211; Nej. Det finns ingen str\u00f6m.<\/p>\n\n\n\n<p class=\"wp-block-paragraph\"><strong>Varf\u00f6r tiger s\u00e5 m\u00e5nga?<\/strong><br>Varf\u00f6r tiger s\u00e5 m\u00e5nga? Varf\u00f6r stormar det inte p\u00e5 ins\u00e4ndarsidor, hos ledarskribenter och kr\u00f6nik\u00f6rer? Varf\u00f6r fylls inte tidningarna av krigsrubriker? Detta t\u00e4nker jag p\u00e5 medan utandningsluften ryker och hund\u00e4gare efter hund\u00e4gare m\u00f6ter mig p\u00e5 trottoaren mellan Nisse Nilssons damm och f\u00e4rgaff\u00e4ren.<\/p>\n\n\n\n<p class=\"wp-block-paragraph\">Hamas attack var f\u00f6rf\u00e4rlig. De d\u00f6dade 1 200 m\u00e4nniskor. \u00d6ver 200 m\u00e4nniskor togs som gisslan.<\/p>\n\n\n\n<p class=\"wp-block-paragraph\">Israels svar var f\u00f6rf\u00e4rligt. Ingen ska f\u00e5 mig att tycka att det \u00e4r proportionerligt att svara med att d\u00f6da 24 000 m\u00e4nniskor, majoriteten av dem ocks\u00e5 civila.<\/p>\n\n\n\n<p class=\"wp-block-paragraph\"><strong>20 d\u00f6da mot 1<\/strong><br>Det finns grader av f\u00f6rf\u00e4rlighet. Om du skjuter dina egna n\u00e4r de kommer g\u00e5ende mot dig med vit flagg och h\u00e4nderna i luften, d\u00e5 s\u00e4ger det n\u00e5got om ditt krig.<\/p>\n\n\n\n<p class=\"wp-block-paragraph\">&#8211; De \u00e4r inst\u00e4ngda som i ett f\u00e4ngelse, sa mannen jag talade med, om sina sl\u00e4ktingar och grannar i Gaza.<\/p>\n\n\n\n<p class=\"wp-block-paragraph\">Det \u00e4r ett f\u00e4ngelse man bombar till grus. Just nu \u00e4r d\u00f6dskvoten 20 d\u00f6da palestinier mot 1 israel.<\/p>\n\n\n\n<p class=\"wp-block-paragraph\">And counting.<\/p>\n\n\n\n<p class=\"has-background wp-block-paragraph\" style=\"background-color:#f18585\"><strong><em>###<\/em><\/strong><em> \u201d<strong>Proportionalitetsprincipen<\/strong> inneb\u00e4r att den milit\u00e4ra betydelsen av ett anfall m\u00e5ste st\u00e5 i proportion till de risker som civilbefolkningen och civil egendom uts\u00e4tts f\u00f6r. Principen medf\u00f6r ett f\u00f6rbud mot anfall som f\u00f6rv\u00e4ntas leda till civila f\u00f6rluster \u2013 s\u00e5 kallat collateral damage \u2013 som \u00e4r \u00f6verdrivna i f\u00f6rh\u00e5llande till den konkreta och direkta milit\u00e4ra f\u00f6rdel som kan f\u00f6rv\u00e4ntas. Den milit\u00e4ra betydelsen av anfallen m\u00e5ste s\u00e5ledes st\u00e5 i proportion till de risker som civilbefolkningen och civila objekt uts\u00e4tts f\u00f6r<\/em>.<br><br><em>(Svenska R\u00f6da Korset)<\/em><\/p>\n\n\n\n<p class=\"has-light-gray-background-color has-background wp-block-paragraph\"><a href=\"https:\/\/sven-ove.nu\/\">Hem<\/a>&nbsp;|&nbsp;<a href=\"https:\/\/sven-ove.nu\/?page_id=170\">Om mig<\/a>&nbsp;|&nbsp;<a href=\"https:\/\/sven-ove.nu\/?page_id=1385\">Skriva &amp; prata<\/a>&nbsp;|&nbsp;<a href=\"https:\/\/sven-ove.nu\/?page_id=100\">Politik<\/a>&nbsp;|&nbsp;<a href=\"https:\/\/sven-ove.nu\/?page_id=102\">L\u00f6pa<\/a>&nbsp;|&nbsp;<a href=\"https:\/\/sven-ove.nu\/?page_id=108\">Viktor Root<\/a>&nbsp;&nbsp;<br><em>Inl\u00e4gg nr 2 337, (c) Sven-Ove Svensson (men dela g\u00e4rna<\/em>).<\/p>\n","protected":false},"excerpt":{"rendered":"<p>Mitt i k\u00f6ldv\u00e5gen, det \u00e4r visserligen bara 10 minusgrader just d\u00e5, kommer en liten regnskur. I sociala medier fr\u00e5gar en kvinna om vi som bott l\u00e4nge i Forshaga k\u00e4nner till n\u00e5gon exceptionell fris\u00f6r? \u201dExceptionell\u201d? Nya Wermlandstidningen publicerar en karta \u00f6ver alla skyddsrum i Sverige, Guldbaggegalan stoppar debutanter och HC Andersens land f\u00e5r en ny kung, &hellip; <a href=\"https:\/\/sven-ove.nu\/?p=26320\" class=\"more-link\">Forts\u00e4tt l\u00e4sa <span class=\"screen-reader-text\">Bombar f\u00e4ngelset till grus<\/span><\/a><\/p>\n","protected":false},"author":1,"featured_media":0,"comment_status":"closed","ping_status":"open","sticky":false,"template":"","format":"standard","meta":{"_crdt_document":"","_monsterinsights_skip_tracking":false,"_monsterinsights_sitenote_active":false,"_monsterinsights_sitenote_note":"","_monsterinsights_sitenote_category":0,"footnotes":""},"categories":[9,4],"tags":[18,14,15,17],"class_list":["post-26320","post","type-post","status-publish","format-standard","hentry","category-politik","category-skrivande","tag-lardomar","tag-lasning","tag-mediedjungeln","tag-solidaritet"],"_links":{"self":[{"href":"https:\/\/sven-ove.nu\/index.php?rest_route=\/wp\/v2\/posts\/26320","targetHints":{"allow":["GET"]}}],"collection":[{"href":"https:\/\/sven-ove.nu\/index.php?rest_route=\/wp\/v2\/posts"}],"about":[{"href":"https:\/\/sven-ove.nu\/index.php?rest_route=\/wp\/v2\/types\/post"}],"author":[{"embeddable":true,"href":"https:\/\/sven-ove.nu\/index.php?rest_route=\/wp\/v2\/users\/1"}],"replies":[{"embeddable":true,"href":"https:\/\/sven-ove.nu\/index.php?rest_route=%2Fwp%2Fv2%2Fcomments&post=26320"}],"version-history":[{"count":4,"href":"https:\/\/sven-ove.nu\/index.php?rest_route=\/wp\/v2\/posts\/26320\/revisions"}],"predecessor-version":[{"id":26326,"href":"https:\/\/sven-ove.nu\/index.php?rest_route=\/wp\/v2\/posts\/26320\/revisions\/26326"}],"wp:attachment":[{"href":"https:\/\/sven-ove.nu\/index.php?rest_route=%2Fwp%2Fv2%2Fmedia&parent=26320"}],"wp:term":[{"taxonomy":"category","embeddable":true,"href":"https:\/\/sven-ove.nu\/index.php?rest_route=%2Fwp%2Fv2%2Fcategories&post=26320"},{"taxonomy":"post_tag","embeddable":true,"href":"https:\/\/sven-ove.nu\/index.php?rest_route=%2Fwp%2Fv2%2Ftags&post=26320"}],"curies":[{"name":"wp","href":"https:\/\/api.w.org\/{rel}","templated":true}]}}