{"id":26327,"date":"2024-01-22T04:56:00","date_gmt":"2024-01-22T03:56:00","guid":{"rendered":"https:\/\/sven-ove.nu\/?p=26327"},"modified":"2024-01-21T12:22:36","modified_gmt":"2024-01-21T11:22:36","slug":"sadant-gor-nytta","status":"publish","type":"post","link":"https:\/\/sven-ove.nu\/?p=26327","title":{"rendered":"S\u00e5dant g\u00f6r nytta"},"content":{"rendered":"\n<figure class=\"wp-block-image size-full\"><a href=\"https:\/\/sven-ove.nu\/wp-content\/uploads\/2024\/01\/Laser-Rode-Orm.jpeg\"><img loading=\"lazy\" decoding=\"async\" width=\"815\" height=\"456\" src=\"https:\/\/sven-ove.nu\/wp-content\/uploads\/2024\/01\/Laser-Rode-Orm.jpeg\" alt=\"\" class=\"wp-image-26328\" srcset=\"https:\/\/sven-ove.nu\/wp-content\/uploads\/2024\/01\/Laser-Rode-Orm.jpeg 815w, https:\/\/sven-ove.nu\/wp-content\/uploads\/2024\/01\/Laser-Rode-Orm-300x168.jpeg 300w, https:\/\/sven-ove.nu\/wp-content\/uploads\/2024\/01\/Laser-Rode-Orm-768x430.jpeg 768w\" sizes=\"auto, (max-width: 815px) 100vw, 815px\" \/><\/a><\/figure>\n\n\n\n<blockquote class=\"wp-block-quote is-layout-flow wp-block-quote-is-layout-flow\">\n<p class=\"wp-block-paragraph\">Det var journalisten Cecilia af Jochnick som gav mig id\u00e9n. Jag skulle b\u00f6rja l\u00e4sa om Frans G Bengtssons ber\u00e4ttelse R\u00f6de Orm.<br>Varje \u00e5r.<\/p>\n<\/blockquote>\n\n\n\n<p class=\"wp-block-paragraph\">I m\u00e5nga \u00e5r h\u00f6ll jag p\u00e5 s\u00e5 med god beh\u00e5llning varje g\u00e5ng. L\u00e4rde mig \u00e5r efter \u00e5r vilket s\u00e4tt som var det s\u00e4msta att ansa sitt sk\u00e4gg och att det ska vara timjan i blodkorv. Hela ber\u00e4ttelsen myllrar.<\/p>\n\n\n\n<p class=\"wp-block-paragraph\">Framf\u00f6r allt var den god excentrisk tr\u00e4ning f\u00f6r skrivkarlen inom mig. Det f\u00f6rt\u00e4tar spr\u00e5ket f\u00f6r grossbolstorpska pladdrare att l\u00e4sa stycken som detta:<\/p>\n\n\n\n<p class=\"wp-block-paragraph\"><em>\u201dOrm b\u00f6jde sig och grep tag om huggkubben, som stod framf\u00f6r vedskjulet; han fick den i v\u00e4dret, fast det knakade i hans armar, och sprang fram och vr\u00e4kte den med all kraft genom d\u00f6rr\u00f6ppningen. De fr\u00e4msta hunno vika undan, men andra tr\u00e4ffades och f\u00f6llo \u00f6ver\u00e4nda med skr\u00e4n.<br>&#8211; S\u00e5dant g\u00f6r nytta, sade Rapp.\u201d<\/em><\/p>\n\n\n\n<p class=\"wp-block-paragraph\"><strong>Utandningsluften \u00e5ngar<\/strong><br>Jag har slarvat med oml\u00e4sningen ett tag. S\u00e5dant straffar sig. D\u00e4rf\u00f6r blev jag glad n\u00e4r SVT bemannade ett kylslaget uthus vid ett slott i Sk\u00e5ne med tv-kameror, uppl\u00e4sare och boken. F\u00f6rsta delen av R\u00f6de Orm, <strong><em>Sj\u00f6farare i v\u00e4sterled<\/em><\/strong>.<\/p>\n\n\n\n<p class=\"wp-block-paragraph\">Andedr\u00e4kten \u00e5ngar i kylan medan de l\u00e4ser sig igenom den 12 timmar l\u00e5nga romanen. Tio grader kallt ute, tio grader kallt inne. Vargskinnspl\u00e4d p\u00e5 vissa, varmvattenflaska i kn\u00e4et p\u00e5 andra, vikingak\u00e4nsla i dekor och ljuss\u00e4ttning &#8211; och s\u00e5 orden. \u00c4n en g\u00e5ng blir Orm Tostesson tillf\u00e5ngatagen n\u00e4r han ska r\u00e4dda familjens f\u00e5r, \u00e4n en g\u00e5ng blir han v\u00e4n med Toke och finner sin Ylva vid kung Haralds hov.<\/p>\n\n\n\n<p class=\"wp-block-paragraph\">N\u00e5gra l\u00e4ser halvbra, n\u00e5gra har sv\u00e5rt med vissa \u00e5lderdomliga ord, m\u00e5nga l\u00e4ser helbra och n\u00e5gon lysande. N\u00e4r den ena l\u00e4st en stund byts hon av. D\u00f6rren knarrar, hj\u00e4lpsamma h\u00e4nder hj\u00e4lper till med pl\u00e4d och kudde.<\/p>\n\n\n\n<p class=\"wp-block-paragraph\">Jag ser de 12 timmarna i efterhand. Kv\u00e4ll efter kv\u00e4ll i mobilen.&nbsp;<\/p>\n\n\n\n<p class=\"wp-block-paragraph\"><strong>Hur ska det g\u00e5 till?<\/strong><br>H\u00e4rom dagen blev vi klara, uppl\u00e4sarna och jag. Nu sitter jag med del II i kn\u00e4et, min pl\u00e4d \u00e4r av ylle.&nbsp;<\/p>\n\n\n\n<p class=\"wp-block-paragraph\">Jag v\u00e4ntar ivrigt p\u00e5 om Are ska kunna f\u00f6rklara f\u00f6r Orm var bulgarguldet \u00e4r g\u00f6mt i Dnjepr, trots att byzantinerna gjort honom blind, huggit av hans h\u00f6gra hand och skurit av hans tunga.<\/p>\n\n\n\n<p class=\"wp-block-paragraph\">Hoppas de kommer p\u00e5 n\u00e5got s\u00e4tt.<\/p>\n\n\n\n<figure class=\"wp-block-image size-medium\"><a href=\"https:\/\/sven-ove.nu\/wp-content\/uploads\/2024\/01\/Rode-Orm-scaled.jpeg\"><img loading=\"lazy\" decoding=\"async\" width=\"300\" height=\"300\" src=\"https:\/\/sven-ove.nu\/wp-content\/uploads\/2024\/01\/Rode-Orm-300x300.jpeg\" alt=\"\" class=\"wp-image-26329\" srcset=\"https:\/\/sven-ove.nu\/wp-content\/uploads\/2024\/01\/Rode-Orm-300x300.jpeg 300w, https:\/\/sven-ove.nu\/wp-content\/uploads\/2024\/01\/Rode-Orm-1024x1024.jpeg 1024w, https:\/\/sven-ove.nu\/wp-content\/uploads\/2024\/01\/Rode-Orm-150x150.jpeg 150w, https:\/\/sven-ove.nu\/wp-content\/uploads\/2024\/01\/Rode-Orm-768x768.jpeg 768w, https:\/\/sven-ove.nu\/wp-content\/uploads\/2024\/01\/Rode-Orm-1536x1536.jpeg 1536w, https:\/\/sven-ove.nu\/wp-content\/uploads\/2024\/01\/Rode-Orm-2048x2048.jpeg 2048w\" sizes=\"auto, (max-width: 300px) 100vw, 300px\" \/><\/a><\/figure>\n\n\n\n<p class=\"has-background wp-block-paragraph\" style=\"background-color:#f2b96a\"><strong>Titta sj\u00e4lv p\u00e5 SVT Play:<br><\/strong><a href=\"https:\/\/www.svtplay.se\/video\/egWaywE\/hoglasning-av-rode-orm\">H\u00f6gl\u00e4sning av R\u00f6de Orm<\/a><\/p>\n\n\n\n<p class=\"has-light-gray-background-color has-background wp-block-paragraph\"><a href=\"https:\/\/sven-ove.nu\/\">Hem<\/a>&nbsp;|&nbsp;<a href=\"https:\/\/sven-ove.nu\/?page_id=170\">Om mig<\/a>&nbsp;|&nbsp;<a href=\"https:\/\/sven-ove.nu\/?page_id=1385\">Skriva &amp; prata<\/a>&nbsp;|&nbsp;<a href=\"https:\/\/sven-ove.nu\/?page_id=100\">Politik<\/a>&nbsp;|&nbsp;<a href=\"https:\/\/sven-ove.nu\/?page_id=102\">L\u00f6pa<\/a>&nbsp;|&nbsp;<a href=\"https:\/\/sven-ove.nu\/?page_id=108\">Viktor Root<\/a>&nbsp;&nbsp;<br><em>Inl\u00e4gg nr 2 338, (c) Sven-Ove Svensson (men dela g\u00e4rna<\/em>).<\/p>\n","protected":false},"excerpt":{"rendered":"<p>Det var journalisten Cecilia af Jochnick som gav mig id\u00e9n. Jag skulle b\u00f6rja l\u00e4sa om Frans G Bengtssons ber\u00e4ttelse R\u00f6de Orm.Varje \u00e5r. I m\u00e5nga \u00e5r h\u00f6ll jag p\u00e5 s\u00e5 med god beh\u00e5llning varje g\u00e5ng. L\u00e4rde mig \u00e5r efter \u00e5r vilket s\u00e4tt som var det s\u00e4msta att ansa sitt sk\u00e4gg och att det ska vara timjan &hellip; <a href=\"https:\/\/sven-ove.nu\/?p=26327\" class=\"more-link\">Forts\u00e4tt l\u00e4sa <span class=\"screen-reader-text\">S\u00e5dant g\u00f6r nytta<\/span><\/a><\/p>\n","protected":false},"author":1,"featured_media":0,"comment_status":"closed","ping_status":"open","sticky":false,"template":"","format":"standard","meta":{"_crdt_document":"","_monsterinsights_skip_tracking":false,"_monsterinsights_sitenote_active":false,"_monsterinsights_sitenote_note":"","_monsterinsights_sitenote_category":0,"footnotes":""},"categories":[28,4],"tags":[14,15],"class_list":["post-26327","post","type-post","status-publish","format-standard","hentry","category-kreativt-folk","category-skrivande","tag-lasning","tag-mediedjungeln"],"_links":{"self":[{"href":"https:\/\/sven-ove.nu\/index.php?rest_route=\/wp\/v2\/posts\/26327","targetHints":{"allow":["GET"]}}],"collection":[{"href":"https:\/\/sven-ove.nu\/index.php?rest_route=\/wp\/v2\/posts"}],"about":[{"href":"https:\/\/sven-ove.nu\/index.php?rest_route=\/wp\/v2\/types\/post"}],"author":[{"embeddable":true,"href":"https:\/\/sven-ove.nu\/index.php?rest_route=\/wp\/v2\/users\/1"}],"replies":[{"embeddable":true,"href":"https:\/\/sven-ove.nu\/index.php?rest_route=%2Fwp%2Fv2%2Fcomments&post=26327"}],"version-history":[{"count":10,"href":"https:\/\/sven-ove.nu\/index.php?rest_route=\/wp\/v2\/posts\/26327\/revisions"}],"predecessor-version":[{"id":26340,"href":"https:\/\/sven-ove.nu\/index.php?rest_route=\/wp\/v2\/posts\/26327\/revisions\/26340"}],"wp:attachment":[{"href":"https:\/\/sven-ove.nu\/index.php?rest_route=%2Fwp%2Fv2%2Fmedia&parent=26327"}],"wp:term":[{"taxonomy":"category","embeddable":true,"href":"https:\/\/sven-ove.nu\/index.php?rest_route=%2Fwp%2Fv2%2Fcategories&post=26327"},{"taxonomy":"post_tag","embeddable":true,"href":"https:\/\/sven-ove.nu\/index.php?rest_route=%2Fwp%2Fv2%2Ftags&post=26327"}],"curies":[{"name":"wp","href":"https:\/\/api.w.org\/{rel}","templated":true}]}}