{"id":26342,"date":"2024-01-25T04:38:00","date_gmt":"2024-01-25T03:38:00","guid":{"rendered":"https:\/\/sven-ove.nu\/?p=26342"},"modified":"2024-01-25T11:12:28","modified_gmt":"2024-01-25T10:12:28","slug":"en-evigt-bortskamd-pubertal-dretonge","status":"publish","type":"post","link":"https:\/\/sven-ove.nu\/?p=26342","title":{"rendered":"En bortsk\u00e4md pubertal dretonge"},"content":{"rendered":"\n<figure class=\"wp-block-image size-large\"><a href=\"https:\/\/sven-ove.nu\/wp-content\/uploads\/2024\/01\/Blotmark.jpg\"><img loading=\"lazy\" decoding=\"async\" width=\"1024\" height=\"896\" src=\"https:\/\/sven-ove.nu\/wp-content\/uploads\/2024\/01\/Blotmark-1024x896.jpg\" alt=\"\" class=\"wp-image-26343\" srcset=\"https:\/\/sven-ove.nu\/wp-content\/uploads\/2024\/01\/Blotmark-1024x896.jpg 1024w, https:\/\/sven-ove.nu\/wp-content\/uploads\/2024\/01\/Blotmark-300x262.jpg 300w, https:\/\/sven-ove.nu\/wp-content\/uploads\/2024\/01\/Blotmark-768x672.jpg 768w, https:\/\/sven-ove.nu\/wp-content\/uploads\/2024\/01\/Blotmark-1536x1344.jpg 1536w, https:\/\/sven-ove.nu\/wp-content\/uploads\/2024\/01\/Blotmark.jpg 1692w\" sizes=\"auto, (max-width: 1024px) 100vw, 1024px\" \/><\/a><\/figure>\n\n\n\n<blockquote class=\"wp-block-quote is-layout-flow wp-block-quote-is-layout-flow\">\n<p class=\"wp-block-paragraph\">Jag l\u00e4ser De hemliga breven. Boken med breven mellan f\u00f6rfattaren Jan Myrdal och hans f\u00f6r\u00e4ldrar, de inflytelserika socialdemokraterna Alva och Gunnar Myrdal.<\/p>\n<\/blockquote>\n\n\n\n<p class=\"wp-block-paragraph\">En av dem var min favoritskriftst\u00e4llare 1968 och ett antal \u00e5r fram\u00e5t. Jag slukade hans kolumner i Aftonbladet, s\u00e5 sm\u00e5ningom i Folket i Bild\/Kulturfront och med j\u00e4mna mellanrum i de obligatoriska pocketb\u00f6ckerna. Jan Myrdal var den svenska v\u00e4nsterns mest dominerande r\u00f6st, vid sidan av Sara Lidman.<\/p>\n\n\n\n<p class=\"wp-block-paragraph\">Mest dominante, fast det t\u00e4nkte jag inte p\u00e5 i b\u00f6rjan.<\/p>\n\n\n\n<p class=\"wp-block-paragraph\"><strong>Barndom var v\u00e4l bra?<\/strong><br>S\u00e5 sm\u00e5ningom f\u00f6ll han fr\u00e5n piedestalen. Att f\u00f6rsvara de r\u00f6da khmerernas illd\u00e5d var ingen klok linje. Inte att b\u00f6rja flirta med h\u00f6gerextremismen heller.<br>&#8211; Men serien om hans barndom hos de str\u00e4ngt upptagna makarna Myrdal var v\u00e4l v\u00e4lskriven?<br>&#8211; Absolut. Mycket v\u00e4lskriven.<\/p>\n\n\n\n<p class=\"wp-block-paragraph\"><strong>Avsl\u00f6jar sig sj\u00e4lv<\/strong><br>Problemet var bara att vad halva svenska folket trodde var sant om hans barndom inte var sant. Det kanske inte var s\u00e5 konstigt att Jan Myrdal i det l\u00e4ngsta f\u00f6rs\u00f6kte f\u00e5 tillbaka sina gamla brev som han skrivit till f\u00f6r\u00e4ldrarna. De breven avsl\u00f6jar honom.<\/p>\n\n\n\n<p class=\"wp-block-paragraph\">Nu \u00e4r de offentliggjorda. Fram tr\u00e4der en evigt bortsk\u00e4md pubertal dretonge som l\u00e5ngt upp i vuxen \u00e5lder kr\u00e4vde att bli f\u00f6rs\u00f6rjd av sina f\u00f6r\u00e4ldrar. Och som blev det. Han beh\u00f6vde ju skriva, d\u00e5 kan man inte ha ett vanligt arbete. I ett brev till modern Alva den 14 mars 1948 f\u00f6rklarar han:<\/p>\n\n\n\n<p class=\"wp-block-paragraph\"><em>\u201dJag \u00e4r fullt medveten om att jag inte n\u00e5gon g\u00e5ng p\u00e5 ett praktiskt s\u00e4tt kommer att kunna l\u00f6sa det reella problemet att \u00f6verleva.<\/em><\/p>\n\n\n\n<p class=\"wp-block-paragraph\"><em>Jag vet min linje \u2013 och jag kommer att fullf\u00f6lja den \u2013 skriva sk\u00f6nlitteratur sm\u00e5skriva politik etc skriva essayer \u2013 men det \u00e4r inte en chans p\u00e5 miljonen att det kommer att g\u00e5 ihop ekonomiskt. Det \u00e4r jag fullt klar \u00f6ver.\u201d<\/em><\/p>\n\n\n\n<p class=\"wp-block-paragraph\"><strong>K\u00f6p ett hus<\/strong><br>Till sist bad Jan pappa och mamma att k\u00f6pa ett hus \u00e5t honom och hans Gun. Ett rymligt.<br>&#8211; Biblioteket beh\u00f6ver vara st\u00f6rre!<\/p>\n\n\n\n<p class=\"wp-block-paragraph\">Hans mest k\u00e4nda bok, Rapport fr\u00e5n kinesisk by, var tillr\u00e4ttalagd. De intervjuade kinesiska b\u00f6nderna fick svara i boken s\u00e5 att det st\u00e4mde med ideologin.<br>Osv, osv, osv.<\/p>\n\n\n\n<p class=\"wp-block-paragraph\">Suck.<br>Tjohoo.<\/p>\n\n\n\n<p class=\"wp-block-paragraph\"><\/p>\n\n\n\n<p class=\"has-light-blue-background-color has-background wp-block-paragraph\"><strong>BOKEN<\/strong>:<br><a href=\"https:\/\/www.bokus.com\/bok\/9789100195373\/de-hemliga-breven-den-politiska-familjen-och-vardagens-samtal\/\" data-type=\"link\" data-id=\"https:\/\/www.bokus.com\/bok\/9789100195373\/de-hemliga-breven-den-politiska-familjen-och-vardagens-samtal\/\"><strong>De hemliga breven &#8211;<\/strong> <strong>Den politiska familjen och vardagens samtal<\/strong><br><\/a>Brev av Alva Myrdal, Gunnar Myrdal och Jan Myrdal<br>F\u00f6rord och efterord Kaj F\u00f6lster och Janken Myrdal<br>Inledning Bosse Lindquist<\/p>\n\n\n\n<p class=\"wp-block-paragraph\"><\/p>\n","protected":false},"excerpt":{"rendered":"<p>Jag l\u00e4ser De hemliga breven. Boken med breven mellan f\u00f6rfattaren Jan Myrdal och hans f\u00f6r\u00e4ldrar, de inflytelserika socialdemokraterna Alva och Gunnar Myrdal. En av dem var min favoritskriftst\u00e4llare 1968 och ett antal \u00e5r fram\u00e5t. Jag slukade hans kolumner i Aftonbladet, s\u00e5 sm\u00e5ningom i Folket i Bild\/Kulturfront och med j\u00e4mna mellanrum i de obligatoriska pocketb\u00f6ckerna. Jan &hellip; <a href=\"https:\/\/sven-ove.nu\/?p=26342\" class=\"more-link\">Forts\u00e4tt l\u00e4sa <span class=\"screen-reader-text\">En bortsk\u00e4md pubertal dretonge<\/span><\/a><\/p>\n","protected":false},"author":1,"featured_media":0,"comment_status":"closed","ping_status":"open","sticky":false,"template":"","format":"standard","meta":{"_crdt_document":"","_monsterinsights_skip_tracking":false,"_monsterinsights_sitenote_active":false,"_monsterinsights_sitenote_note":"","_monsterinsights_sitenote_category":0,"footnotes":""},"categories":[28,9,4],"tags":[8,18,14],"class_list":["post-26342","post","type-post","status-publish","format-standard","hentry","category-kreativt-folk","category-politik","category-skrivande","tag-historia","tag-lardomar","tag-lasning"],"_links":{"self":[{"href":"https:\/\/sven-ove.nu\/index.php?rest_route=\/wp\/v2\/posts\/26342","targetHints":{"allow":["GET"]}}],"collection":[{"href":"https:\/\/sven-ove.nu\/index.php?rest_route=\/wp\/v2\/posts"}],"about":[{"href":"https:\/\/sven-ove.nu\/index.php?rest_route=\/wp\/v2\/types\/post"}],"author":[{"embeddable":true,"href":"https:\/\/sven-ove.nu\/index.php?rest_route=\/wp\/v2\/users\/1"}],"replies":[{"embeddable":true,"href":"https:\/\/sven-ove.nu\/index.php?rest_route=%2Fwp%2Fv2%2Fcomments&post=26342"}],"version-history":[{"count":3,"href":"https:\/\/sven-ove.nu\/index.php?rest_route=\/wp\/v2\/posts\/26342\/revisions"}],"predecessor-version":[{"id":26347,"href":"https:\/\/sven-ove.nu\/index.php?rest_route=\/wp\/v2\/posts\/26342\/revisions\/26347"}],"wp:attachment":[{"href":"https:\/\/sven-ove.nu\/index.php?rest_route=%2Fwp%2Fv2%2Fmedia&parent=26342"}],"wp:term":[{"taxonomy":"category","embeddable":true,"href":"https:\/\/sven-ove.nu\/index.php?rest_route=%2Fwp%2Fv2%2Fcategories&post=26342"},{"taxonomy":"post_tag","embeddable":true,"href":"https:\/\/sven-ove.nu\/index.php?rest_route=%2Fwp%2Fv2%2Ftags&post=26342"}],"curies":[{"name":"wp","href":"https:\/\/api.w.org\/{rel}","templated":true}]}}