{"id":26348,"date":"2024-02-01T04:51:00","date_gmt":"2024-02-01T03:51:00","guid":{"rendered":"https:\/\/sven-ove.nu\/?p=26348"},"modified":"2024-02-01T07:20:35","modified_gmt":"2024-02-01T06:20:35","slug":"fulast-far-tva","status":"publish","type":"post","link":"https:\/\/sven-ove.nu\/?p=26348","title":{"rendered":"Fulast f\u00e5r tv\u00e5"},"content":{"rendered":"\n<figure class=\"wp-block-image size-large\"><a href=\"https:\/\/sven-ove.nu\/wp-content\/uploads\/2024\/01\/Annons-6-febr-24.jpeg\"><img loading=\"lazy\" decoding=\"async\" width=\"1024\" height=\"625\" src=\"https:\/\/sven-ove.nu\/wp-content\/uploads\/2024\/01\/Annons-6-febr-24-1024x625.jpeg\" alt=\"\" class=\"wp-image-26349\" srcset=\"https:\/\/sven-ove.nu\/wp-content\/uploads\/2024\/01\/Annons-6-febr-24-1024x625.jpeg 1024w, https:\/\/sven-ove.nu\/wp-content\/uploads\/2024\/01\/Annons-6-febr-24-300x183.jpeg 300w, https:\/\/sven-ove.nu\/wp-content\/uploads\/2024\/01\/Annons-6-febr-24-768x469.jpeg 768w, https:\/\/sven-ove.nu\/wp-content\/uploads\/2024\/01\/Annons-6-febr-24-1536x938.jpeg 1536w, https:\/\/sven-ove.nu\/wp-content\/uploads\/2024\/01\/Annons-6-febr-24.jpeg 1861w\" sizes=\"auto, (max-width: 1024px) 100vw, 1024px\" \/><\/a><\/figure>\n\n\n\n<p class=\"wp-block-paragraph\"><\/p>\n\n\n\n<blockquote class=\"wp-block-quote is-layout-flow wp-block-quote-is-layout-flow\">\n<p class=\"wp-block-paragraph\">S\u00e5 d\u00e4r. D\u00e5 var manuset klart f\u00f6r \u00e5rets f\u00f6rsta framtr\u00e4dande. <br>45 minuter i f\u00f6rsamlingshemmet i Munkfors tisdag 6 februari. F\u00f6rst \u00e4r det gr\u00f6tfrukost, sedan \u00e4r det jag.<\/p>\n<\/blockquote>\n\n\n\n<p class=\"wp-block-paragraph\">Det blir lite humor och lite allvar har jag t\u00e4nkt.&nbsp; Om mitt f\u00f6rh\u00e5llande till Munkfors. Om boken Mitt liv som keps. Om hotet mot mitt liv.\u2002<br>Jag \u00e4r s\u00e5 glad att folk ber mig komma och prata.<\/p>\n\n\n\n<p class=\"wp-block-paragraph\">Publiken f\u00e5r g\u00e4rna b\u00e4ra keps. <br>Finast keps f\u00e5r en bok. Fulast f\u00e5r tv\u00e5.<\/p>\n\n\n\n<p class=\"has-light-blue-background-color has-background wp-block-paragraph\"><strong>Kommande framtr\u00e4danden<\/strong>:<br><strong>Tisdag 6 febr<\/strong> 09.30 M\u00f4racaf\u00e9, F\u00f6rsamlingshemmet Munkfors (Svenska kyrkan).<br><strong>Tisdag 20 febr<\/strong> 9.30 Frukostklubben, F\u00f6rsamlingshemmet, Forshaga (Svenska kyrkan).<br><strong>L\u00f6rdag 9 mars <\/strong>13.00. \u00c5rsm\u00f6te, Gruvan Grums (V\u00e4nsterpartiet Grums).<br><strong>Onsdag 13 mars<\/strong> 15.00 Karlstadrummet i Biblioteksrummet (Karlstad-Gillet).<\/p>\n\n\n\n<p class=\"has-light-gray-background-color has-background wp-block-paragraph\"><a href=\"https:\/\/sven-ove.nu\/\">Hem<\/a>&nbsp;|&nbsp;<a href=\"https:\/\/sven-ove.nu\/?page_id=170\">Om mig<\/a>&nbsp;|&nbsp;<a href=\"https:\/\/sven-ove.nu\/?page_id=1385\">Skriva &amp; prata<\/a>&nbsp;|&nbsp;<a href=\"https:\/\/sven-ove.nu\/?page_id=100\">Politik<\/a>&nbsp;|&nbsp;<a href=\"https:\/\/sven-ove.nu\/?page_id=102\">L\u00f6pa<\/a>&nbsp;|&nbsp;<a href=\"https:\/\/sven-ove.nu\/?page_id=108\">Viktor Root<\/a>&nbsp;&nbsp;<br><em>Inl\u00e4gg nr 2 340, (c) Sven-Ove Svensson (men dela g\u00e4rna<\/em>).<\/p>\n","protected":false},"excerpt":{"rendered":"<p>S\u00e5 d\u00e4r. D\u00e5 var manuset klart f\u00f6r \u00e5rets f\u00f6rsta framtr\u00e4dande. 45 minuter i f\u00f6rsamlingshemmet i Munkfors tisdag 6 februari. F\u00f6rst \u00e4r det gr\u00f6tfrukost, sedan \u00e4r det jag. Det blir lite humor och lite allvar har jag t\u00e4nkt.&nbsp; Om mitt f\u00f6rh\u00e5llande till Munkfors. Om boken Mitt liv som keps. Om hotet mot mitt liv.\u2002Jag \u00e4r s\u00e5 &hellip; <a href=\"https:\/\/sven-ove.nu\/?p=26348\" class=\"more-link\">Forts\u00e4tt l\u00e4sa <span class=\"screen-reader-text\">Fulast f\u00e5r tv\u00e5<\/span><\/a><\/p>\n","protected":false},"author":1,"featured_media":0,"comment_status":"closed","ping_status":"open","sticky":false,"template":"","format":"standard","meta":{"_crdt_document":"","_monsterinsights_skip_tracking":false,"_monsterinsights_sitenote_active":false,"_monsterinsights_sitenote_note":"","_monsterinsights_sitenote_category":0,"footnotes":""},"categories":[4],"tags":[3,8,21,17,13],"class_list":["post-26348","post","type-post","status-publish","format-standard","hentry","category-skrivande","tag-arbete","tag-historia","tag-ord","tag-solidaritet","tag-utrustning"],"_links":{"self":[{"href":"https:\/\/sven-ove.nu\/index.php?rest_route=\/wp\/v2\/posts\/26348","targetHints":{"allow":["GET"]}}],"collection":[{"href":"https:\/\/sven-ove.nu\/index.php?rest_route=\/wp\/v2\/posts"}],"about":[{"href":"https:\/\/sven-ove.nu\/index.php?rest_route=\/wp\/v2\/types\/post"}],"author":[{"embeddable":true,"href":"https:\/\/sven-ove.nu\/index.php?rest_route=\/wp\/v2\/users\/1"}],"replies":[{"embeddable":true,"href":"https:\/\/sven-ove.nu\/index.php?rest_route=%2Fwp%2Fv2%2Fcomments&post=26348"}],"version-history":[{"count":2,"href":"https:\/\/sven-ove.nu\/index.php?rest_route=\/wp\/v2\/posts\/26348\/revisions"}],"predecessor-version":[{"id":26351,"href":"https:\/\/sven-ove.nu\/index.php?rest_route=\/wp\/v2\/posts\/26348\/revisions\/26351"}],"wp:attachment":[{"href":"https:\/\/sven-ove.nu\/index.php?rest_route=%2Fwp%2Fv2%2Fmedia&parent=26348"}],"wp:term":[{"taxonomy":"category","embeddable":true,"href":"https:\/\/sven-ove.nu\/index.php?rest_route=%2Fwp%2Fv2%2Fcategories&post=26348"},{"taxonomy":"post_tag","embeddable":true,"href":"https:\/\/sven-ove.nu\/index.php?rest_route=%2Fwp%2Fv2%2Ftags&post=26348"}],"curies":[{"name":"wp","href":"https:\/\/api.w.org\/{rel}","templated":true}]}}