{"id":26353,"date":"2024-02-04T04:04:00","date_gmt":"2024-02-04T03:04:00","guid":{"rendered":"https:\/\/sven-ove.nu\/?p=26353"},"modified":"2024-02-04T07:10:40","modified_gmt":"2024-02-04T06:10:40","slug":"26353","status":"publish","type":"post","link":"https:\/\/sven-ove.nu\/?p=26353","title":{"rendered":"Fr\u00e5gan och svaret"},"content":{"rendered":"\n<figure class=\"wp-block-image size-medium\"><a href=\"https:\/\/sven-ove.nu\/wp-content\/uploads\/2024\/02\/Morgonfonster.jpeg\"><img loading=\"lazy\" decoding=\"async\" width=\"300\" height=\"300\" src=\"https:\/\/sven-ove.nu\/wp-content\/uploads\/2024\/02\/Morgonfonster-300x300.jpeg\" alt=\"\" class=\"wp-image-26357\" srcset=\"https:\/\/sven-ove.nu\/wp-content\/uploads\/2024\/02\/Morgonfonster-300x300.jpeg 300w, https:\/\/sven-ove.nu\/wp-content\/uploads\/2024\/02\/Morgonfonster-150x150.jpeg 150w, https:\/\/sven-ove.nu\/wp-content\/uploads\/2024\/02\/Morgonfonster.jpeg 637w\" sizes=\"auto, (max-width: 300px) 100vw, 300px\" \/><\/a><\/figure>\n\n\n\n<p class=\"wp-block-paragraph\">&#8211; L\u00e4get?<\/p>\n\n\n\n<p class=\"wp-block-paragraph\">&#8211; Jovars. V\u00e4dret har f\u00e5tt fnatt, arktisk kyla och regn om vartannat, orkanvindar ena stunden, gudomligt mild soluppg\u00e5ng dessemellan, massaker i Israel, fruktansv\u00e4rt mycket mer d\u00f6dande i Gaza efter det, barn d\u00f6r, <strong>BARN D\u00d6R!<\/strong>, fortsatt evigt malande ryskt angreppskrig i Ukraina, Europa funderar p\u00e5 hur man ska kunna <strong>TRUMP-S\u00c4KRA<\/strong> sig, dom som f\u00f6r inte s\u00e5 l\u00e4nge sedan erk\u00e4nde sina nazistiska, rasistiska och odemokratiska r\u00f6tter styr den svenska regeringen och under tiden vet ingen var de bildade konservativa, varma kristendemokratiska och medk\u00e4nnande liberala tog v\u00e4gen, EU hittar p\u00e5 nya arbetstidsregler s\u00e5 v\u00e5ra <strong>BRANDM\u00c4N FLYR<\/strong> och lekplatsregler s\u00e5 v\u00e5ra dagisg\u00e5rdar b\u00f6rjar likna \u00f6knar, Region V\u00e4rmland f\u00e5r lov att h\u00f6ja biljettpriserna de nyss s\u00e4nkte och nu funderar regionen som b\u00e4st p\u00e5 vad man ska tvingas l\u00e4gga ner i st\u00e4llet n\u00e4r inte f\u00f6rra planen blev s\u00e5 popul\u00e4r, Sola i Kallsta tinar illa plogade gator och trottoarer som kylan sedan fryser till <strong>V\u00c4RSTA KNOCKLIGHETEN,<\/strong> ben bryts och bussar skakar s\u00f6nder och p\u00e5 tv \u00e4r det inte en enda rolig sports\u00e4ndning p\u00e5 hela helgen.<\/p>\n\n\n\n<p class=\"wp-block-paragraph\">&#8211; \u00c5 annars?<\/p>\n\n\n\n<p class=\"has-light-pink-background-color has-background wp-block-paragraph\"><a href=\"https:\/\/sven-ove.nu\/\">Hem<\/a>&nbsp;|&nbsp;<a href=\"https:\/\/sven-ove.nu\/?page_id=170\">Om mig<\/a>&nbsp;|&nbsp;<a href=\"https:\/\/sven-ove.nu\/?page_id=1385\">Skriva &amp; prata<\/a>&nbsp;|&nbsp;<a href=\"https:\/\/sven-ove.nu\/?page_id=100\">Politik<\/a>&nbsp;|&nbsp;<a href=\"https:\/\/sven-ove.nu\/?page_id=102\">L\u00f6pa<\/a>&nbsp;|&nbsp;<a href=\"https:\/\/sven-ove.nu\/?page_id=108\">Viktor Root<\/a>&nbsp;&nbsp;<br><em>Inl\u00e4gg nr 2 341, (c) Sven-Ove Svensson (men dela g\u00e4rna<\/em>).<\/p>\n","protected":false},"excerpt":{"rendered":"<p>&#8211; L\u00e4get? &#8211; Jovars. V\u00e4dret har f\u00e5tt fnatt, arktisk kyla och regn om vartannat, orkanvindar ena stunden, gudomligt mild soluppg\u00e5ng dessemellan, massaker i Israel, fruktansv\u00e4rt mycket mer d\u00f6dande i Gaza efter det, barn d\u00f6r, BARN D\u00d6R!, fortsatt evigt malande ryskt angreppskrig i Ukraina, Europa funderar p\u00e5 hur man ska kunna TRUMP-S\u00c4KRA sig, dom som f\u00f6r &hellip; <a href=\"https:\/\/sven-ove.nu\/?p=26353\" class=\"more-link\">Forts\u00e4tt l\u00e4sa <span class=\"screen-reader-text\">Fr\u00e5gan och svaret<\/span><\/a><\/p>\n","protected":false},"author":1,"featured_media":0,"comment_status":"closed","ping_status":"open","sticky":false,"template":"","format":"standard","meta":{"_crdt_document":"","_monsterinsights_skip_tracking":false,"_monsterinsights_sitenote_active":false,"_monsterinsights_sitenote_note":"","_monsterinsights_sitenote_category":0,"footnotes":""},"categories":[28,6,9],"tags":[16],"class_list":["post-26353","post","type-post","status-publish","format-standard","hentry","category-kreativt-folk","category-natur","category-politik","tag-dumheter"],"_links":{"self":[{"href":"https:\/\/sven-ove.nu\/index.php?rest_route=\/wp\/v2\/posts\/26353","targetHints":{"allow":["GET"]}}],"collection":[{"href":"https:\/\/sven-ove.nu\/index.php?rest_route=\/wp\/v2\/posts"}],"about":[{"href":"https:\/\/sven-ove.nu\/index.php?rest_route=\/wp\/v2\/types\/post"}],"author":[{"embeddable":true,"href":"https:\/\/sven-ove.nu\/index.php?rest_route=\/wp\/v2\/users\/1"}],"replies":[{"embeddable":true,"href":"https:\/\/sven-ove.nu\/index.php?rest_route=%2Fwp%2Fv2%2Fcomments&post=26353"}],"version-history":[{"count":11,"href":"https:\/\/sven-ove.nu\/index.php?rest_route=\/wp\/v2\/posts\/26353\/revisions"}],"predecessor-version":[{"id":26368,"href":"https:\/\/sven-ove.nu\/index.php?rest_route=\/wp\/v2\/posts\/26353\/revisions\/26368"}],"wp:attachment":[{"href":"https:\/\/sven-ove.nu\/index.php?rest_route=%2Fwp%2Fv2%2Fmedia&parent=26353"}],"wp:term":[{"taxonomy":"category","embeddable":true,"href":"https:\/\/sven-ove.nu\/index.php?rest_route=%2Fwp%2Fv2%2Fcategories&post=26353"},{"taxonomy":"post_tag","embeddable":true,"href":"https:\/\/sven-ove.nu\/index.php?rest_route=%2Fwp%2Fv2%2Ftags&post=26353"}],"curies":[{"name":"wp","href":"https:\/\/api.w.org\/{rel}","templated":true}]}}