{"id":26369,"date":"2024-02-08T18:56:00","date_gmt":"2024-02-08T17:56:00","guid":{"rendered":"https:\/\/sven-ove.nu\/?p=26369"},"modified":"2024-02-09T08:34:50","modified_gmt":"2024-02-09T07:34:50","slug":"2024-ars-kladkanon","status":"publish","type":"post","link":"https:\/\/sven-ove.nu\/?p=26369","title":{"rendered":"2024 \u00e5rs kl\u00e4dkanon"},"content":{"rendered":"\n<blockquote class=\"wp-block-quote is-layout-flow wp-block-quote-is-layout-flow\">\n<p class=\"wp-block-paragraph\">Kl\u00e4dkanon s\u00e5 du slipper bli visiterad i Tid\u00f6-samh\u00e4llet:<\/p>\n<\/blockquote>\n\n\n\n<p class=\"wp-block-paragraph\"><strong>0-3 \u00e5r.<\/strong> Bl\u00f6jor, sparkdr\u00e4kt, rosa f\u00f6r kvinnor, bl\u00e5 f\u00f6r m\u00e4n.<br><strong>3-7 \u00e5r.<\/strong> Jeans, t-shirt, hoodie, s\u00e5 kallade gympadojor.<br><strong>7-60 \u00e5r.<\/strong> Jeans, t-shirt, tr\u00f6ja, jacka, s\u00e5 kallade skor.<br><strong>60-85 \u00e5r.<\/strong> Jeans, t-shirt, tr\u00f6ja, jacka, skor med s\u00e5 kallade broddar. V\u00e4nd om m\u00f6jligt taggarna ut\u00e5t.<\/p>\n\n\n<div class=\"wp-block-image\">\n<figure class=\"aligncenter size-medium\"><a href=\"https:\/\/sven-ove.nu\/wp-content\/uploads\/2024\/02\/Undvikes-2.png\"><img loading=\"lazy\" decoding=\"async\" width=\"300\" height=\"202\" src=\"https:\/\/sven-ove.nu\/wp-content\/uploads\/2024\/02\/Undvikes-2-300x202.png\" alt=\"\" class=\"wp-image-26383\" srcset=\"https:\/\/sven-ove.nu\/wp-content\/uploads\/2024\/02\/Undvikes-2-300x202.png 300w, https:\/\/sven-ove.nu\/wp-content\/uploads\/2024\/02\/Undvikes-2-1024x690.png 1024w, https:\/\/sven-ove.nu\/wp-content\/uploads\/2024\/02\/Undvikes-2-768x517.png 768w, https:\/\/sven-ove.nu\/wp-content\/uploads\/2024\/02\/Undvikes-2-1536x1035.png 1536w, https:\/\/sven-ove.nu\/wp-content\/uploads\/2024\/02\/Undvikes-2-2048x1380.png 2048w\" sizes=\"auto, (max-width: 300px) 100vw, 300px\" \/><\/a><\/figure>\n<\/div>\n\n\n<p class=\"wp-block-paragraph\">Samtliga:<br>Undvik persedlar av m\u00e4rket Hagl\u00f6fs.<br>Anv\u00e4nd bara Guccikepsen i n\u00f6dfall.<\/p>\n\n\n\n<p class=\"wp-block-paragraph\">P\u00e5 m\u00e5ndag b\u00f6rjar polish\u00f6gskolans stilskola med pedagogiska visningar p\u00e5 s\u00e5 kallad catwalk. <br>En bra polis ser skillnad p\u00e5 tyg.<br>&#8211; Sitter dina kl\u00e4der r\u00e4tt beh\u00f6ver du inte bli insydd.<\/p>\n\n\n\n<p class=\"has-light-blue-background-color has-background wp-block-paragraph\"><strong>Tips fr\u00e5n coachen (s\u00e5 kallad minister, man, bl\u00e5):<\/strong><br><a href=\"https:\/\/sverigesradio.se\/artikel\/justitieministern-kladstil-kan-bli-grund-for-visitation\">Justitieministern: Kl\u00e4dstil kan bli grund f\u00f6r visitation<\/a><\/p>\n\n\n\n<p class=\"has-light-gray-background-color has-background wp-block-paragraph\"><a href=\"https:\/\/sven-ove.nu\/\">Hem<\/a>&nbsp;|&nbsp;<a href=\"https:\/\/sven-ove.nu\/?page_id=170\">Om mig<\/a>&nbsp;|&nbsp;<a href=\"https:\/\/sven-ove.nu\/?page_id=1385\">Skriva &amp; prata<\/a>&nbsp;|&nbsp;<a href=\"https:\/\/sven-ove.nu\/?page_id=100\">Politik<\/a>&nbsp;|&nbsp;<a href=\"https:\/\/sven-ove.nu\/?page_id=102\">L\u00f6pa<\/a>&nbsp;|&nbsp;<a href=\"https:\/\/sven-ove.nu\/?page_id=108\">Viktor Root<\/a>&nbsp;&nbsp;<br><em>Inl\u00e4gg nr 2 342, (c) Sven-Ove Svensson (men dela g\u00e4rna<\/em>).<\/p>\n","protected":false},"excerpt":{"rendered":"<p>Kl\u00e4dkanon s\u00e5 du slipper bli visiterad i Tid\u00f6-samh\u00e4llet: 0-3 \u00e5r. Bl\u00f6jor, sparkdr\u00e4kt, rosa f\u00f6r kvinnor, bl\u00e5 f\u00f6r m\u00e4n.3-7 \u00e5r. Jeans, t-shirt, hoodie, s\u00e5 kallade gympadojor.7-60 \u00e5r. Jeans, t-shirt, tr\u00f6ja, jacka, s\u00e5 kallade skor.60-85 \u00e5r. Jeans, t-shirt, tr\u00f6ja, jacka, skor med s\u00e5 kallade broddar. V\u00e4nd om m\u00f6jligt taggarna ut\u00e5t. Samtliga:Undvik persedlar av m\u00e4rket Hagl\u00f6fs.Anv\u00e4nd bara Guccikepsen &hellip; <a href=\"https:\/\/sven-ove.nu\/?p=26369\" class=\"more-link\">Forts\u00e4tt l\u00e4sa <span class=\"screen-reader-text\">2024 \u00e5rs kl\u00e4dkanon<\/span><\/a><\/p>\n","protected":false},"author":1,"featured_media":0,"comment_status":"closed","ping_status":"open","sticky":false,"template":"","format":"standard","meta":{"_crdt_document":"","_monsterinsights_skip_tracking":false,"_monsterinsights_sitenote_active":false,"_monsterinsights_sitenote_note":"","_monsterinsights_sitenote_category":0,"footnotes":""},"categories":[28,9],"tags":[16,13],"class_list":["post-26369","post","type-post","status-publish","format-standard","hentry","category-kreativt-folk","category-politik","tag-dumheter","tag-utrustning"],"_links":{"self":[{"href":"https:\/\/sven-ove.nu\/index.php?rest_route=\/wp\/v2\/posts\/26369","targetHints":{"allow":["GET"]}}],"collection":[{"href":"https:\/\/sven-ove.nu\/index.php?rest_route=\/wp\/v2\/posts"}],"about":[{"href":"https:\/\/sven-ove.nu\/index.php?rest_route=\/wp\/v2\/types\/post"}],"author":[{"embeddable":true,"href":"https:\/\/sven-ove.nu\/index.php?rest_route=\/wp\/v2\/users\/1"}],"replies":[{"embeddable":true,"href":"https:\/\/sven-ove.nu\/index.php?rest_route=%2Fwp%2Fv2%2Fcomments&post=26369"}],"version-history":[{"count":10,"href":"https:\/\/sven-ove.nu\/index.php?rest_route=\/wp\/v2\/posts\/26369\/revisions"}],"predecessor-version":[{"id":26385,"href":"https:\/\/sven-ove.nu\/index.php?rest_route=\/wp\/v2\/posts\/26369\/revisions\/26385"}],"wp:attachment":[{"href":"https:\/\/sven-ove.nu\/index.php?rest_route=%2Fwp%2Fv2%2Fmedia&parent=26369"}],"wp:term":[{"taxonomy":"category","embeddable":true,"href":"https:\/\/sven-ove.nu\/index.php?rest_route=%2Fwp%2Fv2%2Fcategories&post=26369"},{"taxonomy":"post_tag","embeddable":true,"href":"https:\/\/sven-ove.nu\/index.php?rest_route=%2Fwp%2Fv2%2Ftags&post=26369"}],"curies":[{"name":"wp","href":"https:\/\/api.w.org\/{rel}","templated":true}]}}