{"id":2644,"date":"2012-07-11T04:00:22","date_gmt":"2012-07-11T03:00:22","guid":{"rendered":"http:\/\/sven-ove.nu\/?p=2644"},"modified":"2012-07-10T20:41:43","modified_gmt":"2012-07-10T19:41:43","slug":"efterspel-till-bonde-i-maten","status":"publish","type":"post","link":"https:\/\/sven-ove.nu\/?p=2644","title":{"rendered":"Efterspel till Bonde i maten"},"content":{"rendered":"<p><a href=\"https:\/\/sven-ove.nu\/wp-content\/uploads\/2012\/07\/Sk\u00e4rmavbild-2012-07-10-kl.-21.20.01.png\"><img loading=\"lazy\" decoding=\"async\" class=\"alignright size-thumbnail wp-image-2647\" title=\"Sk\u00e4rmavbild 2012-07-10 kl. 21.20.01\" src=\"https:\/\/sven-ove.nu\/wp-content\/uploads\/2012\/07\/Sk\u00e4rmavbild-2012-07-10-kl.-21.20.01-150x150.png\" alt=\"\" width=\"150\" height=\"150\" \/><\/a>Jag skrev om en alltf\u00f6r vanlig f\u00f6reteelse i svenska tidningar h\u00e4rom dagen. Fotot p\u00e5 en bonde som st\u00e5r till kn\u00e4na i ett s\u00e4desf\u00e4lt och bildligt talat trampar i maten.<\/p>\n<p style=\"padding-left: 30px;\"><strong>Nu \u00e4r fotografen, den duktiga som tog bilden, uppr\u00f6rd. \u201dDet m\u00e5ste vara dina egna f\u00f6rdomar om b\u00f6nder som sp\u00f6kar\u201d skriver hon till mig p\u00e5 facebook. \u201dJag kan garantera att den havren han st\u00e5r i inte kommer att hamna p\u00e5 ditt k\u00f6ksbord.\u201d<\/strong><\/p>\n<p>Hon skriver en massa annat t\u00e4nkv\u00e4rt ocks\u00e5.<\/p>\n<p>F\u00f6rdomar om b\u00f6nder? N\u00e5, jag har arbetat ungef\u00e4r lika mycket med b\u00f6nder som med fotografer, \u00e4ven om jordbruksarbetet var i riktigt unga \u00e5r. Allts\u00e5 ganska mycket. B\u00e5da \u00e4r yrkesgrupper som jag gillar och respekterar. Producera mat \u00e4r viktigt, producera bilder som ber\u00e4ttar \u00e4r ocks\u00e5 viktigt.<\/p>\n<p style=\"padding-left: 30px;\"><strong>\u201dJag \u00e4r lite nyfiken p\u00e5 hur DU hade tagit bilden till denna text??\u201d skriver hon.<\/strong><\/p>\n<p>Den fr\u00e5gan t\u00e5l att t\u00e4nka p\u00e5. Jag skulle inte ha tagit den symboliska bilden med storst\u00f6vlarna mitt i maten. Inte fotograferat den gode bonden snett underifr\u00e5n heller. Men hur? Hur tar man en bild p\u00e5 en spannm\u00e5lsbonde som f\u00f6rv\u00e5nar, ber\u00e4ttar, illustrerar, roar, oroar och samtidigt \u00e4r sympatisk mot mat och modern\u00e4ring i ett blad som vill vara <a href=\"http:\/\/www.vf.se\/\">folkets<\/a>?<\/p>\n<p>Det t\u00e5l att t\u00e4nka p\u00e5.<br \/>\nBilder talar till magen, k\u00e4nslan.<\/p>\n<p>F\u00f6rdomar om b\u00f6nder? Roligt. Hon kan ju inte veta att g\u00f4bben hon skriver till \u00e4r uppv\u00e4xt p\u00e5 ett sm\u00e5bruk och aldrig riktigt har l\u00e4mnat den g\u00e5rden, i sinnet. Det bor en bonde i varje svensk och i den h\u00e4r svensken bor en s\u00e4rskilt st\u00f6nig sm\u00e5bonde. Med en farfar som blev arg, den g\u00e5ngen jag var barn och kutade ut i en havre\u00e5ker p\u00e5 Almar.<\/p>\n<p style=\"padding-left: 30px;\"><strong>Orden som farfar Einar sa d\u00e5 sammanfattar mycket av min syn p\u00e5 livet och arbetet. \u201dMan trampar inte i maten\u201d. Det \u00e4r d\u00e4rf\u00f6r jag tycker den eviga bonde-mitt-i-\u00e5kern-bilden \u00e4r s\u00e5 f\u00f6rf\u00e4rlig. T\u00e4nk dig att den klassiska bilden p\u00e5 en ambassad\u00f6r vore att han alltid stod och eldade upp sitt fosterlands flagga. S\u00e5 \u00e4r den havrebilden f\u00f6r mig.<\/strong><\/p>\n<p style=\"padding-left: 30px;\"><strong> <\/strong><\/p>\n<p style=\"padding-left: 30px;\"><strong>Ambassad\u00f6rer ska inte elda upp flaggor.<br \/>\n<\/strong><strong>B\u00f6nder ska inte h\u00e4lla ut mj\u00f6lk eller trampa p\u00e5 havre.<\/strong><\/p>\n","protected":false},"excerpt":{"rendered":"<p>Jag skrev om en alltf\u00f6r vanlig f\u00f6reteelse i svenska tidningar h\u00e4rom dagen. Fotot p\u00e5 en bonde som st\u00e5r till kn\u00e4na i ett s\u00e4desf\u00e4lt och bildligt talat trampar i maten. Nu \u00e4r fotografen, den duktiga som tog bilden, uppr\u00f6rd. \u201dDet m\u00e5ste vara dina egna f\u00f6rdomar om b\u00f6nder som sp\u00f6kar\u201d skriver hon till mig p\u00e5 facebook. \u201dJag &hellip; <a href=\"https:\/\/sven-ove.nu\/?p=2644\" class=\"more-link\">Forts\u00e4tt l\u00e4sa <span class=\"screen-reader-text\">Efterspel till Bonde i maten<\/span><\/a><\/p>\n","protected":false},"author":1,"featured_media":0,"comment_status":"open","ping_status":"open","sticky":false,"template":"","format":"standard","meta":{"_crdt_document":"","_monsterinsights_skip_tracking":false,"_monsterinsights_sitenote_active":false,"_monsterinsights_sitenote_note":"","_monsterinsights_sitenote_category":0,"footnotes":""},"categories":[4],"tags":[3,24,15,20],"class_list":["post-2644","post","type-post","status-publish","format-standard","hentry","category-skrivande","tag-arbete","tag-karlek","tag-mediedjungeln","tag-rad"],"_links":{"self":[{"href":"https:\/\/sven-ove.nu\/index.php?rest_route=\/wp\/v2\/posts\/2644","targetHints":{"allow":["GET"]}}],"collection":[{"href":"https:\/\/sven-ove.nu\/index.php?rest_route=\/wp\/v2\/posts"}],"about":[{"href":"https:\/\/sven-ove.nu\/index.php?rest_route=\/wp\/v2\/types\/post"}],"author":[{"embeddable":true,"href":"https:\/\/sven-ove.nu\/index.php?rest_route=\/wp\/v2\/users\/1"}],"replies":[{"embeddable":true,"href":"https:\/\/sven-ove.nu\/index.php?rest_route=%2Fwp%2Fv2%2Fcomments&post=2644"}],"version-history":[{"count":4,"href":"https:\/\/sven-ove.nu\/index.php?rest_route=\/wp\/v2\/posts\/2644\/revisions"}],"predecessor-version":[{"id":2646,"href":"https:\/\/sven-ove.nu\/index.php?rest_route=\/wp\/v2\/posts\/2644\/revisions\/2646"}],"wp:attachment":[{"href":"https:\/\/sven-ove.nu\/index.php?rest_route=%2Fwp%2Fv2%2Fmedia&parent=2644"}],"wp:term":[{"taxonomy":"category","embeddable":true,"href":"https:\/\/sven-ove.nu\/index.php?rest_route=%2Fwp%2Fv2%2Fcategories&post=2644"},{"taxonomy":"post_tag","embeddable":true,"href":"https:\/\/sven-ove.nu\/index.php?rest_route=%2Fwp%2Fv2%2Ftags&post=2644"}],"curies":[{"name":"wp","href":"https:\/\/api.w.org\/{rel}","templated":true}]}}