{"id":26450,"date":"2024-03-28T11:50:45","date_gmt":"2024-03-28T10:50:45","guid":{"rendered":"https:\/\/sven-ove.nu\/?p=26450"},"modified":"2024-03-28T11:50:45","modified_gmt":"2024-03-28T10:50:45","slug":"arets-eldsjalar","status":"publish","type":"post","link":"https:\/\/sven-ove.nu\/?p=26450","title":{"rendered":"\u00c5rets eldsj\u00e4lar"},"content":{"rendered":"\n<figure class=\"wp-block-image size-large\"><a href=\"https:\/\/sven-ove.nu\/wp-content\/uploads\/2024\/03\/IMG_9015-scaled.jpeg\"><img loading=\"lazy\" decoding=\"async\" width=\"846\" height=\"1024\" src=\"https:\/\/sven-ove.nu\/wp-content\/uploads\/2024\/03\/IMG_9015-846x1024.jpeg\" alt=\"\" class=\"wp-image-26451\" srcset=\"https:\/\/sven-ove.nu\/wp-content\/uploads\/2024\/03\/IMG_9015-846x1024.jpeg 846w, https:\/\/sven-ove.nu\/wp-content\/uploads\/2024\/03\/IMG_9015-248x300.jpeg 248w, https:\/\/sven-ove.nu\/wp-content\/uploads\/2024\/03\/IMG_9015-768x930.jpeg 768w, https:\/\/sven-ove.nu\/wp-content\/uploads\/2024\/03\/IMG_9015-1269x1536.jpeg 1269w, https:\/\/sven-ove.nu\/wp-content\/uploads\/2024\/03\/IMG_9015-1692x2048.jpeg 1692w\" sizes=\"auto, (max-width: 846px) 100vw, 846px\" \/><\/a><\/figure>\n\n\n\n<blockquote class=\"wp-block-quote is-layout-flow wp-block-quote-is-layout-flow\">\n<p class=\"wp-block-paragraph\">Det finns en myt att ingen vill jobba ideellt. Den \u00e4r just en myt. I sj\u00e4lva verket \u00e4r det \u00f6ver 4 miljoner svenskar som jobbar ideellt. I g\u00e5r fick tv\u00e5 av dem pris. Den k\u00e4ra v\u00e4nnen var en av dem. Jag \u00e4r s\u00e5 stolt \u00e5 hennes v\u00e4gnar.<\/p>\n<\/blockquote>\n\n\n\n<p class=\"wp-block-paragraph\">S\u00e5 h\u00e4r var det. I fjol fick hon och klubbmedlemmen Ann Gustafsson Sj\u00f6\u00f6 en fr\u00e5ga av ordf\u00f6randen f\u00f6r v\u00e5r f\u00f6rening SISU Forshaga SK. \u201dVill ni vara med och hj\u00e4lpa till med f\u00f6reningens nya satsning \u2019Tr\u00e4na med SISU 60+\u2019?\u201d<\/p>\n\n\n\n<p class=\"wp-block-paragraph\">Det ville de. Tanken var att de skulle sk\u00f6ta det administrativa, l\u00e5sa upp friluftsg\u00e5rden, koka kaffe, sk\u00f6ta n\u00e4rvarolistan och s\u00e5nt. De nyttiga \u00f6vningarna och teorin skulle Friskv\u00e5rd V\u00e4rmland sk\u00f6ta till en b\u00f6rjan.<\/p>\n\n\n\n<p class=\"wp-block-paragraph\">Det gjorde de ocks\u00e5. Men innan fjol\u00e5rsh\u00f6sten var slut s\u00e5 var det Inger och Ann som h\u00f6ll ihop och ledde tr\u00e4ningarna f\u00f6r de andra 60-plusarna. Det hade dom aldrig gjort f\u00f6rut. Totalt blev det tio tr\u00e4ffar och i v\u00e5r blir det forts\u00e4ttning.<\/p>\n\n\n\n<p class=\"wp-block-paragraph\">Jag bor med en k\u00e4r v\u00e4n som (n\u00e4stan) ingenting \u00e4r om\u00f6jligt f\u00f6r. Kul att v\u00e5r f\u00f6rening har vett att uppm\u00e4rksamma henne och Ann f\u00f6r det. I g\u00e5r p\u00e5 \u00e5rsm\u00f6tet fick de pris av ordf\u00f6rande Birgitta som \u00c5rets eldsj\u00e4lar.<\/p>\n\n\n\n<p class=\"wp-block-paragraph\">I slutet av april k\u00f6r de ig\u00e5ng med 60-plusgympan igen. Tjohoo!<\/p>\n\n\n\n<p class=\"has-text-align-right wp-block-paragraph\"><em>(P\u00e5 bilden: Birgitta Dahlstr\u00f6m \u00f6verl\u00e4mnar pris <\/em><br><em>till <\/em><em>eldsj\u00e4larna Inger Nilsson och Ann Gustafsson Sj\u00f6\u00f6).<\/em><\/p>\n\n\n\n<p class=\"has-light-blue-background-color has-background wp-block-paragraph\"><a href=\"https:\/\/sven-ove.nu\/\">Hem<\/a>\u00a0|\u00a0<a href=\"https:\/\/sven-ove.nu\/?page_id=170\">Om mig<\/a>\u00a0|\u00a0<a href=\"https:\/\/sven-ove.nu\/?page_id=1385\">Skriva &amp; prata<\/a>\u00a0|\u00a0<a href=\"https:\/\/sven-ove.nu\/?page_id=100\">Politik<\/a>\u00a0|\u00a0<a href=\"https:\/\/sven-ove.nu\/?page_id=102\">L\u00f6pa<\/a>\u00a0|\u00a0<a href=\"https:\/\/sven-ove.nu\/?page_id=108\">Viktor Root<\/a>\u00a0\u00a0<br><em>Inl\u00e4gg nr 2 349, (c) Sven-Ove Svensson (men dela g\u00e4rna<\/em>).<\/p>\n","protected":false},"excerpt":{"rendered":"<p>Det finns en myt att ingen vill jobba ideellt. Den \u00e4r just en myt. I sj\u00e4lva verket \u00e4r det \u00f6ver 4 miljoner svenskar som jobbar ideellt. I g\u00e5r fick tv\u00e5 av dem pris. Den k\u00e4ra v\u00e4nnen var en av dem. Jag \u00e4r s\u00e5 stolt \u00e5 hennes v\u00e4gnar. S\u00e5 h\u00e4r var det. I fjol fick hon &hellip; <a href=\"https:\/\/sven-ove.nu\/?p=26450\" class=\"more-link\">Forts\u00e4tt l\u00e4sa <span class=\"screen-reader-text\">\u00c5rets eldsj\u00e4lar<\/span><\/a><\/p>\n","protected":false},"author":1,"featured_media":0,"comment_status":"closed","ping_status":"open","sticky":false,"template":"","format":"standard","meta":{"_crdt_document":"","_monsterinsights_skip_tracking":false,"_monsterinsights_sitenote_active":false,"_monsterinsights_sitenote_note":"","_monsterinsights_sitenote_category":0,"footnotes":""},"categories":[10,28],"tags":[24],"class_list":["post-26450","post","type-post","status-publish","format-standard","hentry","category-familjen","category-kreativt-folk","tag-karlek"],"_links":{"self":[{"href":"https:\/\/sven-ove.nu\/index.php?rest_route=\/wp\/v2\/posts\/26450","targetHints":{"allow":["GET"]}}],"collection":[{"href":"https:\/\/sven-ove.nu\/index.php?rest_route=\/wp\/v2\/posts"}],"about":[{"href":"https:\/\/sven-ove.nu\/index.php?rest_route=\/wp\/v2\/types\/post"}],"author":[{"embeddable":true,"href":"https:\/\/sven-ove.nu\/index.php?rest_route=\/wp\/v2\/users\/1"}],"replies":[{"embeddable":true,"href":"https:\/\/sven-ove.nu\/index.php?rest_route=%2Fwp%2Fv2%2Fcomments&post=26450"}],"version-history":[{"count":1,"href":"https:\/\/sven-ove.nu\/index.php?rest_route=\/wp\/v2\/posts\/26450\/revisions"}],"predecessor-version":[{"id":26452,"href":"https:\/\/sven-ove.nu\/index.php?rest_route=\/wp\/v2\/posts\/26450\/revisions\/26452"}],"wp:attachment":[{"href":"https:\/\/sven-ove.nu\/index.php?rest_route=%2Fwp%2Fv2%2Fmedia&parent=26450"}],"wp:term":[{"taxonomy":"category","embeddable":true,"href":"https:\/\/sven-ove.nu\/index.php?rest_route=%2Fwp%2Fv2%2Fcategories&post=26450"},{"taxonomy":"post_tag","embeddable":true,"href":"https:\/\/sven-ove.nu\/index.php?rest_route=%2Fwp%2Fv2%2Ftags&post=26450"}],"curies":[{"name":"wp","href":"https:\/\/api.w.org\/{rel}","templated":true}]}}