{"id":26454,"date":"2024-04-08T04:13:00","date_gmt":"2024-04-08T03:13:00","guid":{"rendered":"https:\/\/sven-ove.nu\/?p=26454"},"modified":"2024-04-07T07:22:44","modified_gmt":"2024-04-07T06:22:44","slug":"skogsbruk-pa-flera-satt","status":"publish","type":"post","link":"https:\/\/sven-ove.nu\/?p=26454","title":{"rendered":"Skogsbruk p\u00e5 flera s\u00e4tt"},"content":{"rendered":"\n<figure class=\"wp-block-image size-large\"><a href=\"https:\/\/sven-ove.nu\/wp-content\/uploads\/2024\/04\/Trad-scaled.jpeg\"><img loading=\"lazy\" decoding=\"async\" width=\"768\" height=\"1024\" src=\"https:\/\/sven-ove.nu\/wp-content\/uploads\/2024\/04\/Trad-768x1024.jpeg\" alt=\"\" class=\"wp-image-26455\" srcset=\"https:\/\/sven-ove.nu\/wp-content\/uploads\/2024\/04\/Trad-768x1024.jpeg 768w, https:\/\/sven-ove.nu\/wp-content\/uploads\/2024\/04\/Trad-225x300.jpeg 225w, https:\/\/sven-ove.nu\/wp-content\/uploads\/2024\/04\/Trad-1152x1536.jpeg 1152w, https:\/\/sven-ove.nu\/wp-content\/uploads\/2024\/04\/Trad-1536x2048.jpeg 1536w, https:\/\/sven-ove.nu\/wp-content\/uploads\/2024\/04\/Trad-scaled.jpeg 1920w\" sizes=\"auto, (max-width: 768px) 100vw, 768px\" \/><\/a><\/figure>\n\n\n\n<blockquote class=\"wp-block-quote is-layout-flow wp-block-quote-is-layout-flow\">\n<p class=\"wp-block-paragraph\">I dag har jag skrivit de h\u00e4r tv\u00e5 texterna. En Facebooknotis och ett brev.<br>De h\u00e4nger ihop.<\/p>\n<\/blockquote>\n\n\n\n<p class=\"has-medium-font-size wp-block-paragraph\"><strong>Inl\u00e4gg p\u00e5 Facebook:<\/strong><\/p>\n\n\n\n<p class=\"wp-block-paragraph\">Ibland n\u00e4r jag s\u00e4ger n\u00e5got klokt om skogen brukar folk svara att det m\u00e4rks att jag l\u00e4st Gunnar Wetterbergs \u201dTr\u00e4d\u201d.<\/p>\n\n\n\n<p class=\"wp-block-paragraph\">Det hade jag inte. F\u00f6rr\u00e4n nu. L\u00e4s den h\u00e4r breda, kunniga och intressanta genomg\u00e5ngen av svensk skog och svenskt skogsbruk f\u00f6rr och i dag.<\/p>\n\n\n\n<p class=\"wp-block-paragraph\">Det \u00e4r du v\u00e4rd.<\/p>\n\n\n\n<p class=\"has-background wp-block-paragraph\" style=\"background-color:#b8f1b8\"><em>### <a href=\"https:\/\/www.bokus.com\/bok\/9789100807047\/trad-en-vandring-i-den-svenska-skogen\/?gad_source=1&amp;gclid=Cj0KCQjw5cOwBhCiARIsAJ5njuZjCM83tHAiXcsFME2cVcOD3j3sbwEgYL6aEZNrObDOKy7Knfhu658aAkPLEALw_wcB\">L\u00e4s mer om Tr\u00e4d<\/a><\/em><\/p>\n\n\n\n<p class=\"wp-block-paragraph\"><\/p>\n\n\n\n<p class=\"has-medium-font-size wp-block-paragraph\"><strong>Mejl till min kommun och hembygdsf\u00f6rening:<\/strong><\/p>\n\n\n\n<p class=\"wp-block-paragraph\">Hej, det h\u00e4r \u00e4r ett tips i all v\u00e4lmening. Vi har ett fornminne som borde rensas fr\u00e5n nedfallna tr\u00e4d och skyltas upp.<\/p>\n\n\n\n<p class=\"wp-block-paragraph\">Bakgrund: \u00c4tter\u00f6sera \u00e4r allm\u00e4nt k\u00e4nda. \u00c4tteh\u00f6garna som det st\u00e5r p\u00e5 m\u00e5nga kartor om de tv\u00e5 brons\u00e5ldersh\u00f6garna. H\u00e4r \u00e4r det gott om bes\u00f6kare, b\u00e5de v\u00e4gvisning och informationsskylt finns.<\/p>\n\n\n\n<p class=\"wp-block-paragraph\">Men &#8211; n\u00e4r jag g\u00e5r stigen \u00e5t sydost d\u00e4rifr\u00e5n, p\u00e5 v\u00e4g hem mot Forshaga, passerar jag en h\u00f6jd intill stigen och det angr\u00e4nsande hygget. D\u00e4r i all anonymitet, mitt emellan \u00c4tter\u00f6sera och Nord\u00e4ngen, ligger en gammal stens\u00e4ttning. En grav som borde f\u00e5 sin skylt och v\u00e4gvisning \u00e4ven den. S\u00e4rskilt som den ligger alldeles intill stigen som m\u00e5nga fler \u00e4n jag g\u00e5r n\u00e4r de varit vid \u00c4tter\u00f6sera och fikat.<\/p>\n\n\n\n<p class=\"wp-block-paragraph\">Jag vet inte vem som borde ta ansvar f\u00f6r att skylta upp och informera om stens\u00e4ttningen. Kanske b\u00e5de hembygdsf\u00f6reningen och kommunen?<\/p>\n\n\n\n<p class=\"wp-block-paragraph\">V\u00e4nliga h\u00e4lsningar<\/p>\n\n\n\n<p class=\"wp-block-paragraph\"><strong><em>Sven-Ove Svensson<br><\/em><\/strong><em>Forshaga<\/em><\/p>\n\n\n\n<figure class=\"wp-block-image size-large\"><a href=\"https:\/\/sven-ove.nu\/wp-content\/uploads\/2024\/04\/Karta-stensattningen.png\"><img loading=\"lazy\" decoding=\"async\" width=\"1024\" height=\"913\" src=\"https:\/\/sven-ove.nu\/wp-content\/uploads\/2024\/04\/Karta-stensattningen-1024x913.png\" alt=\"\" class=\"wp-image-26456\" srcset=\"https:\/\/sven-ove.nu\/wp-content\/uploads\/2024\/04\/Karta-stensattningen-1024x913.png 1024w, https:\/\/sven-ove.nu\/wp-content\/uploads\/2024\/04\/Karta-stensattningen-300x268.png 300w, https:\/\/sven-ove.nu\/wp-content\/uploads\/2024\/04\/Karta-stensattningen-768x685.png 768w, https:\/\/sven-ove.nu\/wp-content\/uploads\/2024\/04\/Karta-stensattningen.png 1534w\" sizes=\"auto, (max-width: 1024px) 100vw, 1024px\" \/><\/a><\/figure>\n\n\n\n<p class=\"has-background wp-block-paragraph\" style=\"background-color:#b8f1b8\"><a href=\"https:\/\/sven-ove.nu\/\">Hem<\/a>&nbsp;|&nbsp;<a href=\"https:\/\/sven-ove.nu\/?page_id=170\">Om mig<\/a>&nbsp;|&nbsp;<a href=\"https:\/\/sven-ove.nu\/?page_id=1385\">Skriva &amp; prata<\/a>&nbsp;|&nbsp;<a href=\"https:\/\/sven-ove.nu\/?page_id=100\">Politik<\/a>&nbsp;|&nbsp;<a href=\"https:\/\/sven-ove.nu\/?page_id=102\">L\u00f6pa<\/a>&nbsp;|&nbsp;<a href=\"https:\/\/sven-ove.nu\/?page_id=108\">Viktor Root<\/a>&nbsp;&nbsp;<br><em>Inl\u00e4gg nr 2 350, (c) Sven-Ove Svensson (men dela g\u00e4rna<\/em>).<\/p>\n","protected":false},"excerpt":{"rendered":"<p>I dag har jag skrivit de h\u00e4r tv\u00e5 texterna. En Facebooknotis och ett brev.De h\u00e4nger ihop. Inl\u00e4gg p\u00e5 Facebook: Ibland n\u00e4r jag s\u00e4ger n\u00e5got klokt om skogen brukar folk svara att det m\u00e4rks att jag l\u00e4st Gunnar Wetterbergs \u201dTr\u00e4d\u201d. Det hade jag inte. F\u00f6rr\u00e4n nu. L\u00e4s den h\u00e4r breda, kunniga och intressanta genomg\u00e5ngen av svensk &hellip; <a href=\"https:\/\/sven-ove.nu\/?p=26454\" class=\"more-link\">Forts\u00e4tt l\u00e4sa <span class=\"screen-reader-text\">Skogsbruk p\u00e5 flera s\u00e4tt<\/span><\/a><\/p>\n","protected":false},"author":1,"featured_media":0,"comment_status":"closed","ping_status":"open","sticky":false,"template":"","format":"standard","meta":{"_crdt_document":"","_monsterinsights_skip_tracking":false,"_monsterinsights_sitenote_active":false,"_monsterinsights_sitenote_note":"","_monsterinsights_sitenote_category":0,"footnotes":""},"categories":[28,6,9,4],"tags":[8,18,14],"class_list":["post-26454","post","type-post","status-publish","format-standard","hentry","category-kreativt-folk","category-natur","category-politik","category-skrivande","tag-historia","tag-lardomar","tag-lasning"],"_links":{"self":[{"href":"https:\/\/sven-ove.nu\/index.php?rest_route=\/wp\/v2\/posts\/26454","targetHints":{"allow":["GET"]}}],"collection":[{"href":"https:\/\/sven-ove.nu\/index.php?rest_route=\/wp\/v2\/posts"}],"about":[{"href":"https:\/\/sven-ove.nu\/index.php?rest_route=\/wp\/v2\/types\/post"}],"author":[{"embeddable":true,"href":"https:\/\/sven-ove.nu\/index.php?rest_route=\/wp\/v2\/users\/1"}],"replies":[{"embeddable":true,"href":"https:\/\/sven-ove.nu\/index.php?rest_route=%2Fwp%2Fv2%2Fcomments&post=26454"}],"version-history":[{"count":5,"href":"https:\/\/sven-ove.nu\/index.php?rest_route=\/wp\/v2\/posts\/26454\/revisions"}],"predecessor-version":[{"id":26462,"href":"https:\/\/sven-ove.nu\/index.php?rest_route=\/wp\/v2\/posts\/26454\/revisions\/26462"}],"wp:attachment":[{"href":"https:\/\/sven-ove.nu\/index.php?rest_route=%2Fwp%2Fv2%2Fmedia&parent=26454"}],"wp:term":[{"taxonomy":"category","embeddable":true,"href":"https:\/\/sven-ove.nu\/index.php?rest_route=%2Fwp%2Fv2%2Fcategories&post=26454"},{"taxonomy":"post_tag","embeddable":true,"href":"https:\/\/sven-ove.nu\/index.php?rest_route=%2Fwp%2Fv2%2Ftags&post=26454"}],"curies":[{"name":"wp","href":"https:\/\/api.w.org\/{rel}","templated":true}]}}