{"id":26463,"date":"2024-04-09T04:07:00","date_gmt":"2024-04-09T03:07:00","guid":{"rendered":"https:\/\/sven-ove.nu\/?p=26463"},"modified":"2024-04-07T09:13:58","modified_gmt":"2024-04-07T08:13:58","slug":"molkoms-demokrati","status":"publish","type":"post","link":"https:\/\/sven-ove.nu\/?p=26463","title":{"rendered":"Molkoms-demokrati"},"content":{"rendered":"\n<figure class=\"wp-block-image size-full\"><a href=\"https:\/\/sven-ove.nu\/wp-content\/uploads\/2024\/04\/Barnhemmet.jpeg\"><img loading=\"lazy\" decoding=\"async\" width=\"997\" height=\"842\" src=\"https:\/\/sven-ove.nu\/wp-content\/uploads\/2024\/04\/Barnhemmet.jpeg\" alt=\"\" class=\"wp-image-26464\" srcset=\"https:\/\/sven-ove.nu\/wp-content\/uploads\/2024\/04\/Barnhemmet.jpeg 997w, https:\/\/sven-ove.nu\/wp-content\/uploads\/2024\/04\/Barnhemmet-300x253.jpeg 300w, https:\/\/sven-ove.nu\/wp-content\/uploads\/2024\/04\/Barnhemmet-768x649.jpeg 768w\" sizes=\"auto, (max-width: 997px) 100vw, 997px\" \/><\/a><figcaption class=\"wp-element-caption\">Screenshot<\/figcaption><\/figure>\n\n\n\n<blockquote class=\"wp-block-quote is-layout-flow wp-block-quote-is-layout-flow\">\n<p class=\"wp-block-paragraph\">Det finns en grupp p\u00e5 Facebook som heter Mera Molkom. En av de b\u00e4sta fb-grupper jag vet. H\u00e4r \u00e4r tonen v\u00e4nlig och du f\u00e5r hj\u00e4lp, vare sig du hittat en f\u00f6rrymd kanin eller bor i villa och vill k\u00f6pa ved. Trevligt tycker jag, som b\u00e5de bott n\u00e5gra \u00e5r och g\u00e5tt i skola i Molkom.<\/p>\n<\/blockquote>\n\n\n\n<p class=\"has-medium-font-size wp-block-paragraph\"><strong>Crille Carlssons fr\u00e5gor:<\/strong><\/p>\n\n\n\n<p class=\"wp-block-paragraph\">F\u00f6r ett tag sedan skrev en Christian Crille Carlsson och st\u00e4llde fr\u00e5gor i gruppen:<\/p>\n\n\n\n<p class=\"wp-block-paragraph\"><em>\u201dJag har precis b\u00f6rjat jobba (n\u00e5ja, en m\u00e5nad) p\u00e5 Molkoms Fritidsg\u00e5rd. Har n\u00e5gra planer och d\u00e4rmed tv\u00e5 fr\u00e5gor:<\/em><br><em>Vilket \u00e5r startade fritidsg\u00e5rden vid korsningen Utterstigen\/Upperud?<\/em><br><em>Var den g\u00e5rden den f\u00f6rsta kommunala fritidsg\u00e5rden i Molkom eller fanns det n\u00e5gon annan f\u00f6re den?<\/em><br><em>Bonusfr\u00e5ga:<\/em><br><em>Vilka var personalen p\u00e5 ovan n\u00e4mnda fritidsg\u00e5rd? Apotekhusets och nuvarande fritidsg\u00e5rd p\u00e5 Nyeds skola har jag t\u00e4mligen bra koll p\u00e5.\u201d<\/em><\/p>\n\n\n\n<p class=\"wp-block-paragraph\">Cristian fick svar fr\u00e5n flera som jobbat p\u00e5 den f\u00f6rsta fritidsg\u00e5rden och \u00e4ven fr\u00e5n andra som k\u00e4nde till historien. Ett av svaren kom fr\u00e5n min fru.<\/p>\n\n\n\n<p class=\"has-medium-font-size wp-block-paragraph\"><strong>Min frus svar till Crille:<\/strong><\/p>\n\n\n\n<p class=\"wp-block-paragraph\"><em>\u201d\u2019Barnhemmet\u2019<\/em><\/p>\n\n\n\n<p class=\"wp-block-paragraph\"><em>Det b\u00f6rjade n\u00e5n g\u00e5ng runt -67 tror jag. Jag och min kompis Eva-Lena hade g\u00e5tt d\u00e4r i l\u00e5gstadiet, min pappa Erland hade tillsynen av v\u00e4rmen i huset och ibland f\u00f6ljde vi med honom. Det gamla huset lockade.<\/em><\/p>\n\n\n\n<p class=\"wp-block-paragraph\"><em>Liksom m\u00e5nga andra i Molkom var vi med i URK (Ungdomens R\u00f6da Kors), \u00e5kte p\u00e5 l\u00e4ger och gick kurser i \u2019F\u00f6rsta hj\u00e4lpen\u2019 mm. V\u00e5r ledare var Ulla Wigler som ocks\u00e5 hade m\u00e5nga andra id\u00e9er. D\u00e5 h\u00f6ll vi mest till i en k\u00e4llarlokal p\u00e5 Graningeskolan men ville ha n\u00e5got mysigare.<\/em><\/p>\n\n\n\n<p class=\"wp-block-paragraph\"><em>Ofta fick vi s\u00e4llskap av Sven \u2019Mygga\u2019 Jansson, Nyeds kommunordf\u00f6rande n\u00e4r vi var p\u00e5 v\u00e4g till skolan och han till kommunkontoret.<\/em><\/p>\n\n\n\n<p class=\"wp-block-paragraph\"><em>&#8211; Kan vi inte f\u00e5 vara i \u2019Barnhemmet\u2019 med URK, det \u00e4r ju uppv\u00e4rmt och st\u00e5r bara tomt? Vi kan m\u00e5la och g\u00f6ra det fint sj\u00e4lva. Efter n\u00e5gra \u00f6vertalningsf\u00f6rs\u00f6k gav &#8217;Mygga&#8217; med sej och vi fick! Men fler f\u00f6reningar skulle ocks\u00e5 f\u00e5 vara d\u00e4r, bl.a. skytteklubben. Vi fick f\u00e4rg och s\u00e5nt av kommunen, gr\u00f6nt och gammalrosa minns jag och URK fixade till det nord\u00f6stra rummet p\u00e5 \u00f6verv\u00e5ningen. Vi fikade nere i gamla skolmatsalen, fler verksamheter flyttade in och n\u00e4r Nyeds kommun slogs samman med Karlstad blev det kommunal fritidsg\u00e5rd. Min mamma jobbade i fiket under n\u00e5gra \u00e5r.\u201d<\/em><\/p>\n\n\n\n<p class=\"wp-block-paragraph\">En underbar bild av demokratin f\u00f6rr p\u00e5 en liten ort. Alla k\u00e4nde kommunalordf\u00f6randen. Hade ni som 14-\u00e5ringar \u00e4nd\u00e5 s\u00e4llskap med honom n\u00e4r ni gick till skolan, s\u00e5 var det ju lika bra att fr\u00e5ga.<\/p>\n\n\n\n<p class=\"wp-block-paragraph\">Hans eftertr\u00e4dare rev \u201dBarnhemmet\u201d. Ett beslut man kunde skriva en roman om.<\/p>\n\n\n\n<p class=\"has-text-align-right wp-block-paragraph\"><em>Bilden p\u00e5 \u201dBarnhemmet\u201d \u00e4r fr\u00e5n ett tidningsurklipp <\/em><br><em>om den lokala mc-klubben Rajders MC.<\/em><\/p>\n\n\n\n<p class=\"has-background wp-block-paragraph\" style=\"background-color:#f3b4b4\"><a href=\"https:\/\/sven-ove.nu\/\">Hem<\/a>&nbsp;|&nbsp;<a href=\"https:\/\/sven-ove.nu\/?page_id=170\">Om mig<\/a>&nbsp;|&nbsp;<a href=\"https:\/\/sven-ove.nu\/?page_id=1385\">Skriva &amp; prata<\/a>&nbsp;|&nbsp;<a href=\"https:\/\/sven-ove.nu\/?page_id=100\">Politik<\/a>&nbsp;|&nbsp;<a href=\"https:\/\/sven-ove.nu\/?page_id=102\">L\u00f6pa<\/a>&nbsp;|&nbsp;<a href=\"https:\/\/sven-ove.nu\/?page_id=108\">Viktor Root<\/a>&nbsp;&nbsp;<br><em>Inl\u00e4gg nr 2 351, (c) Sven-Ove Svensson (men dela g\u00e4rna<\/em>).<\/p>\n","protected":false},"excerpt":{"rendered":"<p>Det finns en grupp p\u00e5 Facebook som heter Mera Molkom. En av de b\u00e4sta fb-grupper jag vet. H\u00e4r \u00e4r tonen v\u00e4nlig och du f\u00e5r hj\u00e4lp, vare sig du hittat en f\u00f6rrymd kanin eller bor i villa och vill k\u00f6pa ved. Trevligt tycker jag, som b\u00e5de bott n\u00e5gra \u00e5r och g\u00e5tt i skola i Molkom. Crille &hellip; <a href=\"https:\/\/sven-ove.nu\/?p=26463\" class=\"more-link\">Forts\u00e4tt l\u00e4sa <span class=\"screen-reader-text\">Molkoms-demokrati<\/span><\/a><\/p>\n","protected":false},"author":1,"featured_media":0,"comment_status":"closed","ping_status":"open","sticky":false,"template":"","format":"standard","meta":{"_crdt_document":"","_monsterinsights_skip_tracking":false,"_monsterinsights_sitenote_active":false,"_monsterinsights_sitenote_note":"","_monsterinsights_sitenote_category":0,"footnotes":""},"categories":[10,28,9],"tags":[8,24,18,14,17],"class_list":["post-26463","post","type-post","status-publish","format-standard","hentry","category-familjen","category-kreativt-folk","category-politik","tag-historia","tag-karlek","tag-lardomar","tag-lasning","tag-solidaritet"],"_links":{"self":[{"href":"https:\/\/sven-ove.nu\/index.php?rest_route=\/wp\/v2\/posts\/26463","targetHints":{"allow":["GET"]}}],"collection":[{"href":"https:\/\/sven-ove.nu\/index.php?rest_route=\/wp\/v2\/posts"}],"about":[{"href":"https:\/\/sven-ove.nu\/index.php?rest_route=\/wp\/v2\/types\/post"}],"author":[{"embeddable":true,"href":"https:\/\/sven-ove.nu\/index.php?rest_route=\/wp\/v2\/users\/1"}],"replies":[{"embeddable":true,"href":"https:\/\/sven-ove.nu\/index.php?rest_route=%2Fwp%2Fv2%2Fcomments&post=26463"}],"version-history":[{"count":3,"href":"https:\/\/sven-ove.nu\/index.php?rest_route=\/wp\/v2\/posts\/26463\/revisions"}],"predecessor-version":[{"id":26467,"href":"https:\/\/sven-ove.nu\/index.php?rest_route=\/wp\/v2\/posts\/26463\/revisions\/26467"}],"wp:attachment":[{"href":"https:\/\/sven-ove.nu\/index.php?rest_route=%2Fwp%2Fv2%2Fmedia&parent=26463"}],"wp:term":[{"taxonomy":"category","embeddable":true,"href":"https:\/\/sven-ove.nu\/index.php?rest_route=%2Fwp%2Fv2%2Fcategories&post=26463"},{"taxonomy":"post_tag","embeddable":true,"href":"https:\/\/sven-ove.nu\/index.php?rest_route=%2Fwp%2Fv2%2Ftags&post=26463"}],"curies":[{"name":"wp","href":"https:\/\/api.w.org\/{rel}","templated":true}]}}