{"id":26469,"date":"2024-04-24T04:33:00","date_gmt":"2024-04-24T03:33:00","guid":{"rendered":"https:\/\/sven-ove.nu\/?p=26469"},"modified":"2024-04-23T22:57:51","modified_gmt":"2024-04-23T21:57:51","slug":"vuxenvarning-och-konspirationer","status":"publish","type":"post","link":"https:\/\/sven-ove.nu\/?p=26469","title":{"rendered":"Vuxenvarning och konspirationer"},"content":{"rendered":"\n<figure class=\"wp-block-image size-full\"><a href=\"https:\/\/sven-ove.nu\/wp-content\/uploads\/2024\/04\/Tal-666.jpg\"><img loading=\"lazy\" decoding=\"async\" width=\"1010\" height=\"516\" src=\"https:\/\/sven-ove.nu\/wp-content\/uploads\/2024\/04\/Tal-666.jpg\" alt=\"\" class=\"wp-image-26470\" srcset=\"https:\/\/sven-ove.nu\/wp-content\/uploads\/2024\/04\/Tal-666.jpg 1010w, https:\/\/sven-ove.nu\/wp-content\/uploads\/2024\/04\/Tal-666-300x153.jpg 300w, https:\/\/sven-ove.nu\/wp-content\/uploads\/2024\/04\/Tal-666-768x392.jpg 768w\" sizes=\"auto, (max-width: 1010px) 100vw, 1010px\" \/><\/a><\/figure>\n\n\n\n<blockquote class=\"wp-block-quote is-layout-flow wp-block-quote-is-layout-flow\">\n<p class=\"wp-block-paragraph\">Livet rullar p\u00e5. Krig i v\u00e5r n\u00e4rhet, v\u00e5r i v\u00e5r n\u00e4rhet, b\u00f6cker att l\u00e4sa, rundor att runda, texter att skriva, \u00e4lgar p\u00e5 tv. Stundom en och annan vuxenvarning.<\/p>\n<\/blockquote>\n\n\n\n<p class=\"wp-block-paragraph\">I helgen inf\u00f6ll en av dessa vuxenvarningar. En som f\u00e5r oss sj\u00e4lva att k\u00e4nna oss vuxna vill s\u00e4ga. N\u00e5gon g\u00e5ng ska v\u00e4l \u00e4ven vi v\u00e4xa upp.<\/p>\n\n\n\n<p class=\"wp-block-paragraph\">D\u00e5 konfirmerades barnbarn nummer tre.<\/p>\n\n\n\n<p class=\"wp-block-paragraph\">N\u00e4r ett trettiotal ungdomar frimodigt st\u00e5r framme p\u00e5 scenen i vita k\u00e5por och redovisar texter de skrivit, t\u00e4nker jag p\u00e5 min egen konfirmation. Den g\u00e5ngen var det sannerligen inte vi sj\u00e4lva som t\u00e4nkt och skrivit orden. Verkligen ingen frimodighet n\u00e4r f\u00f6rh\u00f6ret i kyrkb\u00e4nkarna satte in.<\/p>\n\n\n\n<p class=\"wp-block-paragraph\"><strong>Ett f\u00f6rbjudet fniss<\/strong><br>Jag har allts\u00e5 varit p\u00e5 tre konfirmationsh\u00f6gtider de senaste \u00e5ren. Ingen g\u00e5ng har det varit n\u00e5got skr\u00e4mt f\u00f6rh\u00f6r, s\u00e5 som n\u00e4r vi blev f\u00f6rh\u00f6rda av pr\u00e4sten. D\u00e4remot har det skrattats.<\/p>\n\n\n\n<p class=\"wp-block-paragraph\">K\u00e4ra n\u00e5n, vi skrattade bara enda g\u00e5ng p\u00e5 v\u00e5r tid. Det var n\u00e4r vi nerv\u00f6st l\u00e5g p\u00e5 kn\u00e4 framme vid koret med skosulorna mot f\u00f6rsamlingen och en i gruppen b\u00f6rjade fnissa av nervositet. Snart delade hela gruppen hans f\u00f6rbjudna fniss.<\/p>\n\n\n\n<p class=\"wp-block-paragraph\"><strong>D\u00e5 fick vi g\u00e5 till parken<\/strong><br>Vid festen efter\u00e5t i friluftsg\u00e5rden ber\u00e4ttar jag f\u00f6r de unga hur det var 1966. Vi hade inga vita k\u00e5por, killarna hade m\u00f6rk kostym och tjejerna vita kl\u00e4nningar. N\u00e4r konfirmation och nattvard var avklarade fick jag lov att g\u00e5 till folkparken f\u00f6rsta g\u00e5ngen.<\/p>\n\n\n\n<p class=\"wp-block-paragraph\">F\u00f6rsta helgen i parken bar jag min bruna konfirmationskostym. Helgen d\u00e4rp\u00e5 var det slut med det. Beatles och ungdomskulturen hade slagit till, nu var det rutiga byxor, vinr\u00f6da mockaboots och vinr\u00f6d polo som g\u00e4llde.<\/p>\n\n\n\n<p class=\"wp-block-paragraph\">Efter n\u00e5gra helger var bootsen slitna ovanp\u00e5 t\u00e5rna av pedalerna p\u00e5 min Fram King Solifer. Det g\u00f6r ingenting. Det var den mopeden som s\u00e5g till att jag blev gift.<\/p>\n\n\n\n<p class=\"wp-block-paragraph\"><strong>Konspiratorisk h\u00f6jdpunkt<\/strong><br>P\u00e5 m\u00e5ndagen \u00e4r vi hemma i Forshaga igen. D\u00e5 \u00e5ker jag p\u00e5 m\u00f6te i stan om det fria ordet. Inledningstalaren \u00e4r ny f\u00f6r mig. H\u00f6jdpunkten p\u00e5 hennes konspiratoriska anf\u00f6rande \u00e4r n\u00e4r hon triumferande visar den nya terroristlagens ordningsnummer \u00e5r 2022.<\/p>\n\n\n\n<p class=\"wp-block-paragraph\">Dj\u00e4vulens tal.<br>666.<\/p>\n\n\n\n<p class=\"wp-block-paragraph\">Tyst tyst t\u00e4nker jag p\u00e5 vad en v\u00e4n brukar s\u00e4ga s\u00e5dana g\u00e5nger:<br>&#8211; K\u00e4re Gud Schl\u00e4pp \u00e4tter\u2026<\/p>\n\n\n\n<p class=\"has-light-pink-background-color has-background wp-block-paragraph\"><a href=\"https:\/\/sven-ove.nu\/\">Hem<\/a>&nbsp;|&nbsp;<a href=\"https:\/\/sven-ove.nu\/?page_id=170\">Om mig<\/a>&nbsp;|&nbsp;<a href=\"https:\/\/sven-ove.nu\/?page_id=1385\">Skriva &amp; prata<\/a>&nbsp;|&nbsp;<a href=\"https:\/\/sven-ove.nu\/?page_id=100\">Politik<\/a>&nbsp;|&nbsp;<a href=\"https:\/\/sven-ove.nu\/?page_id=102\">L\u00f6pa<\/a>&nbsp;|&nbsp;<a href=\"https:\/\/sven-ove.nu\/?page_id=108\">Viktor Root<\/a>&nbsp;&nbsp;<br><em>Inl\u00e4gg nr 2 352, (c) Sven-Ove Svensson (men dela g\u00e4rna<\/em>).<\/p>\n","protected":false},"excerpt":{"rendered":"<p>Livet rullar p\u00e5. Krig i v\u00e5r n\u00e4rhet, v\u00e5r i v\u00e5r n\u00e4rhet, b\u00f6cker att l\u00e4sa, rundor att runda, texter att skriva, \u00e4lgar p\u00e5 tv. Stundom en och annan vuxenvarning. I helgen inf\u00f6ll en av dessa vuxenvarningar. En som f\u00e5r oss sj\u00e4lva att k\u00e4nna oss vuxna vill s\u00e4ga. N\u00e5gon g\u00e5ng ska v\u00e4l \u00e4ven vi v\u00e4xa upp. D\u00e5 &hellip; <a href=\"https:\/\/sven-ove.nu\/?p=26469\" class=\"more-link\">Forts\u00e4tt l\u00e4sa <span class=\"screen-reader-text\">Vuxenvarning och konspirationer<\/span><\/a><\/p>\n","protected":false},"author":1,"featured_media":0,"comment_status":"closed","ping_status":"open","sticky":false,"template":"","format":"standard","meta":{"_crdt_document":"","_monsterinsights_skip_tracking":false,"_monsterinsights_sitenote_active":false,"_monsterinsights_sitenote_note":"","_monsterinsights_sitenote_category":0,"footnotes":""},"categories":[10,28,9,4],"tags":[16,8,24,18,21],"class_list":["post-26469","post","type-post","status-publish","format-standard","hentry","category-familjen","category-kreativt-folk","category-politik","category-skrivande","tag-dumheter","tag-historia","tag-karlek","tag-lardomar","tag-ord"],"_links":{"self":[{"href":"https:\/\/sven-ove.nu\/index.php?rest_route=\/wp\/v2\/posts\/26469","targetHints":{"allow":["GET"]}}],"collection":[{"href":"https:\/\/sven-ove.nu\/index.php?rest_route=\/wp\/v2\/posts"}],"about":[{"href":"https:\/\/sven-ove.nu\/index.php?rest_route=\/wp\/v2\/types\/post"}],"author":[{"embeddable":true,"href":"https:\/\/sven-ove.nu\/index.php?rest_route=\/wp\/v2\/users\/1"}],"replies":[{"embeddable":true,"href":"https:\/\/sven-ove.nu\/index.php?rest_route=%2Fwp%2Fv2%2Fcomments&post=26469"}],"version-history":[{"count":7,"href":"https:\/\/sven-ove.nu\/index.php?rest_route=\/wp\/v2\/posts\/26469\/revisions"}],"predecessor-version":[{"id":26477,"href":"https:\/\/sven-ove.nu\/index.php?rest_route=\/wp\/v2\/posts\/26469\/revisions\/26477"}],"wp:attachment":[{"href":"https:\/\/sven-ove.nu\/index.php?rest_route=%2Fwp%2Fv2%2Fmedia&parent=26469"}],"wp:term":[{"taxonomy":"category","embeddable":true,"href":"https:\/\/sven-ove.nu\/index.php?rest_route=%2Fwp%2Fv2%2Fcategories&post=26469"},{"taxonomy":"post_tag","embeddable":true,"href":"https:\/\/sven-ove.nu\/index.php?rest_route=%2Fwp%2Fv2%2Ftags&post=26469"}],"curies":[{"name":"wp","href":"https:\/\/api.w.org\/{rel}","templated":true}]}}