{"id":26479,"date":"2024-04-30T04:08:00","date_gmt":"2024-04-30T03:08:00","guid":{"rendered":"https:\/\/sven-ove.nu\/?p=26479"},"modified":"2024-04-29T08:15:38","modified_gmt":"2024-04-29T07:15:38","slug":"senast-lasta-bok-ganger-tva","status":"publish","type":"post","link":"https:\/\/sven-ove.nu\/?p=26479","title":{"rendered":"Senast l\u00e4sta bok g\u00e5nger tv\u00e5"},"content":{"rendered":"\n<figure class=\"wp-block-image size-large\"><a href=\"https:\/\/sven-ove.nu\/wp-content\/uploads\/2024\/04\/Brev-och-Vag-kommer-scaled.jpeg\"><img loading=\"lazy\" decoding=\"async\" width=\"1024\" height=\"760\" src=\"https:\/\/sven-ove.nu\/wp-content\/uploads\/2024\/04\/Brev-och-Vag-kommer-1024x760.jpeg\" alt=\"\" class=\"wp-image-26480\" srcset=\"https:\/\/sven-ove.nu\/wp-content\/uploads\/2024\/04\/Brev-och-Vag-kommer-1024x760.jpeg 1024w, https:\/\/sven-ove.nu\/wp-content\/uploads\/2024\/04\/Brev-och-Vag-kommer-300x223.jpeg 300w, https:\/\/sven-ove.nu\/wp-content\/uploads\/2024\/04\/Brev-och-Vag-kommer-768x570.jpeg 768w, https:\/\/sven-ove.nu\/wp-content\/uploads\/2024\/04\/Brev-och-Vag-kommer-1536x1140.jpeg 1536w, https:\/\/sven-ove.nu\/wp-content\/uploads\/2024\/04\/Brev-och-Vag-kommer-2048x1520.jpeg 2048w\" sizes=\"auto, (max-width: 1024px) 100vw, 1024px\" \/><\/a><\/figure>\n\n\n\n<blockquote class=\"wp-block-quote is-layout-flow wp-block-quote-is-layout-flow\">\n<p class=\"wp-block-paragraph\">Senast l\u00e4sta bok brukade vi fr\u00e5ga v\u00e5ra intervjuoffer f\u00f6rr. Mitt svar i dag \u00e4r \u201dV\u00e5g kommer\u201d och \u201dBrev\u201d. B\u00e5da \u00e4r bra och l\u00e4sv\u00e4rda.<\/p>\n<\/blockquote>\n\n\n\n<p class=\"wp-block-paragraph\">F\u00f6r n\u00e5gra dagar sedan var jag p\u00e5 Litteraturquiz f\u00f6r f\u00f6rsta g\u00e5ngen i mitt liv. Forshaga bibliotek arrangerade, fr\u00e5gorna var intressanta, lagen fick som mest best\u00e5 av fyra personer och hela tillst\u00e4llningen var trivsam.<\/p>\n\n\n\n<p class=\"wp-block-paragraph\">Det var bara ett litet problem. Jag l\u00e4ser en hel del men \u00e4r usel p\u00e5 att komma ih\u00e5g titlar och f\u00f6rfattare.<\/p>\n\n\n\n<p class=\"wp-block-paragraph\">Sj\u00f6wall-Wahl\u00f6s deckare kom upp. Jo d\u00e5, jag har l\u00e4st alla, fast tydligen minns jag inte titlarna p\u00e5 de mindre k\u00e4nda av dem.<br>Boken om paret som vi f\u00e5r f\u00f6lja under en viss dag varje \u00e5r i 20 \u00e5r. \u00c4ven den har jag l\u00e4st. Men vad heter boken och f\u00f6rfattaren?<br>Den lilla bokhandeln runt h\u00f6rnet k\u00e4nns bekant. Inte minns jag f\u00f6rfattarens namn f\u00f6r det.<\/p>\n\n\n\n<p class=\"wp-block-paragraph\">V\u00e5rt lag kom n\u00e4st sist. Nu finns det bara ett s\u00e4tt att g\u00e5 vidare med livet. Att inte ge tappt.<\/p>\n\n\n\n<p class=\"wp-block-paragraph\"><strong>\u00d6rnar och v\u00e5gor<\/strong><br><strong>Sven-Erik Karlsson<\/strong> respektive Mats Parner &amp; Stefan S Widqvist. De namnen kommer jag d\u00e4remot ih\u00e5g.<\/p>\n\n\n\n<p class=\"wp-block-paragraph\">Sven-Erik i Gustavsfors utanf\u00f6r Hagfors fick F\u00f6reningen V\u00e4rmlandslitteraturs debutantstipendium f\u00f6r \u00e5r 2020. D\u00e5 hade han vid 79 \u00e5rs \u00e5lder gett ut sin allra f\u00f6rsta bok, den fina och kritiska naturskildringen <strong>\u00d6rn\u00f6gon<\/strong>. S\u00e5 h\u00e4r skriver juryn i motiveringen:<\/p>\n\n\n\n<p class=\"wp-block-paragraph\"><em>\u201dMed kaffetermos, sm\u00f6rg\u00e5sar och den gamle hunden f\u00e5r l\u00e4saren f\u00f6lja med ut i skogen. I v\u00e4xlande v\u00e4der vandrar och skidar f\u00f6rfattaren \u00f6ver hyggen, myrar och berg och sk\u00e5dar naturens, djurens och f\u00e5gellivets fascinerande v\u00e4rld. Upplevelserna skildras i dagboksform i poetiska, filosofiska och samh\u00e4llskritiska tankar, alltifr\u00e5n sorgen inf\u00f6r skogssk\u00f6vlingen och timmerbilarna som k\u00f6r f\u00f6rbi till den stora lyckan att f\u00e5 m\u00f6ta \u00f6rnens blick.\u201d<\/em><\/p>\n\n\n\n<p class=\"wp-block-paragraph\">N\u00e4r jag var p\u00e5 den nya pigga bokfestivalen i Hagfors f\u00f6r en tid sedan bytte vi b\u00f6cker. Zeke fick min senaste, jag fick hans. <strong>V\u00e5g kommer<\/strong> fr\u00e5n 2022 \u00e4r ber\u00e4ttelsen om hur han hoppar av gymnasiet och g\u00e5r till sj\u00f6ss.<\/p>\n\n\n\n<p class=\"wp-block-paragraph\"><strong>L\u00e4ngst ner i hierarkin<\/strong><br>Jag tyckte mycket om \u00d6rn\u00f6gon. \u00c4ven sj\u00f6mansboken \u00e4r bra. Den unge Sven-Erik har f\u00f6ljt b\u00e5tarna som lagt till i \u00c5m\u00e5ls hamn hela sin barndom. Nu tar han jobb som m\u00e4sskalle p\u00e5 en av dem. Ahlmarksb\u00e5ten M\/S Alstern g\u00e5r mellan V\u00e4nern och olika hamnar i Holland och p\u00e5 andra h\u00e5ll.<\/p>\n\n\n\n<p class=\"wp-block-paragraph\">Delfzijl \u00e4r en stad jag inte visste fanns, nu hittar jag den p\u00e5 kartan. D\u00e4r har allts\u00e5 NWT:s forne lokalredakt\u00f6r i Hagfors seglat in tillsammans med 14 andra sj\u00f6m\u00e4n lastade med papper fr\u00e5n Gruv\u00f6ns bruk.<\/p>\n\n\n\n<p class=\"wp-block-paragraph\">Sven-Erik sj\u00e4lv \u00e4r huvudperson i boken men p\u00e5 Alstern st\u00e5r han l\u00e4ngst ner i hierarkin. Stewarden r\u00f6ker kilometerl\u00e5nga Pall Mall, kocken avskyr vitl\u00f6k, maskinisten \u00e4r ilsken, motormannen kan inte g\u00e5 i pension hur han \u00e4n f\u00f6rs\u00f6ker, en matros vill hellre hem till g\u00e5rden och k\u00f6ra traktor och kaptenen som seglat p\u00e5 l\u00e4gre rutter vill numera ha n\u00e4ra hem.<\/p>\n\n\n\n<p class=\"wp-block-paragraph\"><strong>D\u00e5 bockar stewarden<\/strong><br>Allra tydligast blir klassamh\u00e4llet i det kapitel som b\u00f6rjar s\u00e5 h\u00e4r:<\/p>\n\n\n\n<p class=\"wp-block-paragraph\">&#8221;<em>M\/S Alstern \u00e4r lastad med pappersrullar vid Gruv\u00f6ns bruk.<\/em><br><em>Strax innan avg\u00e5ng kommer en bil rullande fram till landg\u00e5ngen. En bl\u00e4nkande Mercedes.<\/em><br><em>Ett medel\u00e5lders par kliver ur och en hund, en v\u00e4lfrissad pudel spatserar h\u00f6gf\u00e4rdigt runt husse och matte.<\/em><\/p>\n\n\n\n<p class=\"wp-block-paragraph\"><em>Ur baks\u00e4tet stiger en kille, tvekande, som om han tycker att det h\u00e4r \u00e4r ingen bra id\u00e9.<\/em><br><em>Det \u00e4r n\u00e5got bekant \u00f6ver honom, men \u00e4nd\u00e5 sv\u00e5rplacerad.<\/em><br><em>Den jag t\u00e4nker p\u00e5 brukar vara mer kaxig, jag har nog f\u00f6rv\u00e4xlat person.<\/em><\/p>\n\n\n\n<p class=\"wp-block-paragraph\"><em>Ur bilens baklucka plockas n\u00e5gra v\u00e4skor, samtidigt som Samuelsson, stewarden, springer ner f\u00f6r lejdaren, tv\u00e4rbromsar bockande och bugande framf\u00f6r det medel\u00e5lders paret.<\/em>&#8221;<\/p>\n\n\n\n<p class=\"wp-block-paragraph\">Pappersbruket har n\u00e4ra aff\u00e4rer med rederiet. Killen \u00e4r son till en Billerudsdirekt\u00f6r och ska p\u00e5 spr\u00e5kkurs, s\u00e5 nu \u00e5ker han gratis med rederiet.<\/p>\n\n\n\n<p class=\"wp-block-paragraph\">&#8221;<em>&#8211; De d\u00e4r \u00f6verklasskillarna brukar g\u00e5 p\u00e5 gymnasiet hemma i \u00c5m\u00e5l. Tyckte att jag k\u00e4nde igen honom.<\/em><br><em>&#8211; Visst, s\u00e4ger Samuelsson. Har du problem med det? I vilket fall ska du passa upp honom. Servera frukost, lunch och middag och uppfylla andra sm\u00e5 \u00f6nskem\u00e5l som kan dyka upp.<\/em><\/p>\n\n\n\n<p class=\"wp-block-paragraph\"><em>Fan i helvete, t\u00e4nker jag.<\/em>&#8221;<\/p>\n\n\n\n<p class=\"wp-block-paragraph\">Direkt\u00f6rssonen \u00e4r sj\u00f6sjuk mest hela resan. Jobbet att passa upp p\u00e5 honom blir inte betungande. Men minnet sitter kvar.<\/p>\n\n\n\n<p class=\"wp-block-paragraph\">Det \u00e4r ett bra sj\u00f6luffarreportage han har skrivit, den gode Zeke. Havet st\u00e4nker salt. Ibland \u00e4r V\u00e4nern lugn, ibland vresig. Ibland p\u00e5minns vi om de tusentals vraken p\u00e5 V\u00e4nerns botten. Eller om Alsterns systerfartyg Yngen som f\u00f6rliste i en vinterstorm utanf\u00f6r \u00d6lands s\u00f6dra udde. D\u00e5 var hon omd\u00f6pt till M\/S \u00d6stanhav och tv\u00e5 man f\u00f6ljde henne i djupet.<\/p>\n\n\n\n<p class=\"wp-block-paragraph\">V\u00e4lskrivet och initierat, Sven-Erik!<\/p>\n\n\n\n<p class=\"wp-block-paragraph\"><strong>Tv\u00e5 herrar i Karlstad v\u00e4xlar brev<\/strong><br><strong>Mats Parner<\/strong> och <strong>Stefan Widqvist <\/strong>\u00e4r tv\u00e5 skrivande v\u00e4nner och v\u00e4nsterdebatt\u00f6rer i Karlstad som brukar tr\u00e4ffas, \u00e4ta lunch och utbyta tankar. En dag best\u00e4mmer de sig f\u00f6r att b\u00f6rja skriva brev till varandra.<\/p>\n\n\n\n<p class=\"wp-block-paragraph\">Inte mejl. Inte sms. Inte blogginl\u00e4gg, messengermeddelanden eller n\u00e5gon annan sorts elektrisk f\u00f6rs\u00e4ndelse. Nej, pappersbrev.<\/p>\n\n\n\n<p class=\"wp-block-paragraph\">Nu har de samlat dessa brev i en bok om livet och v\u00e4rlden h\u00f6sten 2023 och vintern 2024.<\/p>\n\n\n\n<p class=\"wp-block-paragraph\">En g\u00e5ng, de sp\u00e4nnande \u00e5ren kring 1968, hade de b\u00e5da olika syn p\u00e5 somligt, om jag inte minns fel. Numera \u00e4r skillnaderna mindre, \u00e4ven om de skymtar fram n\u00e4r det g\u00e4ller Ukraina. Breven pendlar fr\u00e5n stort till sm\u00e5tt, mest stort, f\u00f6r detta \u00e4r tv\u00e5 \u00e4ldre bildade herrar med n\u00e4ra till politik och id\u00e9historia. Inneh\u00e5llsf\u00f6rteckningen \u00e4r talande nog och ber\u00e4ttar om de tv\u00e5 skribenternas personligheter, intressen och tankev\u00e4rld:<\/p>\n\n\n\n<p class=\"wp-block-paragraph\"><em>En klaustrofobisk k\u00e4nsla sprider sig allt starkare.<\/em><br><em>Fotboll \u00e4r mer \u00e4n ett spel.<\/em><br><em>En stingslig f\u00f6rbundskapten mumlar apologetiskt.<\/em><br><em>Solig h\u00f6stdag i oktober pladdrar h\u00e4mnden framf\u00f6r mina \u00f6gon.<\/em><br><em>Som pisksn\u00e4rtar minnande om s\u00e4lltr\u00e4ets h\u00e5rda sm\u00e4llar.<\/em><br><em>\u201dJag \u00e4r ingen marxist! Systemkritiska verklighetstolkningar beh\u00f6ver samverka f\u00f6r en j\u00e4mlik v\u00e4rld s\u00e5 att kapitalismen p\u00e5 allvar kan utmanas\u201d.<\/em><br><em>Byn Kinampanda och Mama Eliza i Nyereres Tanzania.<\/em><br><em>En v\u00e4rld av of\u00e4rd och pl\u00e5ga, vad kan omtanke vara?<\/em><br><em>Nu lyfter jag fram Mikolaj, Kolja, Sacha och Vanja i ljuset.<\/em><br><em>Statyer reses av monarker, politiker och idrottsm\u00e4n &#8211; historiebruket som f\u00f6rmedlar det politiska budskapet.<\/em><br><em>En bildad herre utgjuter sig om nyt\u00f6ntighet och allm\u00e4nnare slafs.<\/em><br><em>Den m\u00e4nskliga s\u00e4kerheten har satts ur spel i den allt aggressivare politiken mot fr\u00e4mlingen fr\u00e5n Afrika och Asien.<\/em><br><em>Tr\u00f6ttk\u00f6rd beg\u00e4r jag nu timeout och f\u00f6rbereder slutvarven.<\/em><br><em>Dagens h\u00e4ndelser och dessas historiska bakgrund.<\/em><br><em>En yngling med grandios sj\u00e4lvsyn och s\u00e4regen \u00f6vertygelse.<\/em><br><em>Jag kallar mig social demokrat\u2026 inte socialdemokrat\u2026 varf\u00f6r d\u00e5?<\/em><br><em>En ny stad utanf\u00f6r mitt f\u00f6nster och en livaktig FNL-grupp.<\/em><br><em>Kroppen som f\u00f6rsvann \u2013 jag \u00e4r min kropp.<\/em><br><em>Pl\u00f6tsliga andningsproblem och ett ov\u00e4ntat telefonsamtal.<\/em><br><em>Vilka m\u00e5tt och steg beh\u00f6ver tas?<\/em><\/p>\n\n\n\n<p class=\"wp-block-paragraph\"><strong>Karl Marx, 68 och klimatet<\/strong><br>Jag har stort utbyte \u00e4ven av denna bok. Ena stunden bjuder Parner p\u00e5 Degerfors sexpo\u00e4ngsmatch mot Sirius l\u00e5ngt borta fr\u00e5n Stora Valla, n\u00e4sta \u00f6gonblick \u00e4r han i en n\u00e4ra by i en utkant i Afrika. Ena stunden h\u00e5ller Widqvist kurs i centraleuropeisk kultur- och id\u00e9historisk milj\u00f6 i Prag, strax d\u00e4rp\u00e5 tvingas han bli sittande framf\u00f6r sin tv i stadsdelen Viken, injagad av en sv\u00e5rvandrad Karlstadvinter.<\/p>\n\n\n\n<p class=\"wp-block-paragraph\">Widqvist:<br><em>\u201dMitt eget gl\u00e4djefyllda, solidariska \u201d68\u201d var ett s\u00f6kande efter ett nytt s\u00e4tt att leva tillsammans med en sj\u00e4lvklar f\u00f6rhoppning som bar p\u00e5 en ljusare framtid, d\u00e4r det oj\u00e4mlika samh\u00e4llet skulle f\u00f6rpassas till soptippen.<\/em><\/p>\n\n\n\n<p class=\"wp-block-paragraph\"><em>Det har nu ersatts med pessimism, men likv\u00e4l ocks\u00e5 en f\u00f6rsiktig optimism hos mig sj\u00e4lv.<\/em><\/p>\n\n\n\n<p class=\"wp-block-paragraph\"><em>V\u00e4rlden \u00e4r m\u00f6jlig att f\u00f6r\u00e4ndra trots allt.\u201d<\/em><\/p>\n\n\n\n<p class=\"wp-block-paragraph\">Parner:<br><em>\u201dDet \u00e4r inte alls s\u00e5 att jag v\u00e4nder Karl Marx ryggen. Om du har f\u00e5tt den uppfattningen, s\u00e5 \u00e4r en kraftfull dementi p\u00e5 sin plats.<\/em><\/p>\n\n\n\n<p class=\"wp-block-paragraph\"><em>Givet min egen politiska historia, och givet l\u00e4get i Sverige och i v\u00e4rlden i detta s\u00e5 onda tidevarv \u2013 det \u00e4r ofattbart ont \u2013 t\u00e4nker jag dock \u00e4gna mitt resterande krut och mina \u00e5terst\u00e5ende kulor till att bek\u00e4mpa det sverigedemokratiska el\u00e4ndet, de ryska invasionsf\u00f6rbanden samt, inte minst, de obotliga klimatf\u00f6rnekarna snarare \u00e4n att sl\u00e5 n\u00e4varna blodiga mot den kapitalism som, likt Harry Houdini, alltid tycks kapabel att bryta sig ut och bana sig ny v\u00e4g.\u201d<\/em><\/p>\n\n\n\n<p class=\"wp-block-paragraph\">Om Ukraina \u00e4r de som sagt inte helt \u00f6verens anar jag medan breven b\u00e4rs fram den snorhala karlstadvintern 2023-2024. Den oenigheten f\u00e5r du l\u00e4sa mer om sj\u00e4lv.<\/p>\n\n\n\n<p class=\"has-light-blue-background-color has-background wp-block-paragraph\"><strong>### Sven-Erik Karlsson: V\u00e5g kommer<\/strong> (Recito f\u00f6rlag, 122 sidor, 2022).<br><strong>### Mats Parner &amp; Stefan S Widqvist: Brev<\/strong> (Bokf\u00f6rlaget Norl\u00e9n &amp; Slottner, 205 sidor, 2024).<\/p>\n\n\n\n<p class=\"has-light-gray-background-color has-background wp-block-paragraph\"><a href=\"https:\/\/sven-ove.nu\/\">Hem<\/a>\u00a0|\u00a0<a href=\"https:\/\/sven-ove.nu\/?page_id=170\">Om mig<\/a>\u00a0|\u00a0<a href=\"https:\/\/sven-ove.nu\/?page_id=1385\">Skriva &amp; prata<\/a>\u00a0|\u00a0<a href=\"https:\/\/sven-ove.nu\/?page_id=100\">Politik<\/a>\u00a0|\u00a0<a href=\"https:\/\/sven-ove.nu\/?page_id=102\">L\u00f6pa<\/a>\u00a0|\u00a0<a href=\"https:\/\/sven-ove.nu\/?page_id=108\">Viktor Root<\/a>\u00a0\u00a0<br><em>Inl\u00e4gg nr 2 353, (c) Sven-Ove Svensson (men dela g\u00e4rna<\/em>).<\/p>\n","protected":false},"excerpt":{"rendered":"<p>Senast l\u00e4sta bok brukade vi fr\u00e5ga v\u00e5ra intervjuoffer f\u00f6rr. Mitt svar i dag \u00e4r \u201dV\u00e5g kommer\u201d och \u201dBrev\u201d. B\u00e5da \u00e4r bra och l\u00e4sv\u00e4rda. F\u00f6r n\u00e5gra dagar sedan var jag p\u00e5 Litteraturquiz f\u00f6r f\u00f6rsta g\u00e5ngen i mitt liv. Forshaga bibliotek arrangerade, fr\u00e5gorna var intressanta, lagen fick som mest best\u00e5 av fyra personer och hela tillst\u00e4llningen var &hellip; <a href=\"https:\/\/sven-ove.nu\/?p=26479\" class=\"more-link\">Forts\u00e4tt l\u00e4sa <span class=\"screen-reader-text\">Senast l\u00e4sta bok g\u00e5nger tv\u00e5<\/span><\/a><\/p>\n","protected":false},"author":1,"featured_media":0,"comment_status":"closed","ping_status":"open","sticky":false,"template":"","format":"standard","meta":{"_crdt_document":"","_monsterinsights_skip_tracking":false,"_monsterinsights_sitenote_active":false,"_monsterinsights_sitenote_note":"","_monsterinsights_sitenote_category":0,"footnotes":""},"categories":[28,6,9,4],"tags":[8,18,14,17],"class_list":["post-26479","post","type-post","status-publish","format-standard","hentry","category-kreativt-folk","category-natur","category-politik","category-skrivande","tag-historia","tag-lardomar","tag-lasning","tag-solidaritet"],"_links":{"self":[{"href":"https:\/\/sven-ove.nu\/index.php?rest_route=\/wp\/v2\/posts\/26479","targetHints":{"allow":["GET"]}}],"collection":[{"href":"https:\/\/sven-ove.nu\/index.php?rest_route=\/wp\/v2\/posts"}],"about":[{"href":"https:\/\/sven-ove.nu\/index.php?rest_route=\/wp\/v2\/types\/post"}],"author":[{"embeddable":true,"href":"https:\/\/sven-ove.nu\/index.php?rest_route=\/wp\/v2\/users\/1"}],"replies":[{"embeddable":true,"href":"https:\/\/sven-ove.nu\/index.php?rest_route=%2Fwp%2Fv2%2Fcomments&post=26479"}],"version-history":[{"count":3,"href":"https:\/\/sven-ove.nu\/index.php?rest_route=\/wp\/v2\/posts\/26479\/revisions"}],"predecessor-version":[{"id":26484,"href":"https:\/\/sven-ove.nu\/index.php?rest_route=\/wp\/v2\/posts\/26479\/revisions\/26484"}],"wp:attachment":[{"href":"https:\/\/sven-ove.nu\/index.php?rest_route=%2Fwp%2Fv2%2Fmedia&parent=26479"}],"wp:term":[{"taxonomy":"category","embeddable":true,"href":"https:\/\/sven-ove.nu\/index.php?rest_route=%2Fwp%2Fv2%2Fcategories&post=26479"},{"taxonomy":"post_tag","embeddable":true,"href":"https:\/\/sven-ove.nu\/index.php?rest_route=%2Fwp%2Fv2%2Ftags&post=26479"}],"curies":[{"name":"wp","href":"https:\/\/api.w.org\/{rel}","templated":true}]}}