{"id":26554,"date":"2024-05-14T04:02:00","date_gmt":"2024-05-14T03:02:00","guid":{"rendered":"https:\/\/sven-ove.nu\/?p=26554"},"modified":"2024-05-14T07:50:55","modified_gmt":"2024-05-14T06:50:55","slug":"da-far-jag-brev-fran-historien","status":"publish","type":"post","link":"https:\/\/sven-ove.nu\/?p=26554","title":{"rendered":"D\u00e5 f\u00e5r jag brev fr\u00e5n historien"},"content":{"rendered":"\n<figure class=\"wp-block-image size-full\"><a href=\"https:\/\/sven-ove.nu\/wp-content\/uploads\/2024\/05\/Sven-Ove.jpg\"><img loading=\"lazy\" decoding=\"async\" width=\"800\" height=\"508\" src=\"https:\/\/sven-ove.nu\/wp-content\/uploads\/2024\/05\/Sven-Ove.jpg\" alt=\"\" class=\"wp-image-26555\" srcset=\"https:\/\/sven-ove.nu\/wp-content\/uploads\/2024\/05\/Sven-Ove.jpg 800w, https:\/\/sven-ove.nu\/wp-content\/uploads\/2024\/05\/Sven-Ove-300x191.jpg 300w, https:\/\/sven-ove.nu\/wp-content\/uploads\/2024\/05\/Sven-Ove-768x488.jpg 768w\" sizes=\"auto, (max-width: 800px) 100vw, 800px\" \/><\/a><\/figure>\n\n\n\n<blockquote class=\"wp-block-quote is-layout-flow wp-block-quote-is-layout-flow\">\n<p class=\"wp-block-paragraph\">En dag skriver jag i en l\u00f6pargrupp p\u00e5 Facebook och bjuder in till mitt boksl\u00e4pp.<br>D\u00e5 f\u00e5r jag svar fr\u00e5n Sk\u00e5ne.<\/p>\n<\/blockquote>\n\n\n\n<p class=\"wp-block-paragraph\"><em>\u201dBara att du har det namnet som du har g\u00f6r att jag m\u00e5ste ha boken &#8230;.min farfar hette samma men han var en av Sveriges b\u00e4sta fotbollsspelare d\u00e5 &#8230;\u201d <\/em>skriver min l\u00f6pande l\u00e4sare.<\/p>\n\n\n\n<p class=\"wp-block-paragraph\">I den stunden k\u00e4nns det som att jag upplever n\u00e4tet n\u00e4r det \u00e4r som b\u00e4st. En vilt fr\u00e4mmande m\u00e4nniska har hittat mig f\u00f6r att han ocks\u00e5 springer &#8211; och f\u00f6r att jag b\u00e4r samma namn som hans farfar.<\/p>\n\n\n\n<p class=\"wp-block-paragraph\"><strong>F\u00f6rebild till Bagarn Olsson i \u00c5sh\u00f6jdens BK<\/strong><br>Hans farfar var inte vem som helst. Sven-Ove Svensson spelade h\u00f6gerhalv i H\u00e4lsingborg och landslaget, fick Guldbollen 1954 och efter den egna karri\u00e4ren blev han tr\u00e4nare i H\u00e4lsingborg.<\/p>\n\n\n\n<p class=\"wp-block-paragraph\">Sedan blev han brandchef i Kumla. (Jod\u00e5, nog var jag medveten om min forne namne n\u00e4r jag jobbade p\u00e5 SOS och R\u00e4ddningsverket).<\/p>\n\n\n\n<p class=\"wp-block-paragraph\">Sven-Ove \u00e4r dessutom f\u00f6rebild till Bagarn Olsson i Max Lundgrens b\u00f6cker om \u00c5sh\u00f6jdens BK.<br>Stort.<\/p>\n\n\n\n<p class=\"wp-block-paragraph\"><strong>Livsfarlig varje g\u00e5ng<\/strong><br>Vad jag sj\u00e4lv brukade spela p\u00e5 f\u00f6r position i min ungdom n\u00e4r jag n\u00e5gon g\u00e5ng blev uttagen? H\u00f6gerhalv. Livsfarlig f\u00f6r det egna laget varje g\u00e5ng jag fick bollen.<\/p>\n\n\n\n<p class=\"wp-block-paragraph\">D\u00e4r slutar likheten.<\/p>\n\n\n\n<p class=\"has-light-blue-background-color has-background wp-block-paragraph\"><strong>L\u00c4NKAR:<br><\/strong>### <a href=\"https:\/\/sv.m.wikipedia.org\/wiki\/%C3%85sh%C3%B6jdens_BK\">\u00c5sh\u00f6jdens BK<\/a>.<br>### <a href=\"https:\/\/sv.wikipedia.org\/wiki\/Sven-Ove_Svensson\">Sven-Ove Svensson<\/a>.<br>### <a href=\"http:\/\/thornertankar.blogspot.com\/2009\/08\/kom-fram-ur-anonymiteten-ifk-kumla.html?m=1\">Kumla f\u00f6rebilden till klubben \u00c5sh\u00f6jden?<\/a><\/p>\n\n\n\n<p class=\"has-light-gray-background-color has-background wp-block-paragraph\"><a href=\"https:\/\/sven-ove.nu\/\">Hem<\/a>&nbsp;|&nbsp;<a href=\"https:\/\/sven-ove.nu\/?page_id=170\">Om mig<\/a>&nbsp;|&nbsp;<a href=\"https:\/\/sven-ove.nu\/?page_id=1385\">Skriva &amp; prata<\/a>&nbsp;|&nbsp;<a href=\"https:\/\/sven-ove.nu\/?page_id=100\">Politik<\/a>&nbsp;|&nbsp;<a href=\"https:\/\/sven-ove.nu\/?page_id=102\">L\u00f6pa<\/a>&nbsp;|&nbsp;<a href=\"https:\/\/sven-ove.nu\/?page_id=108\">Viktor Root<\/a>&nbsp;&nbsp;<br><em>Inl\u00e4gg nr 2 356, (c) Sven-Ove Svensson (men dela g\u00e4rna<\/em>).<\/p>\n","protected":false},"excerpt":{"rendered":"<p>En dag skriver jag i en l\u00f6pargrupp p\u00e5 Facebook och bjuder in till mitt boksl\u00e4pp.D\u00e5 f\u00e5r jag svar fr\u00e5n Sk\u00e5ne. \u201dBara att du har det namnet som du har g\u00f6r att jag m\u00e5ste ha boken &#8230;.min farfar hette samma men han var en av Sveriges b\u00e4sta fotbollsspelare d\u00e5 &#8230;\u201d skriver min l\u00f6pande l\u00e4sare. I den &hellip; <a href=\"https:\/\/sven-ove.nu\/?p=26554\" class=\"more-link\">Forts\u00e4tt l\u00e4sa <span class=\"screen-reader-text\">D\u00e5 f\u00e5r jag brev fr\u00e5n historien<\/span><\/a><\/p>\n","protected":false},"author":1,"featured_media":0,"comment_status":"closed","ping_status":"open","sticky":false,"template":"","format":"standard","meta":{"_crdt_document":"","_monsterinsights_skip_tracking":false,"_monsterinsights_sitenote_active":false,"_monsterinsights_sitenote_note":"","_monsterinsights_sitenote_category":0,"footnotes":""},"categories":[10,5],"tags":[8,14],"class_list":["post-26554","post","type-post","status-publish","format-standard","hentry","category-familjen","category-lopning","tag-historia","tag-lasning"],"_links":{"self":[{"href":"https:\/\/sven-ove.nu\/index.php?rest_route=\/wp\/v2\/posts\/26554","targetHints":{"allow":["GET"]}}],"collection":[{"href":"https:\/\/sven-ove.nu\/index.php?rest_route=\/wp\/v2\/posts"}],"about":[{"href":"https:\/\/sven-ove.nu\/index.php?rest_route=\/wp\/v2\/types\/post"}],"author":[{"embeddable":true,"href":"https:\/\/sven-ove.nu\/index.php?rest_route=\/wp\/v2\/users\/1"}],"replies":[{"embeddable":true,"href":"https:\/\/sven-ove.nu\/index.php?rest_route=%2Fwp%2Fv2%2Fcomments&post=26554"}],"version-history":[{"count":6,"href":"https:\/\/sven-ove.nu\/index.php?rest_route=\/wp\/v2\/posts\/26554\/revisions"}],"predecessor-version":[{"id":26561,"href":"https:\/\/sven-ove.nu\/index.php?rest_route=\/wp\/v2\/posts\/26554\/revisions\/26561"}],"wp:attachment":[{"href":"https:\/\/sven-ove.nu\/index.php?rest_route=%2Fwp%2Fv2%2Fmedia&parent=26554"}],"wp:term":[{"taxonomy":"category","embeddable":true,"href":"https:\/\/sven-ove.nu\/index.php?rest_route=%2Fwp%2Fv2%2Fcategories&post=26554"},{"taxonomy":"post_tag","embeddable":true,"href":"https:\/\/sven-ove.nu\/index.php?rest_route=%2Fwp%2Fv2%2Ftags&post=26554"}],"curies":[{"name":"wp","href":"https:\/\/api.w.org\/{rel}","templated":true}]}}