{"id":26575,"date":"2024-05-25T04:35:00","date_gmt":"2024-05-25T03:35:00","guid":{"rendered":"https:\/\/sven-ove.nu\/?p=26575"},"modified":"2024-05-25T07:57:21","modified_gmt":"2024-05-25T06:57:21","slug":"alla-dessa-hojdpunkter-i-livet","status":"publish","type":"post","link":"https:\/\/sven-ove.nu\/?p=26575","title":{"rendered":"Alla dessa h\u00f6jdpunkter i livet"},"content":{"rendered":"\n<figure class=\"wp-block-image size-large\"><a href=\"https:\/\/sven-ove.nu\/wp-content\/uploads\/2024\/05\/Stora-torget-2013.png\"><img loading=\"lazy\" decoding=\"async\" width=\"1024\" height=\"768\" src=\"https:\/\/sven-ove.nu\/wp-content\/uploads\/2024\/05\/Stora-torget-2013-1024x768.png\" alt=\"\" class=\"wp-image-26576\" srcset=\"https:\/\/sven-ove.nu\/wp-content\/uploads\/2024\/05\/Stora-torget-2013-1024x768.png 1024w, https:\/\/sven-ove.nu\/wp-content\/uploads\/2024\/05\/Stora-torget-2013-300x225.png 300w, https:\/\/sven-ove.nu\/wp-content\/uploads\/2024\/05\/Stora-torget-2013-768x576.png 768w, https:\/\/sven-ove.nu\/wp-content\/uploads\/2024\/05\/Stora-torget-2013-1536x1152.png 1536w, https:\/\/sven-ove.nu\/wp-content\/uploads\/2024\/05\/Stora-torget-2013.png 1600w\" sizes=\"auto, (max-width: 1024px) 100vw, 1024px\" \/><\/a><\/figure>\n\n\n\n<blockquote class=\"wp-block-quote is-layout-flow wp-block-quote-is-layout-flow\">\n<p class=\"wp-block-paragraph\">Livet har sannerligen haft sina fina stunder hittills. Det h\u00e4r \u00e4r n\u00e5gra:<\/p>\n<\/blockquote>\n\n\n\n<p class=\"wp-block-paragraph\">-N\u00e4r jag l\u00e4rde mig cykla.<br>-N\u00e4r kusin J\u00f6rgen l\u00e4rde mig stamkl\u00e4ttra.<br>-N\u00e4r Pigge &amp; Gnidde l\u00e4rde mig l\u00e4sa och sedan skriva.<br><br>-N\u00e4r jag fick mopeden.<br>-Midsommar 1967 n\u00e4r jag tr\u00e4ffade henne som jag \u00e4lskar.<br>-Liftarsommaren med Q i juli 1969. Paris, London, Amsterdam.<br><br>-H\u00f6sten 1973 n\u00e4r G\u00f6sta p\u00e5 s\u00e5gen stolt satte upp den urklippta tidningsnotisen om att jag kommit in p\u00e5 Journalisth\u00f6gskolan i G\u00f6teborg.<br>-N\u00e4r vi samlade 2000 folkh\u00f6gskoleelever fr\u00e5n hela landet p\u00e5 Sergels torg 1977, till kamp f\u00f6r v\u00e5r hotade J\u00e4ra folkh\u00f6gskola.<br>-De lyckliga sommardagarna n\u00e4r barnen kom.<br><br>-Lyrikdebuten 1977, s\u00e5gverksboken p\u00e5 Bonniers tre \u00e5r senare.<br>-Kymmens Dag i tr\u00e4dg\u00e5rden p\u00e5 Kymsberg i Gr\u00e4smark. Var det 1981? T\u00e4nk vad vi k\u00e4mpade f\u00f6r v\u00e5ra barns och kommande barnbarns milj\u00f6 de \u00e5ren.<br>-Mitt livs f\u00f6rsta Runner\u2019s high p\u00e5 Br\u00e5rudsmossen i Sunne 1981. Jag kunde ha blivit religi\u00f6s f\u00f6r mindre.<br><br>-1980 n\u00e4r Bengt Berg fick mig att g\u00e5 ut p\u00e5 en scen och upptr\u00e4da inf\u00f6r publik f\u00f6rsta g\u00e5ngen. G\u00e4sterna p\u00e5 Pusterviksk\u00e4llaren fattade ju och skrattade ju.<br>-N\u00e4r kusin J\u00f6rgen vann SM.<br>-F\u00f6rsta maran, 1983.<br><br>-\u00c4nnu fler b\u00f6cker, varav en med tecknaren Robert Nyberg 1997 och en med konstn\u00e4ren Stig Olson 2002.<br>-N\u00e4r jag fick b\u00f6rja skriva kr\u00f6nikor i V\u00e4rmlands Folkblad (igen) samt i Radio V\u00e4rmland och TV4 V\u00e4rmland.<br>-N\u00e4r barnbarnen kom.<br><br>-Den stora antirasistiska demonstrationen i Karlstad i december 2013. (Bilden ovan).<br>-Den fina gruppen informat\u00f6rer p\u00e5 sista jobbet.<br>-N\u00e4r onkologdoktorn sa att jag var frisk.<br>-N\u00e4r folk efter 20 \u00e5r fortfarande p\u00e5minner mig om kr\u00f6nikor de l\u00e4st i VF.<br>-Boksl\u00e4ppen i Gamla Kraftstationen i Deje i fjol och i \u00e5r.<br><br>-Den h\u00e4r morgonen. Hurra!<\/p>\n\n\n\n<figure class=\"wp-block-image size-large\"><a href=\"https:\/\/sven-ove.nu\/wp-content\/uploads\/2024\/05\/20240516_191029-scaled.jpg\"><img loading=\"lazy\" decoding=\"async\" width=\"1024\" height=\"768\" src=\"https:\/\/sven-ove.nu\/wp-content\/uploads\/2024\/05\/20240516_191029-1024x768.jpg\" alt=\"\" class=\"wp-image-26585\" srcset=\"https:\/\/sven-ove.nu\/wp-content\/uploads\/2024\/05\/20240516_191029-1024x768.jpg 1024w, https:\/\/sven-ove.nu\/wp-content\/uploads\/2024\/05\/20240516_191029-300x225.jpg 300w, https:\/\/sven-ove.nu\/wp-content\/uploads\/2024\/05\/20240516_191029-768x576.jpg 768w, https:\/\/sven-ove.nu\/wp-content\/uploads\/2024\/05\/20240516_191029-1536x1152.jpg 1536w, https:\/\/sven-ove.nu\/wp-content\/uploads\/2024\/05\/20240516_191029-2048x1536.jpg 2048w\" sizes=\"auto, (max-width: 1024px) 100vw, 1024px\" \/><\/a><\/figure>\n\n\n\n<p class=\"wp-block-paragraph\">Gamla Kraftstationen 16 maj 2024. (Foto: Sandra Bornstedt).<\/p>\n\n\n\n<p class=\"has-light-blue-background-color has-background wp-block-paragraph\"><a href=\"https:\/\/sven-ove.nu\/\">Hem<\/a>&nbsp;|&nbsp;<a href=\"https:\/\/sven-ove.nu\/?page_id=170\">Om mig<\/a>&nbsp;|&nbsp;<a href=\"https:\/\/sven-ove.nu\/?page_id=1385\">Skriva &amp; prata<\/a>&nbsp;|&nbsp;<a href=\"https:\/\/sven-ove.nu\/?page_id=100\">Politik<\/a>&nbsp;|&nbsp;<a href=\"https:\/\/sven-ove.nu\/?page_id=102\">L\u00f6pa<\/a>&nbsp;|&nbsp;<a href=\"https:\/\/sven-ove.nu\/?page_id=108\">Viktor Root<\/a>&nbsp;&nbsp;<br><em>Inl\u00e4gg nr 2 358, (c) Sven-Ove Svensson (men dela g\u00e4rna<\/em>).<\/p>\n","protected":false},"excerpt":{"rendered":"<p>Livet har sannerligen haft sina fina stunder hittills. Det h\u00e4r \u00e4r n\u00e5gra: -N\u00e4r jag l\u00e4rde mig cykla.-N\u00e4r kusin J\u00f6rgen l\u00e4rde mig stamkl\u00e4ttra.-N\u00e4r Pigge &amp; Gnidde l\u00e4rde mig l\u00e4sa och sedan skriva. -N\u00e4r jag fick mopeden.-Midsommar 1967 n\u00e4r jag tr\u00e4ffade henne som jag \u00e4lskar.-Liftarsommaren med Q i juli 1969. Paris, London, Amsterdam. -H\u00f6sten 1973 n\u00e4r G\u00f6sta &hellip; <a href=\"https:\/\/sven-ove.nu\/?p=26575\" class=\"more-link\">Forts\u00e4tt l\u00e4sa <span class=\"screen-reader-text\">Alla dessa h\u00f6jdpunkter i livet<\/span><\/a><\/p>\n","protected":false},"author":1,"featured_media":0,"comment_status":"closed","ping_status":"open","sticky":false,"template":"","format":"standard","meta":{"_crdt_document":"","_monsterinsights_skip_tracking":false,"_monsterinsights_sitenote_active":false,"_monsterinsights_sitenote_note":"","_monsterinsights_sitenote_category":0,"footnotes":""},"categories":[10,28,5,6,9,4],"tags":[3,8,24,14,21,17,13],"class_list":["post-26575","post","type-post","status-publish","format-standard","hentry","category-familjen","category-kreativt-folk","category-lopning","category-natur","category-politik","category-skrivande","tag-arbete","tag-historia","tag-karlek","tag-lasning","tag-ord","tag-solidaritet","tag-utrustning"],"_links":{"self":[{"href":"https:\/\/sven-ove.nu\/index.php?rest_route=\/wp\/v2\/posts\/26575","targetHints":{"allow":["GET"]}}],"collection":[{"href":"https:\/\/sven-ove.nu\/index.php?rest_route=\/wp\/v2\/posts"}],"about":[{"href":"https:\/\/sven-ove.nu\/index.php?rest_route=\/wp\/v2\/types\/post"}],"author":[{"embeddable":true,"href":"https:\/\/sven-ove.nu\/index.php?rest_route=\/wp\/v2\/users\/1"}],"replies":[{"embeddable":true,"href":"https:\/\/sven-ove.nu\/index.php?rest_route=%2Fwp%2Fv2%2Fcomments&post=26575"}],"version-history":[{"count":9,"href":"https:\/\/sven-ove.nu\/index.php?rest_route=\/wp\/v2\/posts\/26575\/revisions"}],"predecessor-version":[{"id":26590,"href":"https:\/\/sven-ove.nu\/index.php?rest_route=\/wp\/v2\/posts\/26575\/revisions\/26590"}],"wp:attachment":[{"href":"https:\/\/sven-ove.nu\/index.php?rest_route=%2Fwp%2Fv2%2Fmedia&parent=26575"}],"wp:term":[{"taxonomy":"category","embeddable":true,"href":"https:\/\/sven-ove.nu\/index.php?rest_route=%2Fwp%2Fv2%2Fcategories&post=26575"},{"taxonomy":"post_tag","embeddable":true,"href":"https:\/\/sven-ove.nu\/index.php?rest_route=%2Fwp%2Fv2%2Ftags&post=26575"}],"curies":[{"name":"wp","href":"https:\/\/api.w.org\/{rel}","templated":true}]}}