{"id":2661,"date":"2012-07-14T04:00:13","date_gmt":"2012-07-14T03:00:13","guid":{"rendered":"http:\/\/sven-ove.nu\/?p=2661"},"modified":"2012-07-13T14:45:16","modified_gmt":"2012-07-13T13:45:16","slug":"jubileumsmaran","status":"publish","type":"post","link":"https:\/\/sven-ove.nu\/?p=2661","title":{"rendered":"Jubileumsmaran"},"content":{"rendered":"<p>I dag \u00e4r det hundra \u00e5r sedan och jag \u00f6nskar att jag hade varit med p\u00e5 <a href=\"http:\/\/www.jubileemarathon.se\/start\/index.cfm\">jubileumsmaran<\/a>. Varf\u00f6r f\u00f6ljde jag inte med v\u00e5ra l\u00f6pare i klubben f\u00f6r att titta p\u00e5, \u00e5tminstone?<\/p>\n<p><a href=\"https:\/\/sven-ove.nu\/wp-content\/uploads\/2012\/07\/Redog\u00f6relse-f\u00f6r-OS-19122.jpg\"><img loading=\"lazy\" decoding=\"async\" class=\"alignright size-medium wp-image-2675\" title=\"Redog\u00f6relse f\u00f6r OS 1912\" src=\"https:\/\/sven-ove.nu\/wp-content\/uploads\/2012\/07\/Redog\u00f6relse-f\u00f6r-OS-19122-216x300.jpg\" alt=\"\" width=\"216\" height=\"300\" srcset=\"https:\/\/sven-ove.nu\/wp-content\/uploads\/2012\/07\/Redog\u00f6relse-f\u00f6r-OS-19122-216x300.jpg 216w, https:\/\/sven-ove.nu\/wp-content\/uploads\/2012\/07\/Redog\u00f6relse-f\u00f6r-OS-19122-738x1024.jpg 738w, https:\/\/sven-ove.nu\/wp-content\/uploads\/2012\/07\/Redog\u00f6relse-f\u00f6r-OS-19122.jpg 1552w\" sizes=\"auto, (max-width: 216px) 100vw, 216px\" \/><\/a>Antagligen f\u00f6r att jag skulle ha blivit stollig av l\u00f6plust. I st\u00e4llet planerar jag en egen liten hyllningsrunda till de tappra l\u00f6pare som gav sig i v\u00e4g p\u00e5 marathonstr\u00e4ckan vid solskens-OS i Stockholm 1912. Varav portugisen Francisco Lazaro dog av v\u00e4tskebrist efter\u00e5t och japanen Kanaguri inte alls f\u00f6rsvann, han bara br\u00f6t och fick ett glas saft i en tr\u00e4dg\u00e5rd i Sollentuna.<\/p>\n<p>Jag har protokollet. Boken \u00f6ver 1912 \u00e5rs olympiska spel. Nu ska jag springa och sedan l\u00e4sa den, det b\u00f6r ta betydligt mer \u00e4n mitt pers p\u00e5 42 195 meter. Visste du att en av skadorna vid Stockholms-OS orsakades av en hattn\u00e5l?<\/p>\n<p>Hon \u00e4r h\u00e5rd, idrotten.<\/p>\n<p>&nbsp;<\/p>\n","protected":false},"excerpt":{"rendered":"<p>I dag \u00e4r det hundra \u00e5r sedan och jag \u00f6nskar att jag hade varit med p\u00e5 jubileumsmaran. Varf\u00f6r f\u00f6ljde jag inte med v\u00e5ra l\u00f6pare i klubben f\u00f6r att titta p\u00e5, \u00e5tminstone? Antagligen f\u00f6r att jag skulle ha blivit stollig av l\u00f6plust. I st\u00e4llet planerar jag en egen liten hyllningsrunda till de tappra l\u00f6pare som gav &hellip; <a href=\"https:\/\/sven-ove.nu\/?p=2661\" class=\"more-link\">Forts\u00e4tt l\u00e4sa <span class=\"screen-reader-text\">Jubileumsmaran<\/span><\/a><\/p>\n","protected":false},"author":1,"featured_media":0,"comment_status":"open","ping_status":"open","sticky":false,"template":"","format":"standard","meta":{"_crdt_document":"","_monsterinsights_skip_tracking":false,"_monsterinsights_sitenote_active":false,"_monsterinsights_sitenote_note":"","_monsterinsights_sitenote_category":0,"footnotes":""},"categories":[5],"tags":[8],"class_list":["post-2661","post","type-post","status-publish","format-standard","hentry","category-lopning","tag-historia"],"_links":{"self":[{"href":"https:\/\/sven-ove.nu\/index.php?rest_route=\/wp\/v2\/posts\/2661","targetHints":{"allow":["GET"]}}],"collection":[{"href":"https:\/\/sven-ove.nu\/index.php?rest_route=\/wp\/v2\/posts"}],"about":[{"href":"https:\/\/sven-ove.nu\/index.php?rest_route=\/wp\/v2\/types\/post"}],"author":[{"embeddable":true,"href":"https:\/\/sven-ove.nu\/index.php?rest_route=\/wp\/v2\/users\/1"}],"replies":[{"embeddable":true,"href":"https:\/\/sven-ove.nu\/index.php?rest_route=%2Fwp%2Fv2%2Fcomments&post=2661"}],"version-history":[{"count":11,"href":"https:\/\/sven-ove.nu\/index.php?rest_route=\/wp\/v2\/posts\/2661\/revisions"}],"predecessor-version":[{"id":2664,"href":"https:\/\/sven-ove.nu\/index.php?rest_route=\/wp\/v2\/posts\/2661\/revisions\/2664"}],"wp:attachment":[{"href":"https:\/\/sven-ove.nu\/index.php?rest_route=%2Fwp%2Fv2%2Fmedia&parent=2661"}],"wp:term":[{"taxonomy":"category","embeddable":true,"href":"https:\/\/sven-ove.nu\/index.php?rest_route=%2Fwp%2Fv2%2Fcategories&post=2661"},{"taxonomy":"post_tag","embeddable":true,"href":"https:\/\/sven-ove.nu\/index.php?rest_route=%2Fwp%2Fv2%2Ftags&post=2661"}],"curies":[{"name":"wp","href":"https:\/\/api.w.org\/{rel}","templated":true}]}}