{"id":26614,"date":"2024-06-06T07:11:01","date_gmt":"2024-06-06T06:11:01","guid":{"rendered":"https:\/\/sven-ove.nu\/?p=26614"},"modified":"2024-06-06T07:20:59","modified_gmt":"2024-06-06T06:20:59","slug":"ny-het","status":"publish","type":"post","link":"https:\/\/sven-ove.nu\/?p=26614","title":{"rendered":"Ny? Het &#8230;"},"content":{"rendered":"\n<figure class=\"wp-block-image size-large\"><a href=\"https:\/\/sven-ove.nu\/wp-content\/uploads\/2024\/06\/image-rotated.jpeg\"><img loading=\"lazy\" decoding=\"async\" width=\"1024\" height=\"1024\" src=\"https:\/\/sven-ove.nu\/wp-content\/uploads\/2024\/06\/image-1024x1024.jpeg\" alt=\"\" class=\"wp-image-26615\" srcset=\"https:\/\/sven-ove.nu\/wp-content\/uploads\/2024\/06\/image-1024x1024.jpeg 1024w, https:\/\/sven-ove.nu\/wp-content\/uploads\/2024\/06\/image-300x300.jpeg 300w, https:\/\/sven-ove.nu\/wp-content\/uploads\/2024\/06\/image-150x150.jpeg 150w, https:\/\/sven-ove.nu\/wp-content\/uploads\/2024\/06\/image-768x768.jpeg 768w, https:\/\/sven-ove.nu\/wp-content\/uploads\/2024\/06\/image-1536x1536.jpeg 1536w, https:\/\/sven-ove.nu\/wp-content\/uploads\/2024\/06\/image-2048x2048.jpeg 2048w\" sizes=\"auto, (max-width: 1024px) 100vw, 1024px\" \/><\/a><\/figure>\n\n\n\n<p class=\"wp-block-paragraph\"><\/p>\n\n\n\n<p class=\"wp-block-paragraph\">Vaknar tidigt. <br>Det \u00e4r ingen nyhet.<br><br>El\u00e4nde och krig i mediernas rapportering i dag med. <br>Det \u00e4r ingen nyhet.<br><br>Varmare och varmare och varmare och varmare\u00a0och varmare jordklot. <br>Det \u00e4r ingen nyhet.<\/p>\n\n\n\n<p class=\"wp-block-paragraph\">F\u00e5r man ringa en v\u00e4n?<\/p>\n\n\n\n<p class=\"has-background wp-block-paragraph\" style=\"background-color:#deecdb\"><a href=\"https:\/\/sven-ove.nu\/\">Hem<\/a>&nbsp;|&nbsp;<a href=\"https:\/\/sven-ove.nu\/?page_id=170\">Om mig<\/a>&nbsp;|&nbsp;<a href=\"https:\/\/sven-ove.nu\/?page_id=1385\">Skriva &amp; prata<\/a>&nbsp;|&nbsp;<a href=\"https:\/\/sven-ove.nu\/?page_id=100\">Politik<\/a>&nbsp;|&nbsp;<a href=\"https:\/\/sven-ove.nu\/?page_id=102\">L\u00f6pa<\/a>&nbsp;|&nbsp;<a href=\"https:\/\/sven-ove.nu\/?page_id=108\">Viktor Root<\/a>&nbsp;&nbsp;<br><em>Inl\u00e4gg nr 2 360, (c) Sven-Ove Svensson (men dela g\u00e4rna<\/em>).<\/p>\n","protected":false},"excerpt":{"rendered":"<p>Vaknar tidigt. Det \u00e4r ingen nyhet. El\u00e4nde och krig i mediernas rapportering i dag med. Det \u00e4r ingen nyhet. Varmare och varmare och varmare och varmare\u00a0och varmare jordklot. Det \u00e4r ingen nyhet. F\u00e5r man ringa en v\u00e4n? Hem&nbsp;|&nbsp;Om mig&nbsp;|&nbsp;Skriva &amp; prata&nbsp;|&nbsp;Politik&nbsp;|&nbsp;L\u00f6pa&nbsp;|&nbsp;Viktor Root&nbsp;&nbsp;Inl\u00e4gg nr 2 360, (c) Sven-Ove Svensson (men dela g\u00e4rna).<\/p>\n","protected":false},"author":1,"featured_media":0,"comment_status":"closed","ping_status":"open","sticky":false,"template":"","format":"standard","meta":{"_crdt_document":"","_monsterinsights_skip_tracking":false,"_monsterinsights_sitenote_active":false,"_monsterinsights_sitenote_note":"","_monsterinsights_sitenote_category":0,"footnotes":""},"categories":[6,9],"tags":[24],"class_list":["post-26614","post","type-post","status-publish","format-standard","hentry","category-natur","category-politik","tag-karlek"],"_links":{"self":[{"href":"https:\/\/sven-ove.nu\/index.php?rest_route=\/wp\/v2\/posts\/26614","targetHints":{"allow":["GET"]}}],"collection":[{"href":"https:\/\/sven-ove.nu\/index.php?rest_route=\/wp\/v2\/posts"}],"about":[{"href":"https:\/\/sven-ove.nu\/index.php?rest_route=\/wp\/v2\/types\/post"}],"author":[{"embeddable":true,"href":"https:\/\/sven-ove.nu\/index.php?rest_route=\/wp\/v2\/users\/1"}],"replies":[{"embeddable":true,"href":"https:\/\/sven-ove.nu\/index.php?rest_route=%2Fwp%2Fv2%2Fcomments&post=26614"}],"version-history":[{"count":7,"href":"https:\/\/sven-ove.nu\/index.php?rest_route=\/wp\/v2\/posts\/26614\/revisions"}],"predecessor-version":[{"id":26623,"href":"https:\/\/sven-ove.nu\/index.php?rest_route=\/wp\/v2\/posts\/26614\/revisions\/26623"}],"wp:attachment":[{"href":"https:\/\/sven-ove.nu\/index.php?rest_route=%2Fwp%2Fv2%2Fmedia&parent=26614"}],"wp:term":[{"taxonomy":"category","embeddable":true,"href":"https:\/\/sven-ove.nu\/index.php?rest_route=%2Fwp%2Fv2%2Fcategories&post=26614"},{"taxonomy":"post_tag","embeddable":true,"href":"https:\/\/sven-ove.nu\/index.php?rest_route=%2Fwp%2Fv2%2Ftags&post=26614"}],"curies":[{"name":"wp","href":"https:\/\/api.w.org\/{rel}","templated":true}]}}