{"id":26625,"date":"2024-06-12T08:40:39","date_gmt":"2024-06-12T07:40:39","guid":{"rendered":"https:\/\/sven-ove.nu\/?p=26625"},"modified":"2024-06-12T08:41:25","modified_gmt":"2024-06-12T07:41:25","slug":"nar-lang-och-glassbilen-sjong-fritt","status":"publish","type":"post","link":"https:\/\/sven-ove.nu\/?p=26625","title":{"rendered":"N\u00e4r L\u00e5ng och glassbilen sj\u00f6ng fritt"},"content":{"rendered":"\n<figure class=\"wp-block-image size-large\"><a href=\"https:\/\/sven-ove.nu\/wp-content\/uploads\/2024\/06\/Skarmavbild-2024-06-12-kl.-09.32.43.png\"><img loading=\"lazy\" decoding=\"async\" width=\"1024\" height=\"834\" src=\"https:\/\/sven-ove.nu\/wp-content\/uploads\/2024\/06\/Skarmavbild-2024-06-12-kl.-09.32.43-1024x834.png\" alt=\"\" class=\"wp-image-26626\" srcset=\"https:\/\/sven-ove.nu\/wp-content\/uploads\/2024\/06\/Skarmavbild-2024-06-12-kl.-09.32.43-1024x834.png 1024w, https:\/\/sven-ove.nu\/wp-content\/uploads\/2024\/06\/Skarmavbild-2024-06-12-kl.-09.32.43-300x244.png 300w, https:\/\/sven-ove.nu\/wp-content\/uploads\/2024\/06\/Skarmavbild-2024-06-12-kl.-09.32.43-768x625.png 768w, https:\/\/sven-ove.nu\/wp-content\/uploads\/2024\/06\/Skarmavbild-2024-06-12-kl.-09.32.43.png 1108w\" sizes=\"auto, (max-width: 1024px) 100vw, 1024px\" \/><\/a><\/figure>\n\n\n\n<figure class=\"wp-block-image size-large\"><a href=\"https:\/\/sven-ove.nu\/wp-content\/uploads\/2024\/06\/Skarmavbild-2024-06-12-kl.-09.33.48.png\"><img loading=\"lazy\" decoding=\"async\" width=\"1024\" height=\"849\" src=\"https:\/\/sven-ove.nu\/wp-content\/uploads\/2024\/06\/Skarmavbild-2024-06-12-kl.-09.33.48-1024x849.png\" alt=\"\" class=\"wp-image-26627\" srcset=\"https:\/\/sven-ove.nu\/wp-content\/uploads\/2024\/06\/Skarmavbild-2024-06-12-kl.-09.33.48-1024x849.png 1024w, https:\/\/sven-ove.nu\/wp-content\/uploads\/2024\/06\/Skarmavbild-2024-06-12-kl.-09.33.48-300x249.png 300w, https:\/\/sven-ove.nu\/wp-content\/uploads\/2024\/06\/Skarmavbild-2024-06-12-kl.-09.33.48-768x637.png 768w, https:\/\/sven-ove.nu\/wp-content\/uploads\/2024\/06\/Skarmavbild-2024-06-12-kl.-09.33.48.png 1100w\" sizes=\"auto, (max-width: 1024px) 100vw, 1024px\" \/><\/a><\/figure>\n\n\n\n<figure class=\"wp-block-image size-large\"><a href=\"https:\/\/sven-ove.nu\/wp-content\/uploads\/2024\/06\/Skarmavbild-2024-06-12-kl.-09.34.11.png\"><img loading=\"lazy\" decoding=\"async\" width=\"1024\" height=\"838\" src=\"https:\/\/sven-ove.nu\/wp-content\/uploads\/2024\/06\/Skarmavbild-2024-06-12-kl.-09.34.11-1024x838.png\" alt=\"\" class=\"wp-image-26628\" srcset=\"https:\/\/sven-ove.nu\/wp-content\/uploads\/2024\/06\/Skarmavbild-2024-06-12-kl.-09.34.11-1024x838.png 1024w, https:\/\/sven-ove.nu\/wp-content\/uploads\/2024\/06\/Skarmavbild-2024-06-12-kl.-09.34.11-300x246.png 300w, https:\/\/sven-ove.nu\/wp-content\/uploads\/2024\/06\/Skarmavbild-2024-06-12-kl.-09.34.11-768x629.png 768w, https:\/\/sven-ove.nu\/wp-content\/uploads\/2024\/06\/Skarmavbild-2024-06-12-kl.-09.34.11.png 1104w\" sizes=\"auto, (max-width: 1024px) 100vw, 1024px\" \/><\/a><\/figure>\n\n\n\n<p class=\"wp-block-paragraph\"><\/p>\n\n\n\n<blockquote class=\"wp-block-quote is-layout-flow wp-block-quote-is-layout-flow\">\n<p class=\"wp-block-paragraph\">Tre textrutor fr\u00e5n min tidslinje p\u00e5 Facebook. Tjohoo!<\/p>\n<\/blockquote>\n\n\n\n<p class=\"has-light-gray-background-color has-background wp-block-paragraph\"><a href=\"https:\/\/sven-ove.nu\/\">Hem<\/a>&nbsp;|&nbsp;<a href=\"https:\/\/sven-ove.nu\/?page_id=170\">Om mig<\/a>&nbsp;|&nbsp;<a href=\"https:\/\/sven-ove.nu\/?page_id=1385\">Skriva &amp; prata<\/a>&nbsp;|&nbsp;<a href=\"https:\/\/sven-ove.nu\/?page_id=100\">Politik<\/a>&nbsp;|&nbsp;<a href=\"https:\/\/sven-ove.nu\/?page_id=102\">L\u00f6pa<\/a>&nbsp;|&nbsp;<a href=\"https:\/\/sven-ove.nu\/?page_id=108\">Viktor Root<\/a>&nbsp;&nbsp;<br><em>Inl\u00e4gg nr 2 361, (c) Sven-Ove Svensson (men dela g\u00e4rna<\/em>).<\/p>\n","protected":false},"excerpt":{"rendered":"<p>Tre textrutor fr\u00e5n min tidslinje p\u00e5 Facebook. Tjohoo! Hem&nbsp;|&nbsp;Om mig&nbsp;|&nbsp;Skriva &amp; prata&nbsp;|&nbsp;Politik&nbsp;|&nbsp;L\u00f6pa&nbsp;|&nbsp;Viktor Root&nbsp;&nbsp;Inl\u00e4gg nr 2 361, (c) Sven-Ove Svensson (men dela g\u00e4rna).<\/p>\n","protected":false},"author":1,"featured_media":0,"comment_status":"closed","ping_status":"open","sticky":false,"template":"","format":"standard","meta":{"_crdt_document":"","_monsterinsights_skip_tracking":false,"_monsterinsights_sitenote_active":false,"_monsterinsights_sitenote_note":"","_monsterinsights_sitenote_category":0,"footnotes":""},"categories":[6,9],"tags":[18],"class_list":["post-26625","post","type-post","status-publish","format-standard","hentry","category-natur","category-politik","tag-lardomar"],"_links":{"self":[{"href":"https:\/\/sven-ove.nu\/index.php?rest_route=\/wp\/v2\/posts\/26625","targetHints":{"allow":["GET"]}}],"collection":[{"href":"https:\/\/sven-ove.nu\/index.php?rest_route=\/wp\/v2\/posts"}],"about":[{"href":"https:\/\/sven-ove.nu\/index.php?rest_route=\/wp\/v2\/types\/post"}],"author":[{"embeddable":true,"href":"https:\/\/sven-ove.nu\/index.php?rest_route=\/wp\/v2\/users\/1"}],"replies":[{"embeddable":true,"href":"https:\/\/sven-ove.nu\/index.php?rest_route=%2Fwp%2Fv2%2Fcomments&post=26625"}],"version-history":[{"count":3,"href":"https:\/\/sven-ove.nu\/index.php?rest_route=\/wp\/v2\/posts\/26625\/revisions"}],"predecessor-version":[{"id":26631,"href":"https:\/\/sven-ove.nu\/index.php?rest_route=\/wp\/v2\/posts\/26625\/revisions\/26631"}],"wp:attachment":[{"href":"https:\/\/sven-ove.nu\/index.php?rest_route=%2Fwp%2Fv2%2Fmedia&parent=26625"}],"wp:term":[{"taxonomy":"category","embeddable":true,"href":"https:\/\/sven-ove.nu\/index.php?rest_route=%2Fwp%2Fv2%2Fcategories&post=26625"},{"taxonomy":"post_tag","embeddable":true,"href":"https:\/\/sven-ove.nu\/index.php?rest_route=%2Fwp%2Fv2%2Ftags&post=26625"}],"curies":[{"name":"wp","href":"https:\/\/api.w.org\/{rel}","templated":true}]}}