{"id":26681,"date":"2024-06-28T04:18:00","date_gmt":"2024-06-28T03:18:00","guid":{"rendered":"https:\/\/sven-ove.nu\/?p=26681"},"modified":"2024-06-27T13:23:03","modified_gmt":"2024-06-27T12:23:03","slug":"ljuvliga-dagar-men-jag-glommer-inte","status":"publish","type":"post","link":"https:\/\/sven-ove.nu\/?p=26681","title":{"rendered":"Ljuvliga dagar men jag gl\u00f6mmer inte"},"content":{"rendered":"\n<figure class=\"wp-block-image size-large\"><a href=\"https:\/\/sven-ove.nu\/wp-content\/uploads\/2024\/06\/IMG_0110-scaled.jpeg\"><img loading=\"lazy\" decoding=\"async\" width=\"768\" height=\"1024\" src=\"https:\/\/sven-ove.nu\/wp-content\/uploads\/2024\/06\/IMG_0110-768x1024.jpeg\" alt=\"\" class=\"wp-image-26682\" srcset=\"https:\/\/sven-ove.nu\/wp-content\/uploads\/2024\/06\/IMG_0110-768x1024.jpeg 768w, https:\/\/sven-ove.nu\/wp-content\/uploads\/2024\/06\/IMG_0110-225x300.jpeg 225w, https:\/\/sven-ove.nu\/wp-content\/uploads\/2024\/06\/IMG_0110-1152x1536.jpeg 1152w, https:\/\/sven-ove.nu\/wp-content\/uploads\/2024\/06\/IMG_0110-1536x2048.jpeg 1536w, https:\/\/sven-ove.nu\/wp-content\/uploads\/2024\/06\/IMG_0110-scaled.jpeg 1920w\" sizes=\"auto, (max-width: 768px) 100vw, 768px\" \/><\/a><\/figure>\n\n\n\n<p class=\"wp-block-paragraph\"><\/p>\n\n\n\n<p class=\"wp-block-paragraph\">Det \u00e4r ljuvliga sommardagar. Vi vandrar vid V\u00e4rmlands sydspets, fikar vid kanten av ett vatten \u00f6sterut d\u00e4r j\u00e4rnet en g\u00e5ng f\u00e4rdats mellan hammare och hamn, badar i l\u00e5nggrunda sj\u00f6ar tillsammans med barnbarn som g\u00f6r v\u00e5ra sinnen yngre.<\/p>\n\n\n\n<p class=\"wp-block-paragraph\">Jag g\u00e5r med \u00e4ldre herrar i min barndoms trakter, g\u00e5rden som n\u00e4mns redan 1287 i skrifterna. Ser fj\u00e4rilar fladdra och \u00e4lven glittra. Hon, den hundrameterbreda.<br><br>Det \u00e4r ljuvliga sommardagar och jag t\u00e4nker p\u00e5 annat.<br>Ganska ofta t\u00e4nker jag p\u00e5 annat.<\/p>\n\n\n\n<p class=\"wp-block-paragraph\">Kriget.<br>Kriget.<\/p>\n\n\n\n<p class=\"has-light-blue-background-color has-background wp-block-paragraph\"><a href=\"https:\/\/sven-ove.nu\/\">Hem<\/a>\u00a0|\u00a0<a href=\"https:\/\/sven-ove.nu\/?page_id=170\">Om mig<\/a>\u00a0|\u00a0<a href=\"https:\/\/sven-ove.nu\/?page_id=1385\">Skriva &amp; prata<\/a>\u00a0|\u00a0<a href=\"https:\/\/sven-ove.nu\/?page_id=100\">Politik<\/a>\u00a0|\u00a0<a href=\"https:\/\/sven-ove.nu\/?page_id=102\">L\u00f6pa<\/a>\u00a0|\u00a0<a href=\"https:\/\/sven-ove.nu\/?page_id=108\">Viktor Root<\/a>\u00a0\u00a0<br><em>Inl\u00e4gg nr 2 364, (c) Sven-Ove Svensson (men dela g\u00e4rna<\/em>).<\/p>\n","protected":false},"excerpt":{"rendered":"<p>Det \u00e4r ljuvliga sommardagar. Vi vandrar vid V\u00e4rmlands sydspets, fikar vid kanten av ett vatten \u00f6sterut d\u00e4r j\u00e4rnet en g\u00e5ng f\u00e4rdats mellan hammare och hamn, badar i l\u00e5nggrunda sj\u00f6ar tillsammans med barnbarn som g\u00f6r v\u00e5ra sinnen yngre. Jag g\u00e5r med \u00e4ldre herrar i min barndoms trakter, g\u00e5rden som n\u00e4mns redan 1287 i skrifterna. Ser fj\u00e4rilar &hellip; <a href=\"https:\/\/sven-ove.nu\/?p=26681\" class=\"more-link\">Forts\u00e4tt l\u00e4sa <span class=\"screen-reader-text\">Ljuvliga dagar men jag gl\u00f6mmer inte<\/span><\/a><\/p>\n","protected":false},"author":1,"featured_media":0,"comment_status":"closed","ping_status":"open","sticky":false,"template":"","format":"standard","meta":{"_crdt_document":"","_monsterinsights_skip_tracking":false,"_monsterinsights_sitenote_active":false,"_monsterinsights_sitenote_note":"","_monsterinsights_sitenote_category":0,"footnotes":""},"categories":[10,6,9],"tags":[3,8,24,18,17],"class_list":["post-26681","post","type-post","status-publish","format-standard","hentry","category-familjen","category-natur","category-politik","tag-arbete","tag-historia","tag-karlek","tag-lardomar","tag-solidaritet"],"_links":{"self":[{"href":"https:\/\/sven-ove.nu\/index.php?rest_route=\/wp\/v2\/posts\/26681","targetHints":{"allow":["GET"]}}],"collection":[{"href":"https:\/\/sven-ove.nu\/index.php?rest_route=\/wp\/v2\/posts"}],"about":[{"href":"https:\/\/sven-ove.nu\/index.php?rest_route=\/wp\/v2\/types\/post"}],"author":[{"embeddable":true,"href":"https:\/\/sven-ove.nu\/index.php?rest_route=\/wp\/v2\/users\/1"}],"replies":[{"embeddable":true,"href":"https:\/\/sven-ove.nu\/index.php?rest_route=%2Fwp%2Fv2%2Fcomments&post=26681"}],"version-history":[{"count":1,"href":"https:\/\/sven-ove.nu\/index.php?rest_route=\/wp\/v2\/posts\/26681\/revisions"}],"predecessor-version":[{"id":26683,"href":"https:\/\/sven-ove.nu\/index.php?rest_route=\/wp\/v2\/posts\/26681\/revisions\/26683"}],"wp:attachment":[{"href":"https:\/\/sven-ove.nu\/index.php?rest_route=%2Fwp%2Fv2%2Fmedia&parent=26681"}],"wp:term":[{"taxonomy":"category","embeddable":true,"href":"https:\/\/sven-ove.nu\/index.php?rest_route=%2Fwp%2Fv2%2Fcategories&post=26681"},{"taxonomy":"post_tag","embeddable":true,"href":"https:\/\/sven-ove.nu\/index.php?rest_route=%2Fwp%2Fv2%2Ftags&post=26681"}],"curies":[{"name":"wp","href":"https:\/\/api.w.org\/{rel}","templated":true}]}}