{"id":26731,"date":"2024-07-14T09:35:24","date_gmt":"2024-07-14T08:35:24","guid":{"rendered":"https:\/\/sven-ove.nu\/?p=26731"},"modified":"2024-07-14T15:53:23","modified_gmt":"2024-07-14T14:53:23","slug":"hal-i-orat","status":"publish","type":"post","link":"https:\/\/sven-ove.nu\/?p=26731","title":{"rendered":"H\u00e5l i \u00f6rat"},"content":{"rendered":"\n<figure class=\"wp-block-image size-large\"><a href=\"https:\/\/sven-ove.nu\/wp-content\/uploads\/2024\/07\/Skarmavbild-2024-07-14-kl.-10.33.27.png\"><img loading=\"lazy\" decoding=\"async\" width=\"1024\" height=\"711\" src=\"https:\/\/sven-ove.nu\/wp-content\/uploads\/2024\/07\/Skarmavbild-2024-07-14-kl.-10.33.27-1024x711.png\" alt=\"\" class=\"wp-image-26732\" srcset=\"https:\/\/sven-ove.nu\/wp-content\/uploads\/2024\/07\/Skarmavbild-2024-07-14-kl.-10.33.27-1024x711.png 1024w, https:\/\/sven-ove.nu\/wp-content\/uploads\/2024\/07\/Skarmavbild-2024-07-14-kl.-10.33.27-300x208.png 300w, https:\/\/sven-ove.nu\/wp-content\/uploads\/2024\/07\/Skarmavbild-2024-07-14-kl.-10.33.27-768x533.png 768w, https:\/\/sven-ove.nu\/wp-content\/uploads\/2024\/07\/Skarmavbild-2024-07-14-kl.-10.33.27.png 1100w\" sizes=\"auto, (max-width: 1024px) 100vw, 1024px\" \/><\/a><\/figure>\n\n\n\n<p class=\"has-text-align-right wp-block-paragraph\"><em>Mitt inl\u00e4gg p\u00e5 Facebook efter att n\u00e5gon skjutit <\/em><br><em>mot Donald Trump <\/em><em>vid ett valm\u00f6te i USA.<\/em><\/p>\n\n\n\n<p class=\"has-light-gray-background-color has-background wp-block-paragraph\"><a href=\"https:\/\/sven-ove.nu\/\">Hem<\/a>&nbsp;|&nbsp;<a href=\"https:\/\/sven-ove.nu\/?page_id=170\">Om mig<\/a>&nbsp;|&nbsp;<a href=\"https:\/\/sven-ove.nu\/?page_id=1385\">Skriva &amp; prata<\/a>&nbsp;|&nbsp;<a href=\"https:\/\/sven-ove.nu\/?page_id=100\">Politik<\/a>&nbsp;|&nbsp;<a href=\"https:\/\/sven-ove.nu\/?page_id=102\">L\u00f6pa<\/a>&nbsp;|&nbsp;<a href=\"https:\/\/sven-ove.nu\/?page_id=108\">Viktor Root<\/a>&nbsp;&nbsp;<br><em>Inl\u00e4gg nr 2 367, (c) Sven-Ove Svensson (men dela g\u00e4rna<\/em>).<\/p>\n","protected":false},"excerpt":{"rendered":"<p>Mitt inl\u00e4gg p\u00e5 Facebook efter att n\u00e5gon skjutit mot Donald Trump vid ett valm\u00f6te i USA. Hem&nbsp;|&nbsp;Om mig&nbsp;|&nbsp;Skriva &amp; prata&nbsp;|&nbsp;Politik&nbsp;|&nbsp;L\u00f6pa&nbsp;|&nbsp;Viktor Root&nbsp;&nbsp;Inl\u00e4gg nr 2 367, (c) Sven-Ove Svensson (men dela g\u00e4rna).<\/p>\n","protected":false},"author":1,"featured_media":0,"comment_status":"closed","ping_status":"open","sticky":false,"template":"","format":"standard","meta":{"_crdt_document":"","_monsterinsights_skip_tracking":false,"_monsterinsights_sitenote_active":false,"_monsterinsights_sitenote_note":"","_monsterinsights_sitenote_category":0,"footnotes":""},"categories":[33,9],"tags":[16],"class_list":["post-26731","post","type-post","status-publish","format-standard","hentry","category-extrasak","category-politik","tag-dumheter"],"_links":{"self":[{"href":"https:\/\/sven-ove.nu\/index.php?rest_route=\/wp\/v2\/posts\/26731","targetHints":{"allow":["GET"]}}],"collection":[{"href":"https:\/\/sven-ove.nu\/index.php?rest_route=\/wp\/v2\/posts"}],"about":[{"href":"https:\/\/sven-ove.nu\/index.php?rest_route=\/wp\/v2\/types\/post"}],"author":[{"embeddable":true,"href":"https:\/\/sven-ove.nu\/index.php?rest_route=\/wp\/v2\/users\/1"}],"replies":[{"embeddable":true,"href":"https:\/\/sven-ove.nu\/index.php?rest_route=%2Fwp%2Fv2%2Fcomments&post=26731"}],"version-history":[{"count":4,"href":"https:\/\/sven-ove.nu\/index.php?rest_route=\/wp\/v2\/posts\/26731\/revisions"}],"predecessor-version":[{"id":26737,"href":"https:\/\/sven-ove.nu\/index.php?rest_route=\/wp\/v2\/posts\/26731\/revisions\/26737"}],"wp:attachment":[{"href":"https:\/\/sven-ove.nu\/index.php?rest_route=%2Fwp%2Fv2%2Fmedia&parent=26731"}],"wp:term":[{"taxonomy":"category","embeddable":true,"href":"https:\/\/sven-ove.nu\/index.php?rest_route=%2Fwp%2Fv2%2Fcategories&post=26731"},{"taxonomy":"post_tag","embeddable":true,"href":"https:\/\/sven-ove.nu\/index.php?rest_route=%2Fwp%2Fv2%2Ftags&post=26731"}],"curies":[{"name":"wp","href":"https:\/\/api.w.org\/{rel}","templated":true}]}}